{"id":153152,"date":"2025-03-25T19:22:36","date_gmt":"2025-03-26T01:22:36","guid":{"rendered":"https:\/\/www.uv.mx\/prensa\/?p=153152"},"modified":"2025-03-25T19:22:36","modified_gmt":"2025-03-26T01:22:36","slug":"ott-uv-difunde-la-relevancia-de-la-proteccion-intelectual","status":"publish","type":"post","link":"https:\/\/www.uv.mx\/prensa\/general\/ott-uv-difunde-la-relevancia-de-la-proteccion-intelectual\/","title":{"rendered":"OTT-UV difunde la relevancia de la protecci\u00f3n intelectual"},"content":{"rendered":"<ul>\n<li data-leveltext=\"\uf0b7\" data-font=\"Symbol\" data-listid=\"1\" data-list-defn-props=\"{&quot;335552541&quot;:1,&quot;335559685&quot;:720,&quot;335559991&quot;:360,&quot;469769226&quot;:&quot;Symbol&quot;,&quot;469769242&quot;:[8226],&quot;469777803&quot;:&quot;left&quot;,&quot;469777804&quot;:&quot;\uf0b7&quot;,&quot;469777815&quot;:&quot;hybridMultilevel&quot;}\" data-aria-posinset=\"1\" data-aria-level=\"1\"><i><span data-contrast=\"auto\">Jos\u00e9 Enrique Vargas, del IMPI, dict\u00f3 la pl\u00e1tica \u201cProtecci\u00f3n de dise\u00f1os industriales\u201d<\/span><\/i><span data-ccp-props=\"{&quot;201341983&quot;:0,&quot;335559739&quot;:0,&quot;335559740&quot;:240}\">\u00a0<\/span><\/li>\n<\/ul>\n<ul>\n<li data-leveltext=\"\uf0b7\" data-font=\"Symbol\" data-listid=\"1\" data-list-defn-props=\"{&quot;335552541&quot;:1,&quot;335559685&quot;:720,&quot;335559991&quot;:360,&quot;469769226&quot;:&quot;Symbol&quot;,&quot;469769242&quot;:[8226],&quot;469777803&quot;:&quot;left&quot;,&quot;469777804&quot;:&quot;\uf0b7&quot;,&quot;469777815&quot;:&quot;hybridMultilevel&quot;}\" data-aria-posinset=\"2\" data-aria-level=\"1\"><i><span data-contrast=\"auto\">Permite a los creadores ser los \u00fanicos autorizados para su explotaci\u00f3n comercial por un periodo determinado<\/span><\/i><span data-ccp-props=\"{&quot;201341983&quot;:0,&quot;335559739&quot;:0,&quot;335559740&quot;:240}\">\u00a0<\/span><\/li>\n<\/ul>\n<p><span data-ccp-props=\"{&quot;201341983&quot;:0,&quot;335559739&quot;:0,&quot;335559740&quot;:240}\">\u00a0<\/span><\/p>\n<div id=\"attachment_153111\" style=\"width: 732px\" class=\"wp-caption aligncenter\"><img loading=\"lazy\" decoding=\"async\" aria-describedby=\"caption-attachment-153111\" class=\"size-full wp-image-153111\" src=\"https:\/\/www.uv.mx\/prensa\/files\/2025\/03\/240325-PAOLA-Disenos-industriales-1.jpg\" alt=\"\" width=\"722\" height=\"406\" srcset=\"https:\/\/www.uv.mx\/prensa\/files\/2025\/03\/240325-PAOLA-Disenos-industriales-1.jpg 722w, https:\/\/www.uv.mx\/prensa\/files\/2025\/03\/240325-PAOLA-Disenos-industriales-1-300x169.jpg 300w\" sizes=\"auto, (max-width: 722px) 100vw, 722px\" \/><p id=\"caption-attachment-153111\" class=\"wp-caption-text\">Jos\u00e9 Enrique Vargas dict\u00f3 charla sobre protecci\u00f3n de dise\u00f1os industriales<\/p><\/div>\n<p>&nbsp;<\/p>\n<p><b><i><span data-contrast=\"auto\">Texto y fotos: Paola Cort\u00e9s P\u00e9rez<\/span><\/i><\/b><span data-ccp-props=\"{&quot;201341983&quot;:0,&quot;335559739&quot;:0,&quot;335559740&quot;:240}\">\u00a0<\/span><\/p>\n<p><b><i><span data-contrast=\"auto\">25\/03\/2025, Xalapa, Ver.-<\/span><\/i><\/b><span data-contrast=\"auto\"> Jos\u00e9 Enrique Vargas Rold\u00e1n, del Instituto Mexicano de la Propiedad Industrial (IMPI), destac\u00f3 la importancia de proteger los aspectos ornamentales de los productos, diferenciando entre dibujos y modelos industriales, durante la conferencia \u201cProtecci\u00f3n de dise\u00f1os industriales\u201d.<\/span><span data-ccp-props=\"{&quot;201341983&quot;:0,&quot;335559739&quot;:0,&quot;335559740&quot;:240}\">\u00a0<\/span><\/p>\n<p><span data-contrast=\"auto\">Lo anterior como parte del ciclo de conferencias \u201cHablemos de protecci\u00f3n intelectual\u201d Jornada 2025, organizado por la Oficina de Transferencia de Tecnolog\u00eda (OTT) de la Universidad Veracruzana (UV), con el objetivo de introducir y sensibilizar a la comunidad universitaria y al p\u00fablico en general sobre temas relacionados con la protecci\u00f3n intelectual.<\/span><\/p>\n<p>&nbsp;<\/p>\n<div id=\"attachment_153110\" style=\"width: 732px\" class=\"wp-caption aligncenter\"><img loading=\"lazy\" decoding=\"async\" aria-describedby=\"caption-attachment-153110\" class=\"size-full wp-image-153110\" src=\"https:\/\/www.uv.mx\/prensa\/files\/2025\/03\/240325-PAOLA-Disenos-industriales-2.jpg\" alt=\"\" width=\"722\" height=\"406\" srcset=\"https:\/\/www.uv.mx\/prensa\/files\/2025\/03\/240325-PAOLA-Disenos-industriales-2.jpg 722w, https:\/\/www.uv.mx\/prensa\/files\/2025\/03\/240325-PAOLA-Disenos-industriales-2-300x169.jpg 300w\" sizes=\"auto, (max-width: 722px) 100vw, 722px\" \/><p id=\"caption-attachment-153110\" class=\"wp-caption-text\">Habl\u00f3 a los participantes sobre la diferencia entre dibujos y modelos industriales<\/p><\/div>\n<p><span data-ccp-props=\"{&quot;201341983&quot;:0,&quot;335559731&quot;:708,&quot;335559739&quot;:0,&quot;335559740&quot;:240}\">\u00a0<\/span><\/p>\n<p><span data-contrast=\"auto\">Explic\u00f3 que los dise\u00f1os industriales abarcan dibujos bidimensionales, estampados en textiles o papel tapiz, hasta modelos tridimensionales, como envases de perfumes o mobiliario con formas distintivas. Su protecci\u00f3n permite a los creadores ser los \u00fanicos autorizados para su explotaci\u00f3n comercial por un periodo determinado, lo que brinda ventajas competitivas en el mercado.<\/span><span data-ccp-props=\"{&quot;201341983&quot;:0,&quot;335559731&quot;:708,&quot;335559739&quot;:0,&quot;335559740&quot;:240}\">\u00a0<\/span><\/p>\n<p><span data-contrast=\"auto\">Con respecto al proceso de registro en el IMPI, mencion\u00f3 que inicia con la presentaci\u00f3n de la solicitud y pasa por ex\u00e1menes de forma y fondo antes de su publicaci\u00f3n en la Gaceta Oficial. Asimismo, resalt\u00f3 la importancia de realizar b\u00fasquedas previas para garantizar la originalidad del dise\u00f1o y evitar conflictos legales.<\/span><span data-ccp-props=\"{&quot;201341983&quot;:0,&quot;335559731&quot;:708,&quot;335559739&quot;:0,&quot;335559740&quot;:240}\">\u00a0<\/span><\/p>\n<p><span data-contrast=\"auto\">Registrar un dise\u00f1o industrial es fundamental para asegurar la exclusividad de su explotaci\u00f3n comercial y evitar que terceros lo utilicen sin autorizaci\u00f3n. Adem\u00e1s, otorga un derecho legalmente reconocido que permite a los titulares emprender acciones legales en caso de uso no autorizado.<\/span><\/p>\n<p>&nbsp;<\/p>\n<div id=\"attachment_153112\" style=\"width: 732px\" class=\"wp-caption aligncenter\"><img loading=\"lazy\" decoding=\"async\" aria-describedby=\"caption-attachment-153112\" class=\"size-full wp-image-153112\" src=\"https:\/\/www.uv.mx\/prensa\/files\/2025\/03\/240325-PAOLA-Disenos-industriales-3.jpg\" alt=\"\" width=\"722\" height=\"406\" srcset=\"https:\/\/www.uv.mx\/prensa\/files\/2025\/03\/240325-PAOLA-Disenos-industriales-3.jpg 722w, https:\/\/www.uv.mx\/prensa\/files\/2025\/03\/240325-PAOLA-Disenos-industriales-3-300x169.jpg 300w\" sizes=\"auto, (max-width: 722px) 100vw, 722px\" \/><p id=\"caption-attachment-153112\" class=\"wp-caption-text\">Detall\u00f3 el proceso de registro ante el IMPI<\/p><\/div>\n<p><span data-ccp-props=\"{&quot;201341983&quot;:0,&quot;335559731&quot;:708,&quot;335559739&quot;:0,&quot;335559740&quot;:240}\">\u00a0<\/span><\/p>\n<p><span data-contrast=\"auto\">Jos\u00e9 Enrique Vargas<\/span> <span data-contrast=\"auto\">coment\u00f3 que la protecci\u00f3n tambi\u00e9n agrega valor a los productos, fortaleciendo la identidad de marca y fomentando la innovaci\u00f3n en el sector industrial.<\/span><span data-ccp-props=\"{&quot;201341983&quot;:0,&quot;335559731&quot;:708,&quot;335559739&quot;:0,&quot;335559740&quot;:240}\">\u00a0<\/span><\/p>\n<p><span data-contrast=\"auto\">Algunos de los beneficios que tiene el IMPI son descuentos del 50 % en tarifas para inventores independientes, microempresas e instituciones educativas. Invit\u00f3 a los interesados a utilizar las herramientas digitales del Instituto para consultas y gesti\u00f3n de tr\u00e1mites.<\/span><span data-ccp-props=\"{&quot;201341983&quot;:0,&quot;335559731&quot;:708,&quot;335559739&quot;:0,&quot;335559740&quot;:240}\">\u00a0<\/span><\/p>\n<p><span data-contrast=\"auto\">Por \u00faltimo, advirti\u00f3 sobre la necesidad de evitar la divulgaci\u00f3n prematura de los dise\u00f1os antes de su registro, ya que esto podr\u00eda afectar su validez legal.<\/span><\/p>\n","protected":false},"excerpt":{"rendered":"<p>Los dise\u00f1os industriales abarcan dibujos bidimensionales, estampados en textiles o papel tapiz, hasta modelos tridimensionales<\/p>\n","protected":false},"author":1869,"featured_media":153109,"comment_status":"closed","ping_status":"closed","sticky":false,"template":"","format":"standard","meta":{"footnotes":""},"categories":[1,61],"tags":[22774,22773,22777,22779,6810,22772,22778,22775,4164,22776],"class_list":["post-153152","post","type-post","status-publish","format-standard","has-post-thumbnail","hentry","category-general","category-banner","tag-hablemos-de-proteccion-intelectual","tag-proteccion-de-disenos-industriales","tag-dibujos-bidimensionales","tag-gaceta-oficial","tag-instituto-mexicano-de-la-propiedad-industrial-impi","tag-jose-enrique-vargas-roldan","tag-modelos-tridimensionales","tag-oficina-de-transferencia-de-tecnologia-ott-de-la-universidad-veracruzana-uv","tag-paola-cortes-perez","tag-proteccion-intelectual"],"_links":{"self":[{"href":"https:\/\/www.uv.mx\/prensa\/wp-json\/wp\/v2\/posts\/153152","targetHints":{"allow":["GET"]}}],"collection":[{"href":"https:\/\/www.uv.mx\/prensa\/wp-json\/wp\/v2\/posts"}],"about":[{"href":"https:\/\/www.uv.mx\/prensa\/wp-json\/wp\/v2\/types\/post"}],"author":[{"embeddable":true,"href":"https:\/\/www.uv.mx\/prensa\/wp-json\/wp\/v2\/users\/1869"}],"replies":[{"embeddable":true,"href":"https:\/\/www.uv.mx\/prensa\/wp-json\/wp\/v2\/comments?post=153152"}],"version-history":[{"count":1,"href":"https:\/\/www.uv.mx\/prensa\/wp-json\/wp\/v2\/posts\/153152\/revisions"}],"predecessor-version":[{"id":153175,"href":"https:\/\/www.uv.mx\/prensa\/wp-json\/wp\/v2\/posts\/153152\/revisions\/153175"}],"wp:featuredmedia":[{"embeddable":true,"href":"https:\/\/www.uv.mx\/prensa\/wp-json\/wp\/v2\/media\/153109"}],"wp:attachment":[{"href":"https:\/\/www.uv.mx\/prensa\/wp-json\/wp\/v2\/media?parent=153152"}],"wp:term":[{"taxonomy":"category","embeddable":true,"href":"https:\/\/www.uv.mx\/prensa\/wp-json\/wp\/v2\/categories?post=153152"},{"taxonomy":"post_tag","embeddable":true,"href":"https:\/\/www.uv.mx\/prensa\/wp-json\/wp\/v2\/tags?post=153152"}],"curies":[{"name":"wp","href":"https:\/\/api.w.org\/{rel}","templated":true}]}}