{"id":152972,"date":"2025-03-20T20:48:41","date_gmt":"2025-03-21T02:48:41","guid":{"rendered":"https:\/\/www.uv.mx\/prensa\/?p=152972"},"modified":"2025-03-21T12:32:12","modified_gmt":"2025-03-21T18:32:12","slug":"uv-realiza-encuentro-internacional-para-docentes-en-lenguas-extranjeras","status":"publish","type":"post","link":"https:\/\/www.uv.mx\/prensa\/general\/uv-realiza-encuentro-internacional-para-docentes-en-lenguas-extranjeras\/","title":{"rendered":"UV realiza encuentro internacional para docentes en lenguas extranjeras"},"content":{"rendered":"<ul>\n<li data-leveltext=\"\uf0b7\" data-font=\"Symbol\" data-listid=\"3\" data-list-defn-props=\"{&quot;335552541&quot;:1,&quot;335559685&quot;:720,&quot;335559991&quot;:360,&quot;469769226&quot;:&quot;Symbol&quot;,&quot;469769242&quot;:[8226],&quot;469777803&quot;:&quot;left&quot;,&quot;469777804&quot;:&quot;\uf0b7&quot;,&quot;469777815&quot;:&quot;hybridMultilevel&quot;}\" data-aria-posinset=\"1\" data-aria-level=\"1\"><i><span data-contrast=\"auto\">Los d\u00edas 20 y 21 de marzo, con ponencias, talleres y presentaciones de libros en la USBI<\/span><\/i><span data-ccp-props=\"{&quot;134233117&quot;:false,&quot;134233118&quot;:false,&quot;201341983&quot;:0,&quot;335559738&quot;:0,&quot;335559739&quot;:0,&quot;335559740&quot;:240}\">\u00a0<\/span><\/li>\n<\/ul>\n<ul>\n<li data-leveltext=\"\uf0b7\" data-font=\"Symbol\" data-listid=\"3\" data-list-defn-props=\"{&quot;335552541&quot;:1,&quot;335559685&quot;:720,&quot;335559991&quot;:360,&quot;469769226&quot;:&quot;Symbol&quot;,&quot;469769242&quot;:[8226],&quot;469777803&quot;:&quot;left&quot;,&quot;469777804&quot;:&quot;\uf0b7&quot;,&quot;469777815&quot;:&quot;hybridMultilevel&quot;}\" data-aria-posinset=\"2\" data-aria-level=\"1\"><i><span data-contrast=\"auto\">La conferencia inaugural fue impartida por Claude Germain, profesor em\u00e9rito de la Universidad de Quebec en Montreal<\/span><\/i><span data-ccp-props=\"{&quot;134233117&quot;:false,&quot;134233118&quot;:false,&quot;201341983&quot;:0,&quot;335559738&quot;:0,&quot;335559739&quot;:0,&quot;335559740&quot;:240}\">\u00a0<\/span><\/li>\n<\/ul>\n<p><span data-ccp-props=\"{&quot;134233117&quot;:false,&quot;134233118&quot;:false,&quot;201341983&quot;:0,&quot;335559738&quot;:0,&quot;335559739&quot;:0,&quot;335559740&quot;:240}\">\u00a0<\/span><\/p>\n<div id=\"attachment_152955\" style=\"width: 732px\" class=\"wp-caption aligncenter\"><img aria-describedby=\"caption-attachment-152955\" decoding=\"async\" loading=\"lazy\" class=\"size-full wp-image-152955\" src=\"https:\/\/www.uv.mx\/prensa\/files\/2025\/03\/200325-DAVID-Encuentro-docentes-lenguas-extranjeras-1-100k.jpg\" alt=\"La UV aloja el \u201cEncuentro internacional de docentes de lenguas extranjeras 2025\u201d \" width=\"722\" height=\"482\" srcset=\"https:\/\/www.uv.mx\/prensa\/files\/2025\/03\/200325-DAVID-Encuentro-docentes-lenguas-extranjeras-1-100k.jpg 722w, https:\/\/www.uv.mx\/prensa\/files\/2025\/03\/200325-DAVID-Encuentro-docentes-lenguas-extranjeras-1-100k-300x200.jpg 300w\" sizes=\"(max-width: 722px) 100vw, 722px\" \/><p id=\"caption-attachment-152955\" class=\"wp-caption-text\">La UV aloja el \u201cEncuentro internacional de docentes de lenguas extranjeras 2025\u201d<\/p><\/div>\n<p>&nbsp;<\/p>\n<p><b><i><span data-contrast=\"auto\">David Sandoval Rodr\u00edguez<\/span><\/i><\/b><span data-ccp-props=\"{&quot;134233117&quot;:false,&quot;134233118&quot;:false,&quot;201341983&quot;:0,&quot;335559738&quot;:0,&quot;335559739&quot;:0,&quot;335559740&quot;:240}\">\u00a0<\/span><\/p>\n<p><b><i><span data-contrast=\"auto\">Fotos: C\u00e9sar Pisil Ramos<\/span><\/i><\/b><\/p>\n<p><b><i><span data-contrast=\"auto\">20\/03\/2025, Xalapa, Ver.-<\/span><\/i><\/b><span data-contrast=\"auto\"> La Universidad Veracruzana (UV) es sede del \u201cEncuentro internacional de docentes de lenguas extranjeras 2025\u201d que convoca, de manera virtual y presencial, a m\u00e1s de 400 asistentes de distintos pa\u00edses durante los d\u00edas 20 y 21 de marzo, en los que se impartir\u00e1n ponencias magistrales, talleres y presentaciones de libros.<\/span><span data-ccp-props=\"{&quot;134233117&quot;:false,&quot;134233118&quot;:false,&quot;201341983&quot;:0,&quot;335559738&quot;:0,&quot;335559739&quot;:0,&quot;335559740&quot;:240}\">\u00a0<\/span><\/p>\n<p><span data-contrast=\"auto\">En la sala de videoconferencias de la Unidad de Servicios Bibliotecarios y de Informaci\u00f3n (USBI), Mario Oliva Su\u00e1rez, titular de la Direcci\u00f3n General de Relaciones Internacionales (DGRI) de la UV, inaugur\u00f3 formalmente el encuentro y en su mensaje destac\u00f3 que la Escuela para Estudiantes Extranjeros (EEE) fue la primera instituci\u00f3n de su tipo, fundada por esta casa de estudios en 1957.<\/span><span data-ccp-props=\"{&quot;134233117&quot;:false,&quot;134233118&quot;:false,&quot;201341983&quot;:0,&quot;335559731&quot;:705,&quot;335559738&quot;:0,&quot;335559739&quot;:0,&quot;335559740&quot;:240}\">\u00a0<\/span><\/p>\n<p><span data-contrast=\"auto\">\u201cDesde su fundaci\u00f3n se ha distinguido por la actualizaci\u00f3n continua de los m\u00e9todos y enfoques que ha utilizado para la ense\u00f1anza de espa\u00f1ol y ha sido proactiva en la elaboraci\u00f3n de sus propios materiales para la ense\u00f1anza, prueba de ello son las diferentes gu\u00edas pedag\u00f3gicas y series de libros para la ense\u00f1anza del espa\u00f1ol que han sido implementados.\u201d<\/span><span data-ccp-props=\"{&quot;134233117&quot;:false,&quot;134233118&quot;:false,&quot;201341983&quot;:0,&quot;335559731&quot;:705,&quot;335559738&quot;:0,&quot;335559739&quot;:0,&quot;335559740&quot;:240}\">\u00a0<\/span><\/p>\n<p><span data-contrast=\"auto\">Esto es resultado, dijo, de una continua capacitaci\u00f3n y actualizaci\u00f3n docente que incorpora la implementaci\u00f3n de diferentes m\u00e9todos.<\/span><span data-ccp-props=\"{&quot;134233117&quot;:false,&quot;134233118&quot;:false,&quot;201341983&quot;:0,&quot;335559731&quot;:705,&quot;335559738&quot;:0,&quot;335559739&quot;:0,&quot;335559740&quot;:240}\">\u00a0<\/span><\/p>\n<p><span data-contrast=\"auto\">Explic\u00f3 que durante estos dos d\u00edas \u201ccontaremos con la distinguida presencia de destacados especialistas del contexto nacional e internacional, quienes abordar\u00e1n temas de actualidad como los aportes de las ciencias cognitivas a la did\u00e1ctica de las lenguas extranjeras, la didactolog\u00eda y la inteligencia artificial aplicada\u201d.<\/span><\/p>\n<div id=\"attachment_152956\" style=\"width: 732px\" class=\"wp-caption aligncenter\"><img aria-describedby=\"caption-attachment-152956\" decoding=\"async\" loading=\"lazy\" class=\"size-full wp-image-152956\" src=\"https:\/\/www.uv.mx\/prensa\/files\/2025\/03\/200325-DAVID-Encuentro-docentes-lenguas-extranjeras-2-100k.jpg\" alt=\"Mario Oliva, titular de la DGRI, dio la bienvenida oficial a las y los participantes del encuentro \" width=\"722\" height=\"403\" srcset=\"https:\/\/www.uv.mx\/prensa\/files\/2025\/03\/200325-DAVID-Encuentro-docentes-lenguas-extranjeras-2-100k.jpg 722w, https:\/\/www.uv.mx\/prensa\/files\/2025\/03\/200325-DAVID-Encuentro-docentes-lenguas-extranjeras-2-100k-300x167.jpg 300w\" sizes=\"(max-width: 722px) 100vw, 722px\" \/><p id=\"caption-attachment-152956\" class=\"wp-caption-text\">Mario Oliva, titular de la DGRI, dio la bienvenida oficial a las y los participantes del encuentro<\/p><\/div>\n<p>&nbsp;<\/p>\n<p><span data-contrast=\"auto\">Al darles la bienvenida a los asistentes, Celia Cristina Contreras Asturias, acad\u00e9mica y directora de la EEE, manifest\u00f3 que este encuentro formativo tambi\u00e9n es un espacio de di\u00e1logo y de socializaci\u00f3n; \u201ctiene lugar en momentos importantes y trascendentes para nuestra disciplina, la did\u00e1ctica de las lenguas extranjeras, porque desde su origen ha sido una disciplina h\u00edbrida que integra varias de las \u00e1reas de ciencias del lenguaje, ciencias psicol\u00f3gicas, ciencias de la educaci\u00f3n, ciencias sociales, humanas y ciencias de la comunicaci\u00f3n\u201d.<\/span><span data-ccp-props=\"{&quot;134233117&quot;:false,&quot;134233118&quot;:false,&quot;201341983&quot;:0,&quot;335559731&quot;:705,&quot;335559738&quot;:0,&quot;335559739&quot;:0,&quot;335559740&quot;:240}\">\u00a0<\/span><\/p>\n<p><span data-contrast=\"auto\">Reconoci\u00f3 que el enfoque neuroling\u00fc\u00edstico para la ense\u00f1anza de las lenguas segundas y de las lenguas extranjeras tiene auge en otros pa\u00edses y surge del ejercicio de la neurodid\u00e1ctica en diferentes contextos.<\/span><span data-ccp-props=\"{&quot;134233117&quot;:false,&quot;134233118&quot;:false,&quot;201341983&quot;:0,&quot;335559731&quot;:705,&quot;335559738&quot;:0,&quot;335559739&quot;:0,&quot;335559740&quot;:240}\">\u00a0<\/span><\/p>\n<p><span data-contrast=\"auto\">Por tal motivo, en este evento se han programado actividades que retoman conceptos como las neurociencias, la neuroeducaci\u00f3n, la neuroling\u00fc\u00edstica, la inteligencia artificial (IA) y los recursos digitales.<\/span><span data-ccp-props=\"{&quot;134233117&quot;:false,&quot;134233118&quot;:false,&quot;201341983&quot;:0,&quot;335559731&quot;:705,&quot;335559738&quot;:0,&quot;335559739&quot;:0,&quot;335559740&quot;:240}\">\u00a0<\/span><\/p>\n<p><span data-contrast=\"auto\">\u201cDeseamos que sea una gran oportunidad para apropiarnos de nuevos conocimientos y reflexionar tambi\u00e9n sobre nuestro desempe\u00f1o profesional y nuestra responsabilidad social\u201d, finaliz\u00f3 Contreras Asturias.<\/span><\/p>\n<div id=\"attachment_152957\" style=\"width: 732px\" class=\"wp-caption aligncenter\"><img aria-describedby=\"caption-attachment-152957\" decoding=\"async\" loading=\"lazy\" class=\"size-full wp-image-152957\" src=\"https:\/\/www.uv.mx\/prensa\/files\/2025\/03\/200325-DAVID-Encuentro-docentes-lenguas-extranjeras-3-100k.jpg\" alt=\"Celia Contreras, directora de la EEE, destac\u00f3 que en este espacio se abordar\u00e1n las neurociencias y la neuroling\u00fc\u00edstica \" width=\"722\" height=\"482\" srcset=\"https:\/\/www.uv.mx\/prensa\/files\/2025\/03\/200325-DAVID-Encuentro-docentes-lenguas-extranjeras-3-100k.jpg 722w, https:\/\/www.uv.mx\/prensa\/files\/2025\/03\/200325-DAVID-Encuentro-docentes-lenguas-extranjeras-3-100k-300x200.jpg 300w\" sizes=\"(max-width: 722px) 100vw, 722px\" \/><p id=\"caption-attachment-152957\" class=\"wp-caption-text\">Celia Contreras, directora de la EEE, destac\u00f3 que en este espacio se abordar\u00e1n las neurociencias y la neuroling\u00fc\u00edstica<\/p><\/div>\n<p>&nbsp;<\/p>\n<p><span data-contrast=\"auto\">Por su parte, Raymundo Arcos Hern\u00e1ndez, director de la Facultad de Idiomas, se dirigi\u00f3 a los estudiantes y declar\u00f3: \u201cSi\u00e9ntanse afortunados de tener la oportunidad de participar en este encuentro en el cual nos reuniremos alrededor de la didactolog\u00eda, la did\u00e1ctica de lenguas, los retos de la IA y la presentaci\u00f3n de la Asociaci\u00f3n Mexicana de Docencia e Investigaci\u00f3n en el \u00e1rea de Franc\u00e9s (AMDIF)\u201d.<\/span><span data-ccp-props=\"{&quot;134233117&quot;:false,&quot;134233118&quot;:false,&quot;201341983&quot;:0,&quot;335559731&quot;:705,&quot;335559738&quot;:0,&quot;335559739&quot;:0,&quot;335559740&quot;:240}\">\u00a0<\/span><\/p>\n<p><span data-contrast=\"auto\">Luego del acto inaugural, se efectu\u00f3 la conferencia magistral \u201cAlgunas orientaciones para el desarrollo de la did\u00e1ctica de las lenguas\u201d, que imparti\u00f3 Claude Germain, profesor em\u00e9rito de la Universidad de Quebec en Montreal (UQAM), Canad\u00e1, con 50 a\u00f1os de trayectoria en la ense\u00f1anza de las lenguas.<\/span><span data-ccp-props=\"{&quot;134233117&quot;:false,&quot;134233118&quot;:false,&quot;201341983&quot;:0,&quot;335559731&quot;:705,&quot;335559738&quot;:0,&quot;335559739&quot;:0,&quot;335559740&quot;:240}\">\u00a0<\/span><\/p>\n<p><span data-contrast=\"auto\">\u201cMi premisa fundamental sobre esta cuesti\u00f3n compleja es que\u00a0<\/span><span data-contrast=\"auto\">la ense\u00f1anza de una lengua debe estar subordinada a su modo de aprendizaje\u201d, advirti\u00f3 al inicio de su pl\u00e1tica y luego de agradecer la presentaci\u00f3n por parte de la directora de la EEE.<\/span><span data-ccp-props=\"{&quot;134233117&quot;:false,&quot;134233118&quot;:false,&quot;201341983&quot;:0,&quot;335559738&quot;:0,&quot;335559739&quot;:0,&quot;335559740&quot;:240}\">\u00a0<\/span><\/p>\n<p><span data-contrast=\"auto\">Claude Germain recalc\u00f3: \u201cPara m\u00ed, el aprendizaje de una lengua no es solamente un problema ling\u00fc\u00edstico, sino en principio y ante todo es un problema de apropiaci\u00f3n, es decir, un doble proceso: uno de apropiaci\u00f3n, no consciente, y otro de aprendizaje, consciente\u201d.<\/span><\/p>\n<div id=\"attachment_152958\" style=\"width: 732px\" class=\"wp-caption aligncenter\"><img aria-describedby=\"caption-attachment-152958\" decoding=\"async\" loading=\"lazy\" class=\"size-full wp-image-152958\" src=\"https:\/\/www.uv.mx\/prensa\/files\/2025\/03\/200325-DAVID-Encuentro-docentes-lenguas-extranjeras-4-100k.jpg\" alt=\"Claude Germain, acad\u00e9mico em\u00e9rito de la UQAM, habl\u00f3 de la distinci\u00f3n entre aprendizaje y ense\u00f1anza \" width=\"722\" height=\"482\" srcset=\"https:\/\/www.uv.mx\/prensa\/files\/2025\/03\/200325-DAVID-Encuentro-docentes-lenguas-extranjeras-4-100k.jpg 722w, https:\/\/www.uv.mx\/prensa\/files\/2025\/03\/200325-DAVID-Encuentro-docentes-lenguas-extranjeras-4-100k-300x200.jpg 300w\" sizes=\"(max-width: 722px) 100vw, 722px\" \/><p id=\"caption-attachment-152958\" class=\"wp-caption-text\">Claude Germain, acad\u00e9mico em\u00e9rito de la UQAM, habl\u00f3 de la distinci\u00f3n entre aprendizaje y ense\u00f1anza<\/p><\/div>\n<p>&nbsp;<\/p>\n<p><span data-contrast=\"auto\">Refiri\u00f3 que no somos conscientes de nuestros mecanismos de adquisici\u00f3n o de uso de nuestra lengua; por ejemplo, no somos conscientes de la posici\u00f3n de los labios o de la lengua, sin embargo, podemos ser conscientes de nuestras estrategias de aprendizaje al darnos cuenta de que aprendemos mejor consultando un diccionario, preguntando a un colega o a un amigo; por lo tanto, actividades y t\u00e9cnicas pueden ser aprendidas e igualmente replicadas y ense\u00f1adas.<\/span><span data-ccp-props=\"{&quot;134233117&quot;:false,&quot;134233118&quot;:false,&quot;201341983&quot;:0,&quot;335559731&quot;:705,&quot;335559738&quot;:0,&quot;335559739&quot;:0,&quot;335559740&quot;:240}\">\u00a0<\/span><\/p>\n<p><span data-contrast=\"auto\">Su definici\u00f3n de ense\u00f1ar \u2013explic\u00f3\u2013 no es compartir informaci\u00f3n, sino crear las condiciones m\u00e1s favorables, con la ayuda de actividades y t\u00e9cnicas, para que se fije en el aprendiente un proceso no conocido, un mecanismo de adquisici\u00f3n y un proceso presente; es decir, que la estrategia de aprendizaje se basa en crear t\u00e9cnicas y habilidades que faciliten fijar los conocimientos.<\/span><span data-ccp-props=\"{&quot;134233117&quot;:false,&quot;134233118&quot;:false,&quot;201341983&quot;:0,&quot;335559731&quot;:705,&quot;335559738&quot;:0,&quot;335559739&quot;:0,&quot;335559740&quot;:240}\">\u00a0<\/span><\/p>\n<p><span data-contrast=\"auto\">Record\u00f3 que la lengua no se puede ense\u00f1ar como las matem\u00e1ticas o la historia, sino que requiere de un modo distinto; por ello, plante\u00f3 que el prop\u00f3sito principal y fundamental de la ense\u00f1anza es generar el aprendizaje o la apropiaci\u00f3n que, a su vez, est\u00e1 determinado por la naturaleza del objeto, en este caso la lengua: \u201cel prop\u00f3sito de la ense\u00f1anza es el aprendizaje y el objeto del aprendizaje es la lengua\u201d.<\/span><span data-ccp-props=\"{&quot;134233117&quot;:false,&quot;134233118&quot;:false,&quot;201341983&quot;:0,&quot;335559731&quot;:705,&quot;335559738&quot;:0,&quot;335559739&quot;:0,&quot;335559740&quot;:240}\">\u00a0<\/span><\/p>\n<p><span data-contrast=\"auto\">Germain asever\u00f3 que ense\u00f1ar no es m\u00e1s que un medio para la apropiaci\u00f3n y la ense\u00f1anza debe estar al servicio del prop\u00f3sito que es la adquisici\u00f3n de la lengua; la ense\u00f1anza debe estar subordinada al aprendizaje, es decir, que la primera debe adaptarse a las condiciones en que las personas aprenden.<\/span><\/p>\n<div id=\"attachment_152959\" style=\"width: 732px\" class=\"wp-caption aligncenter\"><img aria-describedby=\"caption-attachment-152959\" decoding=\"async\" loading=\"lazy\" class=\"size-full wp-image-152959\" src=\"https:\/\/www.uv.mx\/prensa\/files\/2025\/03\/200325-DAVID-Encuentro-docentes-lenguas-extranjeras-5-100k.jpg\" alt=\"Acad\u00e9micos, estudiantes e invitados atendieron al acto inaugural del encuentro \" width=\"722\" height=\"482\" srcset=\"https:\/\/www.uv.mx\/prensa\/files\/2025\/03\/200325-DAVID-Encuentro-docentes-lenguas-extranjeras-5-100k.jpg 722w, https:\/\/www.uv.mx\/prensa\/files\/2025\/03\/200325-DAVID-Encuentro-docentes-lenguas-extranjeras-5-100k-300x200.jpg 300w\" sizes=\"(max-width: 722px) 100vw, 722px\" \/><p id=\"caption-attachment-152959\" class=\"wp-caption-text\">Acad\u00e9micos, estudiantes e invitados atendieron al acto inaugural del encuentro<\/p><\/div>\n","protected":false},"excerpt":{"rendered":"<p>Es organizado por la Escuela para Estudiantes Extranjeros y contar\u00e1 con un foro abierto a docentes de lenguas extranjeras<\/p>\n","protected":false},"author":1775,"featured_media":152960,"comment_status":"closed","ping_status":"closed","sticky":false,"template":"","format":"standard","meta":[],"categories":[1,8455,61],"tags":[22627,22626,3348,6263,22628,4159,193,22619,22620,1027,2020,22618,22622,2019,254,1436,3706,22621,1991,22623,22624,22625,14153,5350,572,13970,22629,279],"_links":{"self":[{"href":"https:\/\/www.uv.mx\/prensa\/wp-json\/wp\/v2\/posts\/152972"}],"collection":[{"href":"https:\/\/www.uv.mx\/prensa\/wp-json\/wp\/v2\/posts"}],"about":[{"href":"https:\/\/www.uv.mx\/prensa\/wp-json\/wp\/v2\/types\/post"}],"author":[{"embeddable":true,"href":"https:\/\/www.uv.mx\/prensa\/wp-json\/wp\/v2\/users\/1775"}],"replies":[{"embeddable":true,"href":"https:\/\/www.uv.mx\/prensa\/wp-json\/wp\/v2\/comments?post=152972"}],"version-history":[{"count":1,"href":"https:\/\/www.uv.mx\/prensa\/wp-json\/wp\/v2\/posts\/152972\/revisions"}],"predecessor-version":[{"id":152991,"href":"https:\/\/www.uv.mx\/prensa\/wp-json\/wp\/v2\/posts\/152972\/revisions\/152991"}],"wp:featuredmedia":[{"embeddable":true,"href":"https:\/\/www.uv.mx\/prensa\/wp-json\/wp\/v2\/media\/152960"}],"wp:attachment":[{"href":"https:\/\/www.uv.mx\/prensa\/wp-json\/wp\/v2\/media?parent=152972"}],"wp:term":[{"taxonomy":"category","embeddable":true,"href":"https:\/\/www.uv.mx\/prensa\/wp-json\/wp\/v2\/categories?post=152972"},{"taxonomy":"post_tag","embeddable":true,"href":"https:\/\/www.uv.mx\/prensa\/wp-json\/wp\/v2\/tags?post=152972"}],"curies":[{"name":"wp","href":"https:\/\/api.w.org\/{rel}","templated":true}]}}