{"id":152952,"date":"2025-03-20T17:09:00","date_gmt":"2025-03-20T23:09:00","guid":{"rendered":"https:\/\/www.uv.mx\/prensa\/?p=152952"},"modified":"2025-03-20T17:09:19","modified_gmt":"2025-03-20T23:09:19","slug":"desde-la-arquitectura-se-contribuye-a-la-igualdad-de-genero","status":"publish","type":"post","link":"https:\/\/www.uv.mx\/prensa\/general\/desde-la-arquitectura-se-contribuye-a-la-igualdad-de-genero\/","title":{"rendered":"Desde la Arquitectura se contribuye a la igualdad de g\u00e9nero\u00a0"},"content":{"rendered":"<ul>\n<li data-leveltext=\"\uf0b7\" data-font=\"Symbol\" data-listid=\"1\" data-list-defn-props=\"{&quot;335551671&quot;:0,&quot;335552541&quot;:1,&quot;335559685&quot;:720,&quot;335559991&quot;:360,&quot;469769226&quot;:&quot;Symbol&quot;,&quot;469769242&quot;:[8226],&quot;469777803&quot;:&quot;left&quot;,&quot;469777804&quot;:&quot;\uf0b7&quot;,&quot;469777815&quot;:&quot;hybridMultilevel&quot;}\" data-aria-posinset=\"0\" data-aria-level=\"1\"><i><span data-contrast=\"auto\">Las profesionistas deben ser capaces de cristalizar su anhelo de seguridad en los espacios que dise\u00f1a<\/span><\/i><span data-ccp-props=\"{&quot;201341983&quot;:0,&quot;335559739&quot;:0,&quot;335559740&quot;:240}\">\u00a0<\/span><\/li>\n<\/ul>\n<ul>\n<li data-leveltext=\"\uf0b7\" data-font=\"Symbol\" data-listid=\"1\" data-list-defn-props=\"{&quot;335551671&quot;:0,&quot;335552541&quot;:1,&quot;335559685&quot;:720,&quot;335559991&quot;:360,&quot;469769226&quot;:&quot;Symbol&quot;,&quot;469769242&quot;:[8226],&quot;469777803&quot;:&quot;left&quot;,&quot;469777804&quot;:&quot;\uf0b7&quot;,&quot;469777815&quot;:&quot;hybridMultilevel&quot;}\" data-aria-posinset=\"1\" data-aria-level=\"1\"><i><span data-contrast=\"auto\">Especialistas UV participaron en conversatorio \u201cConstruyendo espacios: La voz de las mujeres en los observatorios, la academia y la vida cotidiana\u201d<\/span><\/i><span data-ccp-props=\"{&quot;201341983&quot;:0,&quot;335559739&quot;:0,&quot;335559740&quot;:240}\">\u00a0<\/span><\/li>\n<\/ul>\n<ul>\n<li data-leveltext=\"\uf0b7\" data-font=\"Symbol\" data-listid=\"1\" data-list-defn-props=\"{&quot;335551671&quot;:0,&quot;335552541&quot;:1,&quot;335559685&quot;:720,&quot;335559991&quot;:360,&quot;469769226&quot;:&quot;Symbol&quot;,&quot;469769242&quot;:[8226],&quot;469777803&quot;:&quot;left&quot;,&quot;469777804&quot;:&quot;\uf0b7&quot;,&quot;469777815&quot;:&quot;hybridMultilevel&quot;}\" data-aria-posinset=\"2\" data-aria-level=\"1\"><i><span data-contrast=\"auto\">A iniciativa de la Coordinaci\u00f3n Universitaria de Observatorios (CUO) de la Universidad Veracruzana<\/span><\/i><span data-ccp-props=\"{&quot;201341983&quot;:0,&quot;335559739&quot;:0,&quot;335559740&quot;:240}\">\u00a0<\/span><\/li>\n<\/ul>\n<p><span data-ccp-props=\"{&quot;201341983&quot;:0,&quot;335559685&quot;:720,&quot;335559739&quot;:0,&quot;335559740&quot;:240}\">\u00a0<\/span><\/p>\n<div id=\"attachment_152764\" style=\"width: 732px\" class=\"wp-caption aligncenter\"><img aria-describedby=\"caption-attachment-152764\" decoding=\"async\" loading=\"lazy\" class=\"size-full wp-image-152764\" src=\"https:\/\/www.uv.mx\/prensa\/files\/2025\/03\/13-03-2025-PACHECO-Mujeres-Observatorios-Foto-1.jpg\" alt=\"\" width=\"722\" height=\"357\" srcset=\"https:\/\/www.uv.mx\/prensa\/files\/2025\/03\/13-03-2025-PACHECO-Mujeres-Observatorios-Foto-1.jpg 722w, https:\/\/www.uv.mx\/prensa\/files\/2025\/03\/13-03-2025-PACHECO-Mujeres-Observatorios-Foto-1-300x148.jpg 300w\" sizes=\"(max-width: 722px) 100vw, 722px\" \/><p id=\"caption-attachment-152764\" class=\"wp-caption-text\">Participantes en el conversatorio que reuni\u00f3 a mujeres arquitectas<\/p><\/div>\n<p><span data-ccp-props=\"{&quot;201341983&quot;:0,&quot;335559739&quot;:0,&quot;335559740&quot;:240}\">\u00a0<\/span><\/p>\n<p><b><i><span data-contrast=\"auto\">Jorge V\u00e1zquez Pacheco<\/span><\/i><\/b><span data-ccp-props=\"{&quot;201341983&quot;:0,&quot;335559739&quot;:0,&quot;335559740&quot;:240}\">\u00a0<\/span><\/p>\n<p><b><i><span data-contrast=\"auto\">20\/03\/2025, Xalapa, Ver.- <\/span><\/i><\/b><span data-contrast=\"auto\">El rol femenino en el ejercicio de la arquitectura es sensible y notorio, coincidieron especialistas durante el conversatorio \u201cConstruyendo espacios: La voz de las mujeres en los observatorios, la academia y la vida cotidiana\u201d, organizado por la Coordinaci\u00f3n Universitaria de Observatorios (CUO) de la Universidad Veracruzana (UV).<\/span><span data-ccp-props=\"{&quot;201341983&quot;:0,&quot;335559739&quot;:0,&quot;335559740&quot;:240}\">\u00a0<\/span><\/p>\n<p><span data-contrast=\"auto\">En el evento participaron Ruth Mar\u00eda Grajeda Rosado, del Observatorio Universitario Metropolitano (regi\u00f3n Veracruz); Harmida Rubio Guti\u00e9rrez, del Observatorio Urbano Universitario; Blanca In\u00e9s Aguilar Fr\u00edas, del Observatorio Urbano de Arquitectura Sustentable (regi\u00f3n Poza Rica-Tuxpan), e Irma Elisa Palacios Reyes, del Observatorio Urbano Arquitect\u00f3nico de Entornos Saludables (regi\u00f3n Orizaba-C\u00f3rdoba).<\/span><span data-ccp-props=\"{&quot;201341983&quot;:0,&quot;335559731&quot;:708,&quot;335559739&quot;:0,&quot;335559740&quot;:240}\">\u00a0<\/span><\/p>\n<p><span data-contrast=\"auto\">Las universitarias, moderadas por Sheyla Fuertes Lara, comunic\u00f3loga y maestra en Estudios de G\u00e9nero por la UV, resaltaron el rol femenino en asuntos como la construcci\u00f3n.<\/span><span data-ccp-props=\"{&quot;201341983&quot;:0,&quot;335559731&quot;:708,&quot;335559739&quot;:0,&quot;335559740&quot;:240}\">\u00a0<\/span><\/p>\n<p><span data-contrast=\"auto\">Aguilar Fr\u00edas, arquitecta por esta casa de estudios, coment\u00f3 que \u201cel quehacer profesional en la obra arquitect\u00f3nica es muy relevante, porque en los espacios de dise\u00f1o p\u00fablico se visualiza la vida de los seres humanos\u201d.<\/span><\/p>\n<p>&nbsp;<\/p>\n<div id=\"attachment_152763\" style=\"width: 732px\" class=\"wp-caption aligncenter\"><img aria-describedby=\"caption-attachment-152763\" decoding=\"async\" loading=\"lazy\" class=\"size-full wp-image-152763\" src=\"https:\/\/www.uv.mx\/prensa\/files\/2025\/03\/13-03-2025-PACHECO-Mujeres-Observatorios-Foto-2.jpg\" alt=\"\" width=\"722\" height=\"407\" \/><p id=\"caption-attachment-152763\" class=\"wp-caption-text\">La arquitecta debe ser capaz de concretar sus deseos de seguridad y buena convivencia en los espacios que dise\u00f1a<\/p><\/div>\n<p><span data-ccp-props=\"{&quot;201341983&quot;:0,&quot;335559731&quot;:708,&quot;335559739&quot;:0,&quot;335559740&quot;:240}\">\u00a0<\/span><\/p>\n<p><span data-contrast=\"auto\">En tanto, Palacios Reyes a\u00f1adi\u00f3 que a\u00fan falta por avanzar en el reconocimiento a las mujeres, \u201cpor cuestiones sociales, culturales y esa parte de la identidad que a\u00fan atiende a los mitos\u201d.<\/span><span data-ccp-props=\"{&quot;201341983&quot;:0,&quot;335559731&quot;:708,&quot;335559739&quot;:0,&quot;335559740&quot;:240}\">\u00a0<\/span><\/p>\n<p><span data-contrast=\"auto\">Por ello, es frecuente detectar opiniones como: \u201cesta carrera es para hombres, esta es para mujeres\u201d, de modo que a\u00fan los g\u00e9neros determinan la orientaci\u00f3n estudiantil.<\/span><span data-ccp-props=\"{&quot;201341983&quot;:0,&quot;335559731&quot;:708,&quot;335559739&quot;:0,&quot;335559740&quot;:240}\">\u00a0<\/span><\/p>\n<p><span data-contrast=\"auto\">\u201cAl ser prioridad la familia, dejamos ir las mejores oportunidades laborales o profesionales, no por falta de capacidad\u201d, enfatiz\u00f3.<\/span><span data-ccp-props=\"{&quot;201341983&quot;:0,&quot;335559731&quot;:708,&quot;335559739&quot;:0,&quot;335559740&quot;:240}\">\u00a0<\/span><\/p>\n<p><span data-contrast=\"auto\">Por su parte, Grajeda Rosado coincidi\u00f3 en que en el paulatino proceso evolutivo a\u00fan no hay la suficiente visualizaci\u00f3n, \u201caunque abarcamos mucho en cuestiones acad\u00e9micas, en asuntos laborales los n\u00fameros cambian dr\u00e1sticamente. Cuando se habla de arquitectos <\/span><i><span data-contrast=\"auto\">jet set<\/span><\/i><span data-contrast=\"auto\"> citamos a Vitruvio, Le Corbusier, Frank Lloyd o Frank Gehry, pero no se menciona a mujeres\u201d.<\/span><\/p>\n<p>&nbsp;<\/p>\n<div id=\"attachment_152762\" style=\"width: 732px\" class=\"wp-caption aligncenter\"><img aria-describedby=\"caption-attachment-152762\" decoding=\"async\" loading=\"lazy\" class=\"size-full wp-image-152762\" src=\"https:\/\/www.uv.mx\/prensa\/files\/2025\/03\/13-03-2025-PACHECO-Mujeres-Observatorios-Foto-3.jpg\" alt=\"\" width=\"722\" height=\"410\" srcset=\"https:\/\/www.uv.mx\/prensa\/files\/2025\/03\/13-03-2025-PACHECO-Mujeres-Observatorios-Foto-3.jpg 722w, https:\/\/www.uv.mx\/prensa\/files\/2025\/03\/13-03-2025-PACHECO-Mujeres-Observatorios-Foto-3-300x170.jpg 300w\" sizes=\"(max-width: 722px) 100vw, 722px\" \/><p id=\"caption-attachment-152762\" class=\"wp-caption-text\">Harmida Rubio Guti\u00e9rrez, del Observatorio Urbano Universitario<\/p><\/div>\n<p>&nbsp;<\/p>\n<p><span data-contrast=\"auto\">Lament\u00f3 que la mujer haya ingresado a los estudios de arquitectura hacia 1900, cuando la profesi\u00f3n ya ten\u00eda siglos de antig\u00fcedad. Tambi\u00e9n cit\u00f3 a Zaha Hadid, primera dama en obtener el Premio Pritzker de Arquitectura en 2004, aunque desde entonces solo cinco mujeres han recibido el mismo galard\u00f3n.<\/span><span data-ccp-props=\"{&quot;201341983&quot;:0,&quot;335559731&quot;:708,&quot;335559739&quot;:0,&quot;335559740&quot;:240}\">\u00a0<\/span><\/p>\n<p><span data-contrast=\"auto\">Harmida Rubio refiri\u00f3 que Dennis Scott Brown y Robert Venturi hicieron grandes aportes a la arquitectura, sin embargo, todo se atribuye a este \u00faltimo, cuando fue ella quien sent\u00f3 las bases para el reconocido libro <\/span><i><span data-contrast=\"auto\">Aprendiendo de Las Vegas:<\/span><\/i> <i><span data-contrast=\"auto\">el simbolismo olvidado de la forma arquitect\u00f3nica <\/span><\/i><span data-contrast=\"auto\">que aport\u00f3 el Premio Pritzker a Venturi. \u00c9l solo reconoci\u00f3 en Scott Brown a su musa.<\/span><span data-ccp-props=\"{&quot;201341983&quot;:0,&quot;335559731&quot;:708,&quot;335559739&quot;:0,&quot;335559740&quot;:240}\">\u00a0<\/span><\/p>\n<p><span data-contrast=\"auto\">Dijo tambi\u00e9n que el filme <\/span><i><span data-contrast=\"auto\">Lotte am Bauhaus<\/span><\/i><span data-contrast=\"auto\">, sobre las vivencias de una arquitecta durante la Segunda Guerra Mundial, muestra las dificultades de una mujer para posicionar su voz y sus ideas. Es uno de los muchos ejemplos de las ideas femeninas que el hombre se apropia.<\/span><\/p>\n<p>&nbsp;<\/p>\n<div id=\"attachment_152765\" style=\"width: 732px\" class=\"wp-caption aligncenter\"><img aria-describedby=\"caption-attachment-152765\" decoding=\"async\" loading=\"lazy\" class=\"size-full wp-image-152765\" src=\"https:\/\/www.uv.mx\/prensa\/files\/2025\/03\/13-03-2025-PACHECO-Mujeres-Observatorios-Foto-4.jpg\" alt=\"\" width=\"722\" height=\"397\" srcset=\"https:\/\/www.uv.mx\/prensa\/files\/2025\/03\/13-03-2025-PACHECO-Mujeres-Observatorios-Foto-4.jpg 722w, https:\/\/www.uv.mx\/prensa\/files\/2025\/03\/13-03-2025-PACHECO-Mujeres-Observatorios-Foto-4-300x165.jpg 300w\" sizes=\"(max-width: 722px) 100vw, 722px\" \/><p id=\"caption-attachment-152765\" class=\"wp-caption-text\">Sheyla Fuertes Lara, comunic\u00f3loga y maestra en Estudios de G\u00e9nero UV<\/p><\/div>\n<p><span data-ccp-props=\"{&quot;201341983&quot;:0,&quot;335559731&quot;:708,&quot;335559739&quot;:0,&quot;335559740&quot;:240}\">\u00a0<\/span><\/p>\n<p><span data-contrast=\"auto\">\u201cApenas empezamos a crear solidaridad en los \u00e1mbitos de arquitectura y urbanismo; hemos iniciado con la ayuda mutua, a hablar entre nosotras y apoyarnos en cuestiones de discriminaci\u00f3n o acoso. Y uno de los grandes retos es trabajar m\u00e1s en nuestra sororidad\u201d, a\u00f1adi\u00f3.<\/span><span data-ccp-props=\"{&quot;201341983&quot;:0,&quot;335559731&quot;:708,&quot;335559739&quot;:0,&quot;335559740&quot;:240}\">\u00a0<\/span><\/p>\n<p><span data-contrast=\"auto\">Aguilar Fr\u00edas acot\u00f3 que sus inicios fueron en la construcci\u00f3n misma, antes que en la academia. \u201cMe toc\u00f3 vivir \u00e9pocas en que estuve a cargo de varias obras al mismo tiempo. Una mujer a cargo de la cuadrilla llamaba mucho la atenci\u00f3n en las comunidades y eso me comprometi\u00f3 a trabajar con el doble de esfuerzo. Sent\u00ed el peso de la enorme responsabilidad; si lo haces bien, abres camino para las compa\u00f1eras que vienen al lado tuyo\u201d.<\/span><span data-ccp-props=\"{&quot;201341983&quot;:0,&quot;335559731&quot;:708,&quot;335559739&quot;:0,&quot;335559740&quot;:240}\">\u00a0<\/span><\/p>\n<p><span data-contrast=\"auto\">Finalmente, todas coincidieron en que los anhelos de seguridad y una vida libre de violencia son posibles mediante la arquitectura y el dise\u00f1o de espacios, calles y parques sin recovecos. \u201cNo solo es uso de suelo; podemos generar un panorama que nos permita transitar libremente y sin peligros. Es el derecho que tenemos los seres humanos al vivir en comunidad\u201d.<\/span><\/p>\n","protected":false},"excerpt":{"rendered":"<p>Las mujeres profesionales de esta disciplina han sido ignoradas y v\u00edctimas de robo de ideas; apenas hacia 1900 la mujer tuvo acceso a la carrera, cuando esta exist\u00eda desde siglos atr\u00e1s\u00a0<\/p>\n","protected":false},"author":1869,"featured_media":152761,"comment_status":"closed","ping_status":"closed","sticky":false,"template":"","format":"standard","meta":[],"categories":[1,15424,61],"tags":[22592,20305,22594,22606,22603,22602,10812,22596,4158,22593,22601,22608,22611,22597,22599,22598,10811,22609,22605,22607,22595,22610,16739,22600,22604],"_links":{"self":[{"href":"https:\/\/www.uv.mx\/prensa\/wp-json\/wp\/v2\/posts\/152952"}],"collection":[{"href":"https:\/\/www.uv.mx\/prensa\/wp-json\/wp\/v2\/posts"}],"about":[{"href":"https:\/\/www.uv.mx\/prensa\/wp-json\/wp\/v2\/types\/post"}],"author":[{"embeddable":true,"href":"https:\/\/www.uv.mx\/prensa\/wp-json\/wp\/v2\/users\/1869"}],"replies":[{"embeddable":true,"href":"https:\/\/www.uv.mx\/prensa\/wp-json\/wp\/v2\/comments?post=152952"}],"version-history":[{"count":1,"href":"https:\/\/www.uv.mx\/prensa\/wp-json\/wp\/v2\/posts\/152952\/revisions"}],"predecessor-version":[{"id":152953,"href":"https:\/\/www.uv.mx\/prensa\/wp-json\/wp\/v2\/posts\/152952\/revisions\/152953"}],"wp:featuredmedia":[{"embeddable":true,"href":"https:\/\/www.uv.mx\/prensa\/wp-json\/wp\/v2\/media\/152761"}],"wp:attachment":[{"href":"https:\/\/www.uv.mx\/prensa\/wp-json\/wp\/v2\/media?parent=152952"}],"wp:term":[{"taxonomy":"category","embeddable":true,"href":"https:\/\/www.uv.mx\/prensa\/wp-json\/wp\/v2\/categories?post=152952"},{"taxonomy":"post_tag","embeddable":true,"href":"https:\/\/www.uv.mx\/prensa\/wp-json\/wp\/v2\/tags?post=152952"}],"curies":[{"name":"wp","href":"https:\/\/api.w.org\/{rel}","templated":true}]}}