{"id":152892,"date":"2025-03-19T16:49:02","date_gmt":"2025-03-19T22:49:02","guid":{"rendered":"https:\/\/www.uv.mx\/prensa\/?p=152892"},"modified":"2025-03-19T16:57:52","modified_gmt":"2025-03-19T22:57:52","slug":"los-jovenes-deben-atreverse-a-crear-y-experimentar-cineasta","status":"publish","type":"post","link":"https:\/\/www.uv.mx\/prensa\/general\/los-jovenes-deben-atreverse-a-crear-y-experimentar-cineasta\/","title":{"rendered":"Los j\u00f3venes deben atreverse a crear y experimentar: cineasta\u00a0"},"content":{"rendered":"<ul>\n<li data-leveltext=\"\uf0b7\" data-font=\"Symbol\" data-listid=\"1\" data-list-defn-props=\"{&quot;335552541&quot;:1,&quot;335559685&quot;:720,&quot;335559991&quot;:360,&quot;469769226&quot;:&quot;Symbol&quot;,&quot;469769242&quot;:[8226],&quot;469777803&quot;:&quot;left&quot;,&quot;469777804&quot;:&quot;\uf0b7&quot;,&quot;469777815&quot;:&quot;hybridMultilevel&quot;}\" data-aria-posinset=\"1\" data-aria-level=\"1\"><i><span data-contrast=\"auto\">Guillermo Cisneros es egresado de la Licenciatura en Ciencias de la Comunicaci\u00f3n de la Universidad Veracruzana (UV)<\/span><\/i><span data-ccp-props=\"{&quot;201341983&quot;:0,&quot;335559739&quot;:0,&quot;335559740&quot;:240}\">\u00a0<\/span><\/li>\n<\/ul>\n<ul>\n<li data-leveltext=\"\uf0b7\" data-font=\"Symbol\" data-listid=\"1\" data-list-defn-props=\"{&quot;335552541&quot;:1,&quot;335559685&quot;:720,&quot;335559991&quot;:360,&quot;469769226&quot;:&quot;Symbol&quot;,&quot;469769242&quot;:[8226],&quot;469777803&quot;:&quot;left&quot;,&quot;469777804&quot;:&quot;\uf0b7&quot;,&quot;469777815&quot;:&quot;hybridMultilevel&quot;}\" data-aria-posinset=\"2\" data-aria-level=\"1\"><i><span data-contrast=\"auto\">\u201cLa vida profesional es dif\u00edcil, pero hacer lo que te apasiona la hace m\u00e1s llevadera. No tengan miedo, atr\u00e9vanse\u201d, expres\u00f3<\/span><\/i><span data-ccp-props=\"{&quot;201341983&quot;:0,&quot;335559739&quot;:0,&quot;335559740&quot;:240}\">\u00a0<\/span><\/li>\n<\/ul>\n<p><span data-ccp-props=\"{&quot;201341983&quot;:0,&quot;335559739&quot;:0,&quot;335559740&quot;:240}\">\u00a0<\/span><\/p>\n<div id=\"attachment_152879\" style=\"width: 732px\" class=\"wp-caption aligncenter\"><img aria-describedby=\"caption-attachment-152879\" decoding=\"async\" loading=\"lazy\" class=\"size-full wp-image-152879\" src=\"https:\/\/www.uv.mx\/prensa\/files\/2025\/03\/060325-PAOLA-Guillermo-Cisneros-1-100k.jpg\" alt=\"\" width=\"722\" height=\"482\" srcset=\"https:\/\/www.uv.mx\/prensa\/files\/2025\/03\/060325-PAOLA-Guillermo-Cisneros-1-100k.jpg 722w, https:\/\/www.uv.mx\/prensa\/files\/2025\/03\/060325-PAOLA-Guillermo-Cisneros-1-100k-300x200.jpg 300w\" sizes=\"(max-width: 722px) 100vw, 722px\" \/><p id=\"caption-attachment-152879\" class=\"wp-caption-text\">Guillermo Cisneros, egresado de la Licenciatura en Ciencias de la Comunicaci\u00f3n<\/p><\/div>\n<p><span data-ccp-props=\"{&quot;201341983&quot;:0,&quot;335559739&quot;:0,&quot;335559740&quot;:240}\">\u00a0<\/span><\/p>\n<p><b><i><span data-contrast=\"auto\">Paola Cort\u00e9s P\u00e9rez<\/span><\/i><\/b><span data-ccp-props=\"{&quot;201341983&quot;:0,&quot;335559739&quot;:0,&quot;335559740&quot;:240}\">\u00a0<\/span><\/p>\n<p><b><i><span data-contrast=\"auto\">Fotos: Luis Fernando Fern\u00e1ndez (1) y cortes\u00eda Guillermo Cisneros<\/span><\/i><\/b><span data-ccp-props=\"{&quot;201341983&quot;:0,&quot;335559739&quot;:0,&quot;335559740&quot;:240}\">\u00a0<\/span><\/p>\n<p><b><i><span data-contrast=\"auto\">19\/03\/2025, Xalapa, Ver.-<\/span><\/i><\/b><span data-contrast=\"auto\"> El cineasta y comunicador veracruzano Guillermo Cisneros Aguirre, egresado de la Licenciatura en Ciencias de la Comunicaci\u00f3n de la Universidad Veracruzana (UV), alent\u00f3 a los j\u00f3venes interesados en el cine y la producci\u00f3n audiovisual a atreverse a crear, experimentar y buscar oportunidades m\u00e1s all\u00e1 de su entorno inmediato.<\/span><span data-ccp-props=\"{&quot;201341983&quot;:0,&quot;335559739&quot;:0,&quot;335559740&quot;:240}\">\u00a0<\/span><\/p>\n<p><span data-contrast=\"auto\">En entrevista comparti\u00f3 detalles sobre su trayectoria en el mundo audiovisual, desde sus inicios en la televisi\u00f3n hasta la realizaci\u00f3n de su primera pel\u00edcula, <\/span><i><span data-contrast=\"auto\">Coincidencias<\/span><\/i><span data-contrast=\"auto\">.<\/span><span data-ccp-props=\"{&quot;201341983&quot;:0,&quot;335559731&quot;:708,&quot;335559739&quot;:0,&quot;335559740&quot;:240}\">\u00a0<\/span><\/p>\n<p><span data-contrast=\"auto\">Inici\u00f3 su carrera en la Ciudad de M\u00e9xico en 2001, logr\u00f3 ingresar a Argos Media Group, una de las productoras m\u00e1s importantes de la televisi\u00f3n mexicana en aquellos a\u00f1os.<\/span><span data-ccp-props=\"{&quot;201341983&quot;:0,&quot;335559731&quot;:708,&quot;335559739&quot;:0,&quot;335559740&quot;:240}\">\u00a0<\/span><\/p>\n<p><span data-contrast=\"auto\">\u201cMe fui a buscar el sue\u00f1o de hacer audiovisual, no espec\u00edficamente cine. A m\u00ed me gustaba ver lo que se hac\u00eda en la tele y en el cine. En realidad, ve\u00eda bastante lejos el cine en ese momento porque era como un mundo aparte del audiovisual y la televisi\u00f3n, un lugar m\u00e1gico al que pocos tienen acceso.\u201d<\/span><\/p>\n<p>&nbsp;<\/p>\n<div id=\"attachment_152878\" style=\"width: 732px\" class=\"wp-caption aligncenter\"><img aria-describedby=\"caption-attachment-152878\" decoding=\"async\" loading=\"lazy\" class=\"size-full wp-image-152878\" src=\"https:\/\/www.uv.mx\/prensa\/files\/2025\/03\/060325-PAOLA-Guillermo-Cisneros-2-100k.jpg\" alt=\"\" width=\"722\" height=\"482\" srcset=\"https:\/\/www.uv.mx\/prensa\/files\/2025\/03\/060325-PAOLA-Guillermo-Cisneros-2-100k.jpg 722w, https:\/\/www.uv.mx\/prensa\/files\/2025\/03\/060325-PAOLA-Guillermo-Cisneros-2-100k-300x200.jpg 300w\" sizes=\"(max-width: 722px) 100vw, 722px\" \/><p id=\"caption-attachment-152878\" class=\"wp-caption-text\">Guillermo Cisneros y todo el equipo que particip\u00f3 en la filmaci\u00f3n de <em>Coincidencias<\/em><\/p><\/div>\n<p>&nbsp;<\/p>\n<p><span data-contrast=\"auto\">Aunque tuvo una formaci\u00f3n diversificada en la universidad, enfrent\u00f3 retos al incorporarse al mundo profesional, donde destac\u00f3 la necesidad de formaci\u00f3n pr\u00e1ctica y experiencia en el campo.<\/span><span data-ccp-props=\"{&quot;201341983&quot;:0,&quot;335559731&quot;:708,&quot;335559739&quot;:0,&quot;335559740&quot;:240}\">\u00a0<\/span><\/p>\n<p><span data-contrast=\"auto\">\u201cCuando llego aqu\u00ed, a enfrentarme a lo que era hacer televisi\u00f3n a ese nivel, s\u00ed fue un golpe. Por fortuna encontr\u00e9 buenos amigos que ya ten\u00edan mucha experiencia, vieron las ganas que tra\u00eda y me fueron guiando.\u201d<\/span><span data-ccp-props=\"{&quot;201341983&quot;:0,&quot;335559731&quot;:708,&quot;335559739&quot;:0,&quot;335559740&quot;:240}\">\u00a0<\/span><\/p>\n<p><span data-contrast=\"auto\">Su inter\u00e9s por la direcci\u00f3n lo llev\u00f3 a estudiar arte dram\u00e1tico en la Casa del Teatro de Coyoac\u00e1n; despu\u00e9s se especializ\u00f3 en cine en San Antonio de los Ba\u00f1os, Cuba, y en la Universidad Complutense de Madrid. A lo largo de los a\u00f1os ha trabajado en diversos proyectos audiovisuales, incluidas series como <\/span><i><span data-contrast=\"auto\">Capadocia<\/span><\/i><span data-contrast=\"auto\"> y la direcci\u00f3n de <\/span><i><span data-contrast=\"auto\">Ni\u00f1as mal<\/span><\/i><span data-contrast=\"auto\">.<\/span><span data-ccp-props=\"{&quot;201341983&quot;:0,&quot;335559731&quot;:708,&quot;335559739&quot;:0,&quot;335559740&quot;:240}\">\u00a0<\/span><\/p>\n<p><span data-contrast=\"auto\">\u201cEn una ocasi\u00f3n un maestro me dijo que si quer\u00eda dirigir ten\u00eda que aprender el idioma de los actores, as\u00ed que me prepar\u00e9 en arte dram\u00e1tico porque es muy dif\u00edcil cuando no sabes c\u00f3mo expresarte y comunicarte con ellos.\u201d<\/span><\/p>\n<p>&nbsp;<\/p>\n<div id=\"attachment_152877\" style=\"width: 732px\" class=\"wp-caption aligncenter\"><img aria-describedby=\"caption-attachment-152877\" decoding=\"async\" loading=\"lazy\" class=\"size-full wp-image-152877\" src=\"https:\/\/www.uv.mx\/prensa\/files\/2025\/03\/060325-PAOLA-Guillermo-Cisneros-3-100k.jpg\" alt=\"\" width=\"722\" height=\"482\" srcset=\"https:\/\/www.uv.mx\/prensa\/files\/2025\/03\/060325-PAOLA-Guillermo-Cisneros-3-100k.jpg 722w, https:\/\/www.uv.mx\/prensa\/files\/2025\/03\/060325-PAOLA-Guillermo-Cisneros-3-100k-300x200.jpg 300w\" sizes=\"(max-width: 722px) 100vw, 722px\" \/><p id=\"caption-attachment-152877\" class=\"wp-caption-text\">Junto con el equipo de fotograf\u00eda de su primera pel\u00edcula<\/p><\/div>\n<p><span data-ccp-props=\"{&quot;201341983&quot;:0,&quot;335559731&quot;:708,&quot;335559739&quot;:0,&quot;335559740&quot;:240}\">\u00a0<\/span><\/p>\n<p><span data-contrast=\"auto\">Despu\u00e9s de cinco cortometrajes y un \u201cintento fallido\u201d de largometraje, Cisneros logr\u00f3 realizar <\/span><i><span data-contrast=\"auto\">Coincidencias<\/span><\/i><span data-contrast=\"auto\">, pel\u00edcula filmada en locaciones de Veracruz como Perote, Altotonga y La Mancha; narra el viaje de dos personajes que buscan redescubrir su camino en la vida.<\/span><span data-ccp-props=\"{&quot;201341983&quot;:0,&quot;335559731&quot;:708,&quot;335559739&quot;:0,&quot;335559740&quot;:240}\">\u00a0<\/span><\/p>\n<p><span data-contrast=\"auto\">\u201cEs una historia sobre ese momento en la vida donde no te quieres mover, pero no est\u00e1s satisfecho con d\u00f3nde est\u00e1s, hasta que la vida viene y te sacude para obligarte a cambiar\u201d, comparti\u00f3.<\/span><span data-ccp-props=\"{&quot;201341983&quot;:0,&quot;335559731&quot;:708,&quot;335559739&quot;:0,&quot;335559740&quot;:240}\">\u00a0<\/span><\/p>\n<p><span data-contrast=\"auto\">Guillermo Cisneros adelant\u00f3 que ya ha sido inscrita en algunos festivales, como el de Guadalajara, y cuenta con el respaldo de una distribuidora de cine con planes para ser estrenada a finales de este a\u00f1o.<\/span><span data-ccp-props=\"{&quot;201341983&quot;:0,&quot;335559731&quot;:708,&quot;335559739&quot;:0,&quot;335559740&quot;:240}\">\u00a0<\/span><\/p>\n<p><span data-contrast=\"auto\">Por \u00faltimo, invit\u00f3 al p\u00fablico a seguir la pel\u00edcula <\/span><i><span data-contrast=\"auto\">Coincidencias<\/span><\/i><span data-contrast=\"auto\"> en las redes sociales y apoyar el cine independiente mexicano.<\/span><span data-ccp-props=\"{&quot;201341983&quot;:0,&quot;335559731&quot;:708,&quot;335559739&quot;:0,&quot;335559740&quot;:240}\">\u00a0<\/span><\/p>\n<p><span data-contrast=\"auto\">\u201cLo importante es hacer lo que a uno le gusta. La vida profesional es dif\u00edcil, pero hacer lo que te apasiona la hace m\u00e1s llevadera. No tengan miedo, atr\u00e9vanse, arriesguen y hagan\u201d, enfatiz\u00f3.<\/span><\/p>\n<p>&nbsp;<\/p>\n<div id=\"attachment_152880\" style=\"width: 732px\" class=\"wp-caption aligncenter\"><img aria-describedby=\"caption-attachment-152880\" decoding=\"async\" loading=\"lazy\" class=\"size-full wp-image-152880\" src=\"https:\/\/www.uv.mx\/prensa\/files\/2025\/03\/060325-PAOLA-Guillermo-Cisneros-4-100k.jpg\" alt=\"\" width=\"722\" height=\"482\" srcset=\"https:\/\/www.uv.mx\/prensa\/files\/2025\/03\/060325-PAOLA-Guillermo-Cisneros-4-100k.jpg 722w, https:\/\/www.uv.mx\/prensa\/files\/2025\/03\/060325-PAOLA-Guillermo-Cisneros-4-100k-300x200.jpg 300w\" sizes=\"(max-width: 722px) 100vw, 722px\" \/><p id=\"caption-attachment-152880\" class=\"wp-caption-text\">Entre las locaciones de Veracruz estuvo la laguna La Princesa, ubicada a 10 minutos de Alchichica<\/p><\/div>\n","protected":false},"excerpt":{"rendered":"<p>Guillermo Cisneros es egresado de la UV y ya film\u00f3 su primera pel\u00edcula titulada Coincidencias, que estrenar\u00e1 a finales de este a\u00f1o<\/p>\n","protected":false},"author":1869,"featured_media":152876,"comment_status":"closed","ping_status":"closed","sticky":false,"template":"","format":"standard","meta":[],"categories":[11,1,61],"tags":[22545,22539,9533,22543,22541,22546,5814,22538,3136,22537,9754,19074,6592,22544,4164,5647,22542,22540,4107,20311],"_links":{"self":[{"href":"https:\/\/www.uv.mx\/prensa\/wp-json\/wp\/v2\/posts\/152892"}],"collection":[{"href":"https:\/\/www.uv.mx\/prensa\/wp-json\/wp\/v2\/posts"}],"about":[{"href":"https:\/\/www.uv.mx\/prensa\/wp-json\/wp\/v2\/types\/post"}],"author":[{"embeddable":true,"href":"https:\/\/www.uv.mx\/prensa\/wp-json\/wp\/v2\/users\/1869"}],"replies":[{"embeddable":true,"href":"https:\/\/www.uv.mx\/prensa\/wp-json\/wp\/v2\/comments?post=152892"}],"version-history":[{"count":1,"href":"https:\/\/www.uv.mx\/prensa\/wp-json\/wp\/v2\/posts\/152892\/revisions"}],"predecessor-version":[{"id":152902,"href":"https:\/\/www.uv.mx\/prensa\/wp-json\/wp\/v2\/posts\/152892\/revisions\/152902"}],"wp:featuredmedia":[{"embeddable":true,"href":"https:\/\/www.uv.mx\/prensa\/wp-json\/wp\/v2\/media\/152876"}],"wp:attachment":[{"href":"https:\/\/www.uv.mx\/prensa\/wp-json\/wp\/v2\/media?parent=152892"}],"wp:term":[{"taxonomy":"category","embeddable":true,"href":"https:\/\/www.uv.mx\/prensa\/wp-json\/wp\/v2\/categories?post=152892"},{"taxonomy":"post_tag","embeddable":true,"href":"https:\/\/www.uv.mx\/prensa\/wp-json\/wp\/v2\/tags?post=152892"}],"curies":[{"name":"wp","href":"https:\/\/api.w.org\/{rel}","templated":true}]}}