{"id":152739,"date":"2025-03-13T17:59:47","date_gmt":"2025-03-13T23:59:47","guid":{"rendered":"https:\/\/www.uv.mx\/prensa\/?p=152739"},"modified":"2025-03-13T17:59:47","modified_gmt":"2025-03-13T23:59:47","slug":"el-arte-no-debe-estar-separado-de-problematicas-sociales-expertas","status":"publish","type":"post","link":"https:\/\/www.uv.mx\/prensa\/general\/el-arte-no-debe-estar-separado-de-problematicas-sociales-expertas\/","title":{"rendered":"El arte no debe estar separado de problem\u00e1ticas sociales: expertas"},"content":{"rendered":"<ul>\n<li data-leveltext=\"\uf0b7\" data-font=\"Symbol\" data-listid=\"6\" data-list-defn-props=\"{&quot;335552541&quot;:1,&quot;335559685&quot;:720,&quot;335559991&quot;:360,&quot;469769226&quot;:&quot;Symbol&quot;,&quot;469769242&quot;:[8226],&quot;469777803&quot;:&quot;left&quot;,&quot;469777804&quot;:&quot;\uf0b7&quot;,&quot;469777815&quot;:&quot;hybridMultilevel&quot;}\" data-aria-posinset=\"1\" data-aria-level=\"1\"><i><span data-contrast=\"auto\">Catedr\u00e1ticas, egresadas y una estudiante de la Universidad Veracruzana, realizaron un c\u00edrculo de conversaci\u00f3n en el marco del D\u00eda Internacional de la Mujer<\/span><\/i><span data-ccp-props=\"{}\">\u00a0<\/span><\/li>\n<\/ul>\n<ul>\n<li data-leveltext=\"\uf0b7\" data-font=\"Symbol\" data-listid=\"6\" data-list-defn-props=\"{&quot;335552541&quot;:1,&quot;335559685&quot;:720,&quot;335559991&quot;:360,&quot;469769226&quot;:&quot;Symbol&quot;,&quot;469769242&quot;:[8226],&quot;469777803&quot;:&quot;left&quot;,&quot;469777804&quot;:&quot;\uf0b7&quot;,&quot;469777815&quot;:&quot;hybridMultilevel&quot;}\" data-aria-posinset=\"2\" data-aria-level=\"1\"><i><span data-contrast=\"auto\">Igualmente, intervinieron una pieza art\u00edstica colectiva basada en experiencias de sufrimiento y resiliencia<\/span><\/i><span data-ccp-props=\"{}\">\u00a0<\/span><\/li>\n<\/ul>\n<p><span data-ccp-props=\"{}\">\u00a0<\/span><\/p>\n<div id=\"attachment_152711\" style=\"width: 732px\" class=\"wp-caption aligncenter\"><img loading=\"lazy\" decoding=\"async\" aria-describedby=\"caption-attachment-152711\" class=\"size-full wp-image-152711\" src=\"https:\/\/www.uv.mx\/prensa\/files\/2025\/03\/110325-CARLOS-Narrativas-compartidas-1-100k.jpg\" alt=\"Las actividades se llevaron a cabo en la Pinacoteca \u201cDiego Rivera\u201d \" width=\"722\" height=\"482\" srcset=\"https:\/\/www.uv.mx\/prensa\/files\/2025\/03\/110325-CARLOS-Narrativas-compartidas-1-100k.jpg 722w, https:\/\/www.uv.mx\/prensa\/files\/2025\/03\/110325-CARLOS-Narrativas-compartidas-1-100k-300x200.jpg 300w\" sizes=\"auto, (max-width: 722px) 100vw, 722px\" \/><p id=\"caption-attachment-152711\" class=\"wp-caption-text\">Las actividades se llevaron a cabo en la Pinacoteca \u201cDiego Rivera\u201d<\/p><\/div>\n<p>&nbsp;<\/p>\n<p><b><i><span data-contrast=\"auto\">Texto y fotos: Carlos Hugo Hermida Rosales<\/span><\/i><\/b><\/p>\n<p><b><i><span data-contrast=\"auto\">13\/03\/2025, Xalapa, Ver-<\/span><\/i><\/b><span data-contrast=\"auto\"> \u201cEl arte contempor\u00e1neo no debe estar separado de las problem\u00e1ticas sociales, pues da la oportunidad de visibilizarlas y evita que caigan en el olvido\u201d, afirm\u00f3 Claudia Leticia Velasco Garc\u00eda, catedr\u00e1tica de la Facultad de Danza de la Universidad Veracruzana (UV).\u00a0<\/span><span data-ccp-props=\"{}\">\u00a0<\/span><\/p>\n<p><span data-contrast=\"auto\">En la Pinacoteca \u201cDiego Rivera\u201d, junto con colegas, egresadas y una estudiante de la Unidad de Artes, la docente desarroll\u00f3 el evento \u201cNarrativas compartidas\u201d, que const\u00f3 de un c\u00edrculo de conversaci\u00f3n, la construcci\u00f3n de una pieza art\u00edstica colectiva basada en experiencias de sufrimiento y resiliencia, y una acci\u00f3n perform\u00e1tica.<\/span><span data-ccp-props=\"{&quot;335559731&quot;:708}\">\u00a0<\/span><\/p>\n<p><span data-contrast=\"auto\">\u00a0En la iniciativa, enmarcada en el D\u00eda Internacional de la Mujer, participaron Roxana C\u00e1mara V\u00e1zquez y Minerva Torres Vicente, profesoras de la Facultad de Artes Pl\u00e1sticas; Fernanda Frida Lom\u00e1n Amaro, L\u00eda J\u00e1come y Celina Couoh, egresadas y estudiante de la misma entidad acad\u00e9mica, respectivamente, y Leonor Flores Hern\u00e1ndez, artista de la Direcci\u00f3n General de Difusi\u00f3n Cultural.\u00a0<\/span><\/p>\n<div id=\"attachment_152710\" style=\"width: 732px\" class=\"wp-caption aligncenter\"><img loading=\"lazy\" decoding=\"async\" aria-describedby=\"caption-attachment-152710\" class=\"size-full wp-image-152710\" src=\"https:\/\/www.uv.mx\/prensa\/files\/2025\/03\/110325-CARLOS-Narrativas-compartidas-2-100k.jpg\" alt=\"La iniciativa congreg\u00f3 a mujeres de todas las edades \" width=\"722\" height=\"482\" srcset=\"https:\/\/www.uv.mx\/prensa\/files\/2025\/03\/110325-CARLOS-Narrativas-compartidas-2-100k.jpg 722w, https:\/\/www.uv.mx\/prensa\/files\/2025\/03\/110325-CARLOS-Narrativas-compartidas-2-100k-300x200.jpg 300w\" sizes=\"auto, (max-width: 722px) 100vw, 722px\" \/><p id=\"caption-attachment-152710\" class=\"wp-caption-text\">La iniciativa congreg\u00f3 a mujeres de todas las edades<\/p><\/div>\n<p>&nbsp;<\/p>\n<p><span data-contrast=\"auto\">Leticia Velasco comparti\u00f3 que el c\u00edrculo de conversaci\u00f3n fue coordinado por Frida Lom\u00e1n, en el cual las asistentes hablaron de sus heridas f\u00edsicas y emocionales, el cuerpo y la transformaci\u00f3n, y a partir de esa charla intervinieron una pieza art\u00edstica que posteriormente fue utilizada en el <\/span><i><span data-contrast=\"auto\">performance<\/span><\/i><span data-contrast=\"auto\"> \u201cKintsugi\u201d.<\/span><span data-ccp-props=\"{&quot;335559731&quot;:708}\">\u00a0<\/span><\/p>\n<p><span data-contrast=\"auto\">\u201cComo instituci\u00f3n de educaci\u00f3n superior p\u00fablica, es importante que la UV realice acciones que dejen en claro el v\u00ednculo con la sociedad\u201d, enfatiz\u00f3.<\/span><span data-ccp-props=\"{&quot;335559731&quot;:708}\">\u00a0<\/span><\/p>\n<p><span data-contrast=\"auto\">Roxana C\u00e1mara destac\u00f3 que \u201cNarrativas compartidas\u201d dio la oportunidad a las asistentes de expresar su sentir respecto a procesos de no acompa\u00f1amiento, maternidad en soledad, cambios hormonales, e incluso etapas de sufrimiento.<\/span><\/p>\n<div id=\"attachment_152709\" style=\"width: 732px\" class=\"wp-caption aligncenter\"><img loading=\"lazy\" decoding=\"async\" aria-describedby=\"caption-attachment-152709\" class=\"size-full wp-image-152709\" src=\"https:\/\/www.uv.mx\/prensa\/files\/2025\/03\/110325-CARLOS-Narrativas-compartidas-3-100k.jpg\" alt=\"Claudia Leticia Velasco Garc\u00eda \" width=\"722\" height=\"482\" srcset=\"https:\/\/www.uv.mx\/prensa\/files\/2025\/03\/110325-CARLOS-Narrativas-compartidas-3-100k.jpg 722w, https:\/\/www.uv.mx\/prensa\/files\/2025\/03\/110325-CARLOS-Narrativas-compartidas-3-100k-300x200.jpg 300w\" sizes=\"auto, (max-width: 722px) 100vw, 722px\" \/><p id=\"caption-attachment-152709\" class=\"wp-caption-text\">Claudia Leticia Velasco Garc\u00eda<\/p><\/div>\n<p>&nbsp;<\/p>\n<p><span data-contrast=\"auto\">A su vez, Minerva Torres coment\u00f3 que la iniciativa permiti\u00f3 trabajar cicatrices f\u00edsicas y emocionales, as\u00ed como el dolor que dejan.<\/span><span data-ccp-props=\"{&quot;335559731&quot;:708}\">\u00a0<\/span><\/p>\n<p><span data-contrast=\"auto\">\u201cEn estos d\u00edas muchas mujeres han marchado por sus derechos; no nos pod\u00edamos quedar sin participar, y lo hicimos tocando corazones por medio del arte\u201d, manifest\u00f3.\u00a0<\/span><span data-ccp-props=\"{&quot;335559731&quot;:708}\">\u00a0<\/span><\/p>\n<p><span data-contrast=\"auto\">Finalmente, Leonor Flores mencion\u00f3 que algunas de las organizadoras de \u201cNarrativas compartidas\u201d ya han desarrollado actividades para promover la sustentabilidad, y buscan continuar en la misma l\u00ednea a fin de visibilizar otras cuestiones.<\/span><\/p>\n<div id=\"attachment_152712\" style=\"width: 732px\" class=\"wp-caption aligncenter\"><img loading=\"lazy\" decoding=\"async\" aria-describedby=\"caption-attachment-152712\" class=\"size-full wp-image-152712\" src=\"https:\/\/www.uv.mx\/prensa\/files\/2025\/03\/110325-CARLOS-Narrativas-compartidas-4-100k.jpg\" alt=\"Frida Lom\u00e1n coordin\u00f3 el c\u00edrculo de conversaci\u00f3n  \" width=\"722\" height=\"482\" srcset=\"https:\/\/www.uv.mx\/prensa\/files\/2025\/03\/110325-CARLOS-Narrativas-compartidas-4-100k.jpg 722w, https:\/\/www.uv.mx\/prensa\/files\/2025\/03\/110325-CARLOS-Narrativas-compartidas-4-100k-300x200.jpg 300w\" sizes=\"auto, (max-width: 722px) 100vw, 722px\" \/><p id=\"caption-attachment-152712\" class=\"wp-caption-text\">Frida Lom\u00e1n coordin\u00f3 el c\u00edrculo de conversaci\u00f3n<\/p><\/div>\n<p><span data-ccp-props=\"{&quot;335559731&quot;:708}\">\u00a0<\/span><\/p>\n<p>&nbsp;<\/p>\n<p><span data-contrast=\"auto\">\u201cEl trabajo multidisciplinario diversifica el concepto art\u00edstico y gracias a \u00e9l surgen nuevas formas de expresi\u00f3n, \u00fatiles para presentar cualquier tema\u201d, asever\u00f3.\u00a0<\/span><span data-ccp-props=\"{&quot;335559731&quot;:708}\">\u00a0<\/span><\/p>\n","protected":false},"excerpt":{"rendered":"<p>Da la oportunidad de visibilizarlas y evitar que caigan en el olvido <\/p>\n","protected":false},"author":1775,"featured_media":152708,"comment_status":"closed","ping_status":"closed","sticky":false,"template":"","format":"standard","meta":{"footnotes":""},"categories":[11,1,61],"tags":[4161,22475,22031,1723,10377,743,1476,138,22473,22477,22476,22474,22472,22470,9658,22469,22471,2279],"class_list":["post-152739","post","type-post","status-publish","format-standard","has-post-thumbnail","hentry","category-cultura","category-general","category-banner","tag-carlos-hugo-hermida-rosales","tag-celina-couoh","tag-claudia-leticia-velasco-garcia","tag-dia-internacional-de-la-mujer","tag-diego-rivera","tag-direccion-general-de-difusion-cultural","tag-facultad-de-artes-plasticas","tag-facultad-de-danza","tag-fernanda-frida-loman-amaro","tag-kintsugi","tag-leonor-flores-hernandez","tag-lia-jacome","tag-minerva-torres-vicente","tag-narrativas-compartidas","tag-performance","tag-pinacoteca","tag-roxana-camara-vazquez","tag-unidad-de-artes"],"_links":{"self":[{"href":"https:\/\/www.uv.mx\/prensa\/wp-json\/wp\/v2\/posts\/152739","targetHints":{"allow":["GET"]}}],"collection":[{"href":"https:\/\/www.uv.mx\/prensa\/wp-json\/wp\/v2\/posts"}],"about":[{"href":"https:\/\/www.uv.mx\/prensa\/wp-json\/wp\/v2\/types\/post"}],"author":[{"embeddable":true,"href":"https:\/\/www.uv.mx\/prensa\/wp-json\/wp\/v2\/users\/1775"}],"replies":[{"embeddable":true,"href":"https:\/\/www.uv.mx\/prensa\/wp-json\/wp\/v2\/comments?post=152739"}],"version-history":[{"count":1,"href":"https:\/\/www.uv.mx\/prensa\/wp-json\/wp\/v2\/posts\/152739\/revisions"}],"predecessor-version":[{"id":152740,"href":"https:\/\/www.uv.mx\/prensa\/wp-json\/wp\/v2\/posts\/152739\/revisions\/152740"}],"wp:featuredmedia":[{"embeddable":true,"href":"https:\/\/www.uv.mx\/prensa\/wp-json\/wp\/v2\/media\/152708"}],"wp:attachment":[{"href":"https:\/\/www.uv.mx\/prensa\/wp-json\/wp\/v2\/media?parent=152739"}],"wp:term":[{"taxonomy":"category","embeddable":true,"href":"https:\/\/www.uv.mx\/prensa\/wp-json\/wp\/v2\/categories?post=152739"},{"taxonomy":"post_tag","embeddable":true,"href":"https:\/\/www.uv.mx\/prensa\/wp-json\/wp\/v2\/tags?post=152739"}],"curies":[{"name":"wp","href":"https:\/\/api.w.org\/{rel}","templated":true}]}}