{"id":152481,"date":"2025-03-07T15:57:08","date_gmt":"2025-03-07T21:57:08","guid":{"rendered":"https:\/\/www.uv.mx\/prensa\/?p=152481"},"modified":"2025-03-07T17:49:04","modified_gmt":"2025-03-07T23:49:04","slug":"uv-reconoce-aportes-de-academicas-e-investigadoras","status":"publish","type":"post","link":"https:\/\/www.uv.mx\/prensa\/general\/uv-reconoce-aportes-de-academicas-e-investigadoras\/","title":{"rendered":"UV reconoce aportes de acad\u00e9micas e investigadoras"},"content":{"rendered":"<ul>\n<li data-leveltext=\"\uf0b7\" data-font=\"Symbol\" data-listid=\"4\" data-list-defn-props=\"{&quot;335552541&quot;:1,&quot;335559685&quot;:720,&quot;335559991&quot;:360,&quot;469769226&quot;:&quot;Symbol&quot;,&quot;469769242&quot;:[8226],&quot;469777803&quot;:&quot;left&quot;,&quot;469777804&quot;:&quot;\uf0b7&quot;,&quot;469777815&quot;:&quot;hybridMultilevel&quot;}\" data-aria-posinset=\"1\" data-aria-level=\"1\"><i><span data-contrast=\"auto\">La Direcci\u00f3n General de Investigaciones realiz\u00f3 encuentro en el marco del D\u00eda Internacional de las Mujeres<\/span><\/i><span data-ccp-props=\"{&quot;134233117&quot;:false,&quot;134233118&quot;:false,&quot;201341983&quot;:0,&quot;335559738&quot;:0,&quot;335559739&quot;:0,&quot;335559740&quot;:240}\">\u00a0<\/span><\/li>\n<\/ul>\n<ul>\n<li data-leveltext=\"\uf0b7\" data-font=\"Symbol\" data-listid=\"4\" data-list-defn-props=\"{&quot;335552541&quot;:1,&quot;335559685&quot;:720,&quot;335559991&quot;:360,&quot;469769226&quot;:&quot;Symbol&quot;,&quot;469769242&quot;:[8226],&quot;469777803&quot;:&quot;left&quot;,&quot;469777804&quot;:&quot;\uf0b7&quot;,&quot;469777815&quot;:&quot;hybridMultilevel&quot;}\" data-aria-posinset=\"2\" data-aria-level=\"1\"><i><span data-contrast=\"auto\">\u201cLa desigualdad de g\u00e9nero, sus engranajes y motivaciones son una parte muy significativa de la realidad social y cultural\u201d, reconoci\u00f3 Mart\u00edn Aguilar S\u00e1nchez, rector de la instituci\u00f3n<\/span><\/i><span data-ccp-props=\"{&quot;134233117&quot;:false,&quot;134233118&quot;:false,&quot;201341983&quot;:0,&quot;335559738&quot;:0,&quot;335559739&quot;:0,&quot;335559740&quot;:240}\">\u00a0<\/span><\/li>\n<\/ul>\n<ul>\n<li data-leveltext=\"\uf0b7\" data-font=\"Symbol\" data-listid=\"4\" data-list-defn-props=\"{&quot;335552541&quot;:1,&quot;335559685&quot;:720,&quot;335559991&quot;:360,&quot;469769226&quot;:&quot;Symbol&quot;,&quot;469769242&quot;:[8226],&quot;469777803&quot;:&quot;left&quot;,&quot;469777804&quot;:&quot;\uf0b7&quot;,&quot;469777815&quot;:&quot;hybridMultilevel&quot;}\" data-aria-posinset=\"3\" data-aria-level=\"1\"><i><span data-contrast=\"auto\">Se ha incrementado el n\u00famero de mujeres en el Sistema Nacional de Investigadoras e Investigadores, afirmaron las autoridades<\/span><\/i><span data-ccp-props=\"{&quot;134233117&quot;:false,&quot;134233118&quot;:false,&quot;201341983&quot;:0,&quot;335559738&quot;:0,&quot;335559739&quot;:0,&quot;335559740&quot;:240}\">\u00a0<\/span><\/li>\n<\/ul>\n<p><span data-ccp-props=\"{&quot;134233117&quot;:false,&quot;134233118&quot;:false,&quot;201341983&quot;:0,&quot;335559738&quot;:0,&quot;335559739&quot;:0,&quot;335559740&quot;:240}\">\u00a0<\/span><\/p>\n<div id=\"attachment_152492\" style=\"width: 732px\" class=\"wp-caption aligncenter\"><img loading=\"lazy\" decoding=\"async\" aria-describedby=\"caption-attachment-152492\" class=\"size-full wp-image-152492\" src=\"https:\/\/www.uv.mx\/prensa\/files\/2025\/03\/070325-DAVID-Encuentro-aportes-y-retos-de-la-mujer-2-100k.jpg\" alt=\"\" width=\"722\" height=\"486\" srcset=\"https:\/\/www.uv.mx\/prensa\/files\/2025\/03\/070325-DAVID-Encuentro-aportes-y-retos-de-la-mujer-2-100k.jpg 722w, https:\/\/www.uv.mx\/prensa\/files\/2025\/03\/070325-DAVID-Encuentro-aportes-y-retos-de-la-mujer-2-100k-300x202.jpg 300w\" sizes=\"auto, (max-width: 722px) 100vw, 722px\" \/><p id=\"caption-attachment-152492\" class=\"wp-caption-text\">Mart\u00edn Aguilar, rector de la UV, afirm\u00f3 que se realizan esfuerzos institucionales para reducir la brecha de g\u00e9nero, como lo constata el <em>Sirei<\/em><\/p><\/div>\n<p>&nbsp;<\/p>\n<p><b><i><span data-contrast=\"auto\">David Sandoval Rodr\u00edguez<\/span><\/i><\/b><span data-ccp-props=\"{&quot;134233117&quot;:false,&quot;134233118&quot;:false,&quot;201341983&quot;:0,&quot;335559738&quot;:0,&quot;335559739&quot;:0,&quot;335559740&quot;:240}\">\u00a0<\/span><\/p>\n<p><b><i><span data-contrast=\"auto\">Fotos: C\u00e9sar Pisil Ramos<\/span><\/i><\/b><span data-ccp-props=\"{&quot;134233117&quot;:false,&quot;134233118&quot;:false,&quot;201341983&quot;:0,&quot;335559738&quot;:0,&quot;335559739&quot;:0,&quot;335559740&quot;:240}\">\u00a0<\/span><\/p>\n<p><b><i><span data-contrast=\"auto\">07\/03\/2025, Xalapa, Ver.-<\/span><\/i><\/b><span data-contrast=\"auto\"> Con el encuentro \u201cAportes y retos de la mujer en la docencia y la investigaci\u00f3n en la Universidad Veracruzana\u201d, inaugurado por el rector Mart\u00edn Aguilar S\u00e1nchez en el marco de la conmemoraci\u00f3n del D\u00eda Internacional de las Mujeres, la instituci\u00f3n visibiliza la labor de las universitarias en todas las disciplinas del conocimiento, indaga y socializa sus hallazgos, as\u00ed como su papel en cada avance cient\u00edfico.\u00a0\u00a0\u00a0\u00a0<\/span><span data-ccp-props=\"{&quot;134233117&quot;:false,&quot;134233118&quot;:false,&quot;201341983&quot;:0,&quot;335559738&quot;:0,&quot;335559739&quot;:0,&quot;335559740&quot;:240}\">\u00a0<\/span><\/p>\n<p><span data-contrast=\"auto\">En la sala de videoconferencias de la Unidad de Servicios Bibliotecarios y de Informaci\u00f3n (USBI), Mart\u00edn Aguilar subray\u00f3 en su discurso que es un d\u00eda muy importante, \u201cespecialmente porque conmemora a las propias mujeres en todas sus luchas de resistencia\u201d.<\/span><span data-ccp-props=\"{&quot;134233117&quot;:false,&quot;134233118&quot;:false,&quot;201341983&quot;:0,&quot;335559731&quot;:705,&quot;335559738&quot;:0,&quot;335559739&quot;:0,&quot;335559740&quot;:240}\">\u00a0<\/span><\/p>\n<p>&nbsp;<\/p>\n<div id=\"attachment_152491\" style=\"width: 732px\" class=\"wp-caption aligncenter\"><img loading=\"lazy\" decoding=\"async\" aria-describedby=\"caption-attachment-152491\" class=\"size-full wp-image-152491\" src=\"https:\/\/www.uv.mx\/prensa\/files\/2025\/03\/070325-DAVID-Encuentro-aportes-y-retos-de-la-mujer-3-100k.jpg\" alt=\"\" width=\"722\" height=\"452\" srcset=\"https:\/\/www.uv.mx\/prensa\/files\/2025\/03\/070325-DAVID-Encuentro-aportes-y-retos-de-la-mujer-3-100k.jpg 722w, https:\/\/www.uv.mx\/prensa\/files\/2025\/03\/070325-DAVID-Encuentro-aportes-y-retos-de-la-mujer-3-100k-300x188.jpg 300w, https:\/\/www.uv.mx\/prensa\/files\/2025\/03\/070325-DAVID-Encuentro-aportes-y-retos-de-la-mujer-3-100k-200x125.jpg 200w\" sizes=\"auto, (max-width: 722px) 100vw, 722px\" \/><p id=\"caption-attachment-152491\" class=\"wp-caption-text\">Roberto Zenteno, titular de la DGI, dijo que el encuentro refuerza el compromiso de fortalecer procesos para el desarrollo e incorporaci\u00f3n de las mujeres en los \u00e1mbitos acad\u00e9micos<\/p><\/div>\n<p>&nbsp;<\/p>\n<p><span data-contrast=\"auto\">Afirm\u00f3 que la desigualdad de g\u00e9nero est\u00e1 entre las disparidades que mantienen a numerosas personas al margen de los progresos sociales m\u00e1s notables, \u201cobviamente a las mismas mujeres, pero tambi\u00e9n a ni\u00f1os y varones que se beneficiar\u00edan de una participaci\u00f3n m\u00e1s activa, m\u00e1s informada e igualitaria de las mujeres en la vida social y p\u00fablica\u201d.<\/span><span data-ccp-props=\"{&quot;134233117&quot;:false,&quot;134233118&quot;:false,&quot;201341983&quot;:0,&quot;335559731&quot;:705,&quot;335559738&quot;:0,&quot;335559739&quot;:0,&quot;335559740&quot;:240}\">\u00a0<\/span><\/p>\n<p><span data-contrast=\"auto\">Record\u00f3 que el 8 de marzo, D\u00eda Internacional de las Mujeres, se instituy\u00f3 como una forma de recordar el pilar fundamental que representan su voz y su poder en cualquier pa\u00eds avanzado, tambi\u00e9n para alertar acerca de que, a pesar de que ellas ocupan puestos de importancia en casi todos los campos, la desigualdad de g\u00e9nero, sus engranajes y motivaciones, son una parte muy significativa de la realidad social y cultural.<\/span><span data-ccp-props=\"{&quot;134233117&quot;:false,&quot;134233118&quot;:false,&quot;201341983&quot;:0,&quot;335559731&quot;:705,&quot;335559738&quot;:0,&quot;335559739&quot;:0,&quot;335559740&quot;:240}\">\u00a0<\/span><\/p>\n<p><b><i><span data-contrast=\"auto\">Brecha entre n\u00famero de investigadoras e investigadores se ha reducido<\/span><\/i><\/b><span data-ccp-props=\"{&quot;134233117&quot;:false,&quot;134233118&quot;:false,&quot;201341983&quot;:0,&quot;335559738&quot;:0,&quot;335559739&quot;:0,&quot;335559740&quot;:240}\">\u00a0<\/span><\/p>\n<p><span data-contrast=\"auto\">Precis\u00f3 que la Direcci\u00f3n General de Investigaciones (DGI), a trav\u00e9s de su Sistema de Registro y Evaluaci\u00f3n de la Investigaci\u00f3n (<\/span><i><span data-contrast=\"auto\">Sirei<\/span><\/i><span data-contrast=\"auto\">), informa que en s\u00f3lo tres a\u00f1os los proyectos registrados por investigadoras han pasado de 99 a 263 y las palabras \u201cmujer\u201d o \u201cg\u00e9nero\u201d aparecen en 84 de esos proyectos.<\/span><span data-ccp-props=\"{&quot;134233117&quot;:false,&quot;134233118&quot;:false,&quot;201341983&quot;:0,&quot;335559738&quot;:0,&quot;335559739&quot;:0,&quot;335559740&quot;:240}\">\u00a0<\/span><\/p>\n<p>&nbsp;<\/p>\n<div id=\"attachment_152490\" style=\"width: 732px\" class=\"wp-caption aligncenter\"><img loading=\"lazy\" decoding=\"async\" aria-describedby=\"caption-attachment-152490\" class=\"size-full wp-image-152490\" src=\"https:\/\/www.uv.mx\/prensa\/files\/2025\/03\/070325-DAVID-Encuentro-aportes-y-retos-de-la-mujer-4-100k.jpg\" alt=\"\" width=\"722\" height=\"515\" srcset=\"https:\/\/www.uv.mx\/prensa\/files\/2025\/03\/070325-DAVID-Encuentro-aportes-y-retos-de-la-mujer-4-100k.jpg 722w, https:\/\/www.uv.mx\/prensa\/files\/2025\/03\/070325-DAVID-Encuentro-aportes-y-retos-de-la-mujer-4-100k-300x214.jpg 300w\" sizes=\"auto, (max-width: 722px) 100vw, 722px\" \/><p id=\"caption-attachment-152490\" class=\"wp-caption-text\">Mar\u00eda Gabriela Nach\u00f3n, acad\u00e9mica coordinadora del encuentro, coment\u00f3 que las investigadoras y acad\u00e9micas contin\u00faan enfrentando obst\u00e1culos en su carrera acad\u00e9mica y cient\u00edfica<\/p><\/div>\n<p>&nbsp;<\/p>\n<p><span data-contrast=\"auto\">Destac\u00f3 adem\u00e1s que \u201cla brecha entre mujeres y hombres que pertenecen al Sistema Nacional de Investigadoras e Investigadores (SNII) se ha ido cerrando a\u00f1o con a\u00f1o, transitando de 242 acad\u00e9micas en 2021 a 435 en 2024, y las plazas de investigador de tipo completo y t\u00e9cnico acad\u00e9mico han incrementado su representaci\u00f3n. Estos datos reflejan el compromiso de la Universidad con la promoci\u00f3n de una mayor inclusi\u00f3n de g\u00e9nero\u201d.<\/span><span data-ccp-props=\"{&quot;134233117&quot;:false,&quot;134233118&quot;:false,&quot;201341983&quot;:0,&quot;335559731&quot;:705,&quot;335559738&quot;:0,&quot;335559739&quot;:0,&quot;335559740&quot;:240}\">\u00a0<\/span><\/p>\n<p><span data-contrast=\"auto\">Roberto Zenteno Cuevas, titular de la DGI,\u202fagreg\u00f3 que las disparidades referidas suponen la necesidad de continuar promoviendo la igualdad de g\u00e9nero en el \u00e1mbito acad\u00e9mico universitario, dado que \u201csus aportaciones no solo han enriquecido al conocimiento, tambi\u00e9n han impulsado el desarrollo, la innovaci\u00f3n y el progreso de la humanidad\u201d.<\/span><span data-ccp-props=\"{&quot;134233117&quot;:false,&quot;134233118&quot;:false,&quot;201341983&quot;:0,&quot;335559731&quot;:705,&quot;335559738&quot;:0,&quot;335559739&quot;:0,&quot;335559740&quot;:240}\">\u00a0<\/span><\/p>\n<p><span data-contrast=\"auto\">Con el encuentro se refuerza el compromiso de fortalecer los procesos para el desarrollo educativo e incorporaci\u00f3n de las mujeres en los \u00e1mbitos acad\u00e9micos, en particular en las instituciones de educaci\u00f3n superior, puntualiz\u00f3 el directivo.<\/span><span data-ccp-props=\"{&quot;134233117&quot;:false,&quot;134233118&quot;:false,&quot;201341983&quot;:0,&quot;335559731&quot;:705,&quot;335559738&quot;:0,&quot;335559739&quot;:0,&quot;335559740&quot;:240}\">\u00a0<\/span><\/p>\n<p>&nbsp;<\/p>\n<div id=\"attachment_152493\" style=\"width: 732px\" class=\"wp-caption aligncenter\"><img loading=\"lazy\" decoding=\"async\" aria-describedby=\"caption-attachment-152493\" class=\"size-full wp-image-152493\" src=\"https:\/\/www.uv.mx\/prensa\/files\/2025\/03\/070325-DAVID-Encuentro-aportes-y-retos-de-la-mujer-5-100k.jpg\" alt=\"\" width=\"722\" height=\"451\" srcset=\"https:\/\/www.uv.mx\/prensa\/files\/2025\/03\/070325-DAVID-Encuentro-aportes-y-retos-de-la-mujer-5-100k.jpg 722w, https:\/\/www.uv.mx\/prensa\/files\/2025\/03\/070325-DAVID-Encuentro-aportes-y-retos-de-la-mujer-5-100k-300x187.jpg 300w, https:\/\/www.uv.mx\/prensa\/files\/2025\/03\/070325-DAVID-Encuentro-aportes-y-retos-de-la-mujer-5-100k-200x125.jpg 200w\" sizes=\"auto, (max-width: 722px) 100vw, 722px\" \/><p id=\"caption-attachment-152493\" class=\"wp-caption-text\">Acad\u00e9micas, funcionarios, directivos y estudiantes asistieron al evento celebrado en la USBI<\/p><\/div>\n<p>&nbsp;<\/p>\n<p><span data-contrast=\"auto\">\u201cEsperamos que este modesto esfuerzo desarrollado desde la Direcci\u00f3n General de Investigaciones nos permita promover un acercamiento como comunidad y al mismo tiempo visibilizar el impacto e influencia que tiene en la investigaci\u00f3n y la docencia\u201d, agreg\u00f3.<\/span><span data-ccp-props=\"{&quot;134233117&quot;:false,&quot;134233118&quot;:false,&quot;201341983&quot;:0,&quot;335559731&quot;:705,&quot;335559738&quot;:0,&quot;335559739&quot;:0,&quot;335559740&quot;:240}\">\u00a0<\/span><\/p>\n<p><span data-contrast=\"auto\">Mar\u00eda Gabriela Nach\u00f3n Garc\u00eda, directora del Instituto de Ciencias de la Salud y coordinadora del encuentro, dio la bienvenida a las y los asistentes: directivos, funcionarios, acad\u00e9micos y acad\u00e9micas, as\u00ed como alumnas de posgrado.<\/span><span data-ccp-props=\"{&quot;134233117&quot;:false,&quot;134233118&quot;:false,&quot;201341983&quot;:0,&quot;335559731&quot;:705,&quot;335559738&quot;:0,&quot;335559739&quot;:0,&quot;335559740&quot;:240}\">\u00a0<\/span><\/p>\n<p><span data-contrast=\"auto\">\u201cHoy nos reunimos para reconocer y reflexionar sobre el papel fundamental de las mujeres en la ciencia y la investigaci\u00f3n; a lo largo de la historia, las mujeres han sido pilar en la educaci\u00f3n formando generaciones de profesionales, cient\u00edficos y l\u00edderes; sin embargo, su camino en la academia de investigaci\u00f3n ha estado marcado por desaf\u00edos que a\u00fan persisten\u201d, coment\u00f3.<\/span><span data-ccp-props=\"{&quot;134233117&quot;:false,&quot;134233118&quot;:false,&quot;201341983&quot;:0,&quot;335559731&quot;:705,&quot;335559738&quot;:0,&quot;335559739&quot;:0,&quot;335559740&quot;:240}\">\u00a0<\/span><\/p>\n<p><span data-contrast=\"auto\">Retom\u00f3 las cifras expuestas por Zenteno Cuevas para a\u00f1adir que a la fecha en la UV se cuentan con mil 34 acad\u00e9micos adscritos al SNII, distribuidos en facultades e institutos de todas las regiones y de los cuales 435 son mujeres, aproximadamente el 42% del total.<\/span><span data-ccp-props=\"{&quot;134233117&quot;:false,&quot;134233118&quot;:false,&quot;201341983&quot;:0,&quot;335559731&quot;:705,&quot;335559738&quot;:0,&quot;335559739&quot;:0,&quot;335559740&quot;:240}\">\u00a0<\/span><\/p>\n<p><span data-contrast=\"auto\">\u201cA pesar de los avances en igualdad de g\u00e9nero en muchas \u00e1reas de la sociedad, las mujeres investigadoras contin\u00faan enfrentando obst\u00e1culos en su carrera acad\u00e9mica y cient\u00edfica\u201d, asever\u00f3; \u201clas desigualdades persisten y requieren de una reflexi\u00f3n profunda y acciones concretas para ser superadas\u201d.<\/span><span data-ccp-props=\"{&quot;134233117&quot;:false,&quot;134233118&quot;:false,&quot;201341983&quot;:0,&quot;335559731&quot;:705,&quot;335559738&quot;:0,&quot;335559739&quot;:0,&quot;335559740&quot;:240}\">\u00a0<\/span><\/p>\n<p><span data-contrast=\"auto\">Estuvieron: Lizbeth Viveros Cancino, secretaria de Administraci\u00f3n y Finanzas; Anabel Ojeda Guti\u00e9rrez, coordinadora de la Unidad de G\u00e9nero, y por videoconferencia atendieron las y los vicerrectores de las cuatro regiones universitarias.<\/span><span data-ccp-props=\"{&quot;134233117&quot;:false,&quot;134233118&quot;:false,&quot;201341983&quot;:0,&quot;335559731&quot;:705,&quot;335559738&quot;:0,&quot;335559739&quot;:0,&quot;335559740&quot;:240}\">\u00a0<\/span><\/p>\n<p><span data-ccp-props=\"{&quot;134233117&quot;:false,&quot;134233118&quot;:false,&quot;201341983&quot;:0,&quot;335559738&quot;:0,&quot;335559739&quot;:0,&quot;335559740&quot;:240}\">\u00a0<\/span><\/p>\n","protected":false},"excerpt":{"rendered":"<p>Se realiz\u00f3 el encuentro \u201cAportes y retos de la mujer en la docencia y la investigaci\u00f3n en la Universidad Veracruzana\u201d <\/p>\n","protected":false},"author":1809,"featured_media":152476,"comment_status":"closed","ping_status":"closed","sticky":false,"template":"","format":"standard","meta":{"footnotes":""},"categories":[45,1,61],"tags":[22303,2843,780,22304,241,2140,6734,6696,2700,1445,21147,430,22305,14724],"class_list":["post-152481","post","type-post","status-publish","format-standard","has-post-thumbnail","hentry","category-ciencia","category-general","category-banner","tag-aportes-y-retos-de-la-mujer-en-la-docencia-y-la-investigacion-en-la-universidad-veracruzana","tag-anabel-ojeda-gutierrez","tag-coordinacion-de-la-unidad-de-genero","tag-dia-internacional-de-las-mujeres","tag-direccion-general-de-investigaciones-dgi","tag-instituto-de-ciencias-de-la-salud","tag-lizbeth-viveros-cancino","tag-maria-gabriela-nachon-garcia","tag-martin-aguilar-sanchez","tag-roberto-zenteno-cuevas","tag-sala-de-videoconferencias-de-la-unidad-de-servicios-bibliotecarios-y-de-informacion-usbi","tag-secretaria-de-administracion-y-finanzas","tag-sistema-de-registro-y-evaluacion-de-la-investigacion-sirei","tag-sistema-nacional-de-investigadoras-e-investigadores-snii"],"_links":{"self":[{"href":"https:\/\/www.uv.mx\/prensa\/wp-json\/wp\/v2\/posts\/152481","targetHints":{"allow":["GET"]}}],"collection":[{"href":"https:\/\/www.uv.mx\/prensa\/wp-json\/wp\/v2\/posts"}],"about":[{"href":"https:\/\/www.uv.mx\/prensa\/wp-json\/wp\/v2\/types\/post"}],"author":[{"embeddable":true,"href":"https:\/\/www.uv.mx\/prensa\/wp-json\/wp\/v2\/users\/1809"}],"replies":[{"embeddable":true,"href":"https:\/\/www.uv.mx\/prensa\/wp-json\/wp\/v2\/comments?post=152481"}],"version-history":[{"count":1,"href":"https:\/\/www.uv.mx\/prensa\/wp-json\/wp\/v2\/posts\/152481\/revisions"}],"predecessor-version":[{"id":152494,"href":"https:\/\/www.uv.mx\/prensa\/wp-json\/wp\/v2\/posts\/152481\/revisions\/152494"}],"wp:featuredmedia":[{"embeddable":true,"href":"https:\/\/www.uv.mx\/prensa\/wp-json\/wp\/v2\/media\/152476"}],"wp:attachment":[{"href":"https:\/\/www.uv.mx\/prensa\/wp-json\/wp\/v2\/media?parent=152481"}],"wp:term":[{"taxonomy":"category","embeddable":true,"href":"https:\/\/www.uv.mx\/prensa\/wp-json\/wp\/v2\/categories?post=152481"},{"taxonomy":"post_tag","embeddable":true,"href":"https:\/\/www.uv.mx\/prensa\/wp-json\/wp\/v2\/tags?post=152481"}],"curies":[{"name":"wp","href":"https:\/\/api.w.org\/{rel}","templated":true}]}}