{"id":152259,"date":"2025-03-03T15:54:20","date_gmt":"2025-03-03T21:54:20","guid":{"rendered":"https:\/\/www.uv.mx\/prensa\/?p=152259"},"modified":"2025-03-03T15:54:20","modified_gmt":"2025-03-03T21:54:20","slug":"fomentar-vocacion-cientifica-en-ninas-reduciria-brecha-de-desigualdad","status":"publish","type":"post","link":"https:\/\/www.uv.mx\/prensa\/general\/fomentar-vocacion-cientifica-en-ninas-reduciria-brecha-de-desigualdad\/","title":{"rendered":"Fomentar vocaci\u00f3n cient\u00edfica en ni\u00f1as reducir\u00eda brecha de desigualdad"},"content":{"rendered":"<ul>\n<li data-leveltext=\"\uf0b7\" data-font=\"Symbol\" data-listid=\"1\" data-list-defn-props=\"{&quot;335551671&quot;:11,&quot;335552541&quot;:1,&quot;335559685&quot;:720,&quot;335559991&quot;:360,&quot;469769226&quot;:&quot;Symbol&quot;,&quot;469769242&quot;:[8226],&quot;469777803&quot;:&quot;left&quot;,&quot;469777804&quot;:&quot;\uf0b7&quot;,&quot;469777815&quot;:&quot;hybridMultilevel&quot;}\" data-aria-posinset=\"11\" data-aria-level=\"1\"><i><span data-contrast=\"auto\">\u201cDatos de la UNESCO reflejan que solo 30% de investigaciones son de mujeres\u201d: Tania Romo Gonz\u00e1lez de la Parra, del Instituto de Investigaciones Biol\u00f3gicas UV<\/span><\/i><span data-ccp-props=\"{&quot;134233117&quot;:false,&quot;134233118&quot;:false,&quot;201341983&quot;:0,&quot;335557856&quot;:16777215,&quot;335559738&quot;:0,&quot;335559739&quot;:0,&quot;335559740&quot;:240}\">\u00a0<\/span><\/li>\n<\/ul>\n<ul>\n<li data-leveltext=\"\uf0b7\" data-font=\"Symbol\" data-listid=\"1\" data-list-defn-props=\"{&quot;335551671&quot;:11,&quot;335552541&quot;:1,&quot;335559685&quot;:720,&quot;335559991&quot;:360,&quot;469769226&quot;:&quot;Symbol&quot;,&quot;469769242&quot;:[8226],&quot;469777803&quot;:&quot;left&quot;,&quot;469777804&quot;:&quot;\uf0b7&quot;,&quot;469777815&quot;:&quot;hybridMultilevel&quot;}\" data-aria-posinset=\"12\" data-aria-level=\"1\"><i><span data-contrast=\"auto\">\u201cLucy Hobbs Taylor abri\u00f3 las puertas a la mujer en el campo de la odontolog\u00eda\u201d: Antonia Barranca Enr\u00edquez, cirujana especialista en endodoncia, de la regi\u00f3n Veracruz<\/span><\/i><span data-ccp-props=\"{&quot;134233117&quot;:false,&quot;134233118&quot;:false,&quot;201341983&quot;:0,&quot;335557856&quot;:16777215,&quot;335559738&quot;:0,&quot;335559739&quot;:0,&quot;335559740&quot;:240}\">\u00a0<\/span><\/li>\n<\/ul>\n<p><span data-ccp-props=\"{&quot;134233117&quot;:false,&quot;134233118&quot;:false,&quot;201341983&quot;:0,&quot;335557856&quot;:16777215,&quot;335559738&quot;:0,&quot;335559739&quot;:0,&quot;335559740&quot;:240}\">\u00a0<\/span><\/p>\n<div id=\"attachment_152163\" style=\"width: 732px\" class=\"wp-caption aligncenter\"><a href=\"https:\/\/www.uv.mx\/prensa\/files\/2025\/02\/250225-COUTTOLENC-Salud-integrativa-1-100k.jpg\"><img loading=\"lazy\" decoding=\"async\" aria-describedby=\"caption-attachment-152163\" class=\"size-full wp-image-152163\" src=\"https:\/\/www.uv.mx\/prensa\/files\/2025\/02\/250225-COUTTOLENC-Salud-integrativa-1-100k.jpg\" alt=\"\" width=\"722\" height=\"425\" srcset=\"https:\/\/www.uv.mx\/prensa\/files\/2025\/02\/250225-COUTTOLENC-Salud-integrativa-1-100k.jpg 722w, https:\/\/www.uv.mx\/prensa\/files\/2025\/02\/250225-COUTTOLENC-Salud-integrativa-1-100k-300x177.jpg 300w\" sizes=\"auto, (max-width: 722px) 100vw, 722px\" \/><\/a><p id=\"caption-attachment-152163\" class=\"wp-caption-text\">Tania Romo Gonz\u00e1lez de la Parra y Antonia Barranca Enr\u00edquez ofrecieron la charla \u201cSalud integrativa con perspectiva de g\u00e9nero\u201d<\/p><\/div>\n<p>&nbsp;<\/p>\n<p><b><i><span data-contrast=\"auto\">Jos\u00e9 Luis Couttolenc Soto<\/span><\/i><\/b><span data-ccp-props=\"{&quot;134233117&quot;:false,&quot;134233118&quot;:false,&quot;201341983&quot;:0,&quot;335557856&quot;:16777215,&quot;335559731&quot;:0,&quot;335559738&quot;:0,&quot;335559739&quot;:0,&quot;335559740&quot;:240}\">\u00a0<\/span><\/p>\n<p><b><i><span data-contrast=\"auto\">03\/03\/2025, Xalapa, Ver.- <\/span><\/i><\/b><span data-contrast=\"auto\">Tania Romo Gonz\u00e1lez de la Parra y Antonia Barranca Enr\u00edquez, investigadoras de la Universidad Veracruzana (UV), hablaron de la inequidad de g\u00e9nero que persiste en la ciencia, a pesar de los avances y de la presencia de este sector en distintos \u00e1mbitos acad\u00e9micos y cient\u00edficos, en el marco de las actividades del d\u00e9cimo aniversario del D\u00eda Internacional de la Mujer y la Ni\u00f1a en la Ciencia,<\/span><span data-ccp-props=\"{&quot;134233117&quot;:false,&quot;134233118&quot;:false,&quot;201341983&quot;:0,&quot;335557856&quot;:16777215,&quot;335559738&quot;:0,&quot;335559739&quot;:0,&quot;335559740&quot;:240}\">\u00a0<\/span><\/p>\n<p><span data-contrast=\"auto\">Las investigadoras ofrecieron una charla virtual conjunta en la que abordaron el tema de la salud integrativa con perspectiva de g\u00e9nero.<\/span><span data-ccp-props=\"{&quot;134233117&quot;:false,&quot;134233118&quot;:false,&quot;201341983&quot;:0,&quot;335557856&quot;:16777215,&quot;335559731&quot;:708,&quot;335559738&quot;:0,&quot;335559739&quot;:0,&quot;335559740&quot;:240}\">\u00a0<\/span><\/p>\n<p><span data-contrast=\"auto\">Romo de la Parra, adscrita al Instituto de Investigaciones Biol\u00f3gicas (IIB), apunt\u00f3 que a pesar del avance registrado en t\u00e9rminos cient\u00edficos, datos de la UNESCO reflejan que solo el 30% de las investigaciones corresponden a mujeres.<\/span><span data-ccp-props=\"{&quot;134233117&quot;:false,&quot;134233118&quot;:false,&quot;201341983&quot;:0,&quot;335557856&quot;:16777215,&quot;335559731&quot;:708,&quot;335559738&quot;:0,&quot;335559739&quot;:0,&quot;335559740&quot;:240}\">\u00a0<\/span><\/p>\n<p><span data-contrast=\"auto\">Los estereotipos ocultan una parte importante de la historia cient\u00edfica y perpet\u00faan la desigualdad de g\u00e9nero en el acceso a esos campos de estudio y carreras.\u00a0<\/span><span data-ccp-props=\"{&quot;134233117&quot;:false,&quot;134233118&quot;:false,&quot;201341983&quot;:0,&quot;335557856&quot;:16777215,&quot;335559731&quot;:708,&quot;335559738&quot;:0,&quot;335559739&quot;:0,&quot;335559740&quot;:240}\">\u00a0<\/span><\/p>\n<p>&nbsp;<\/p>\n<div id=\"attachment_152164\" style=\"width: 732px\" class=\"wp-caption aligncenter\"><a href=\"https:\/\/www.uv.mx\/prensa\/files\/2025\/02\/250225-COUTTOLENC-Salud-integrativa-2-100k.jpg\"><img loading=\"lazy\" decoding=\"async\" aria-describedby=\"caption-attachment-152164\" class=\"size-full wp-image-152164\" src=\"https:\/\/www.uv.mx\/prensa\/files\/2025\/02\/250225-COUTTOLENC-Salud-integrativa-2-100k.jpg\" alt=\"\" width=\"722\" height=\"425\" srcset=\"https:\/\/www.uv.mx\/prensa\/files\/2025\/02\/250225-COUTTOLENC-Salud-integrativa-2-100k.jpg 722w, https:\/\/www.uv.mx\/prensa\/files\/2025\/02\/250225-COUTTOLENC-Salud-integrativa-2-100k-300x177.jpg 300w\" sizes=\"auto, (max-width: 722px) 100vw, 722px\" \/><\/a><p id=\"caption-attachment-152164\" class=\"wp-caption-text\">Las ponentes hicieron un llamado a fomentar la vocaci\u00f3n cient\u00edfica en las ni\u00f1as, a fin de contribuir a la reducci\u00f3n de la brecha de desigualdad en el campo de la investigaci\u00f3n<\/p><\/div>\n<p>&nbsp;<\/p>\n<p><span data-contrast=\"auto\">\u201cEstamos muy lejos de alcanzar una equidad de g\u00e9nero en t\u00e9rminos de nuestra presencia en la ciencia\u201d, se\u00f1al\u00f3 e hizo un llamado a fomentar la vocaci\u00f3n cient\u00edfica en las ni\u00f1as, a fin de contribuir a la reducci\u00f3n de la brecha de desigualdad.\u00a0<\/span><span data-ccp-props=\"{&quot;134233117&quot;:false,&quot;134233118&quot;:false,&quot;201341983&quot;:0,&quot;335557856&quot;:16777215,&quot;335559731&quot;:708,&quot;335559738&quot;:0,&quot;335559739&quot;:0,&quot;335559740&quot;:240}\">\u00a0<\/span><\/p>\n<p><span data-contrast=\"auto\">Manifest\u00f3 que la producci\u00f3n cient\u00edfica y la labor de investigaci\u00f3n se nutren de la diversidad; resalt\u00f3 que no es posible ejercer el derecho a la ciencia en contextos de inequidad de accesos o desarrollo de carreras, lo que hace importante avanzar en estos aspectos \u201cy que nadie se quede atr\u00e1s\u201d.<\/span><span data-ccp-props=\"{&quot;134233117&quot;:false,&quot;134233118&quot;:false,&quot;201341983&quot;:0,&quot;335557856&quot;:16777215,&quot;335559731&quot;:708,&quot;335559738&quot;:0,&quot;335559739&quot;:0,&quot;335559740&quot;:240}\">\u00a0<\/span><\/p>\n<p><span data-contrast=\"auto\">Expres\u00f3 que la incorporaci\u00f3n de la perspectiva de g\u00e9nero en la medicina ha permitido entender que s\u00edntomas de algunas enfermedades y efectos secundarios de medicamentos tienen impacto distinto en mujeres y hombres, y que esta misma incorporaci\u00f3n ha dado paso al mejoramiento en el desarrollo cient\u00edfico, tecnol\u00f3gico y urbano, y sus beneficios van m\u00e1s all\u00e1 de la esfera pol\u00edtica.<\/span><span data-ccp-props=\"{&quot;134233117&quot;:false,&quot;134233118&quot;:false,&quot;201341983&quot;:0,&quot;335557856&quot;:16777215,&quot;335559731&quot;:708,&quot;335559738&quot;:0,&quot;335559739&quot;:0,&quot;335559740&quot;:240}\">\u00a0<\/span><\/p>\n<p>&nbsp;<\/p>\n<div id=\"attachment_152165\" style=\"width: 463px\" class=\"wp-caption aligncenter\"><a href=\"https:\/\/www.uv.mx\/prensa\/files\/2025\/02\/250225-COUTTOLENC-Salud-integrativa-3-100k.jpg\"><img loading=\"lazy\" decoding=\"async\" aria-describedby=\"caption-attachment-152165\" class=\"size-full wp-image-152165\" src=\"https:\/\/www.uv.mx\/prensa\/files\/2025\/02\/250225-COUTTOLENC-Salud-integrativa-3-100k.jpg\" alt=\"\" width=\"453\" height=\"480\" srcset=\"https:\/\/www.uv.mx\/prensa\/files\/2025\/02\/250225-COUTTOLENC-Salud-integrativa-3-100k.jpg 453w, https:\/\/www.uv.mx\/prensa\/files\/2025\/02\/250225-COUTTOLENC-Salud-integrativa-3-100k-283x300.jpg 283w\" sizes=\"auto, (max-width: 453px) 100vw, 453px\" \/><\/a><p id=\"caption-attachment-152165\" class=\"wp-caption-text\">A trav\u00e9s de la cavidad oral, la salud bucal es la v\u00eda para la calidad de vida<\/p><\/div>\n<p>&nbsp;<\/p>\n<p><span data-contrast=\"auto\">Por su parte, Antonia Barranca, cirujana con especialidad en endodoncia y adscrita al Centro de Estudios y Servicios de Salud de la regi\u00f3n Veracruz, habl\u00f3 de la vida, trayectoria y aporte de Lucy Hobbs Taylor, quien fue la primera mujer en el mundo en graduarse de la Escuela de Odontolog\u00eda en Ohio, en 1866.<\/span><span data-ccp-props=\"{&quot;134233117&quot;:false,&quot;134233118&quot;:false,&quot;201341983&quot;:0,&quot;335557856&quot;:16777215,&quot;335559738&quot;:0,&quot;335559739&quot;:0,&quot;335559740&quot;:240}\">\u00a0<\/span><\/p>\n<p><span data-contrast=\"auto\">Detall\u00f3 que antes le hab\u00eda sido negada la inscripci\u00f3n \u00fanicamente por ser mujer, pero Hobbs abri\u00f3 nuevas puertas a muchas mujeres, especialmente en el campo de la medicina, hizo posible que fueran reconocidas en la profesi\u00f3n dental en igualdad de condiciones que los hombres.<\/span><span data-ccp-props=\"{&quot;134233117&quot;:false,&quot;134233118&quot;:false,&quot;201341983&quot;:0,&quot;335557856&quot;:16777215,&quot;335559731&quot;:708,&quot;335559738&quot;:0,&quot;335559739&quot;:0,&quot;335559740&quot;:240}\">\u00a0<\/span><\/p>\n<p><span data-contrast=\"auto\">En cuanto a la salud integrativa con perspectiva de g\u00e9nero, dijo que para el caso de la odontolog\u00eda, corresponde un modelo hol\u00edstico a trav\u00e9s de la cavidad oral, en el que la salud bucal es la v\u00eda para la calidad de vida.<\/span><span data-ccp-props=\"{&quot;134233117&quot;:false,&quot;134233118&quot;:false,&quot;201341983&quot;:0,&quot;335557856&quot;:16777215,&quot;335559731&quot;:708,&quot;335559738&quot;:0,&quot;335559739&quot;:0,&quot;335559740&quot;:240}\">\u00a0<\/span><\/p>\n","protected":false},"excerpt":{"rendered":"<p>Los estereotipos ocultan una parte importante de la historia cient\u00edfica y perpet\u00faan la desigualdad de g\u00e9nero en el acceso a esos campos de estudio y carreras, destacaron investigadoras <\/p>\n","protected":false},"author":1809,"featured_media":152166,"comment_status":"closed","ping_status":"closed","sticky":false,"template":"","format":"standard","meta":{"footnotes":""},"categories":[45,1,61],"tags":[22154,12654,10202,22156,206,4162,22155,2642,21994,299,20311],"class_list":["post-152259","post","type-post","status-publish","format-standard","has-post-thumbnail","hentry","category-ciencia","category-general","category-banner","tag-antonia-barranca-enriquez","tag-centro-de-estudios-y-servicios-de-salud","tag-dia-internacional-de-la-mujer-y-la-nina-en-la-ciencia","tag-escuela-de-odontologia-en-ohio","tag-instituto-de-investigaciones-biologicas-iib","tag-jose-luis-couttolenc-soto","tag-lucy-hobbs-taylor","tag-region-veracruz","tag-tania-romo-gonzalez-de-la-parra","tag-unesco","tag-universidad-veracruzana-uv"],"_links":{"self":[{"href":"https:\/\/www.uv.mx\/prensa\/wp-json\/wp\/v2\/posts\/152259","targetHints":{"allow":["GET"]}}],"collection":[{"href":"https:\/\/www.uv.mx\/prensa\/wp-json\/wp\/v2\/posts"}],"about":[{"href":"https:\/\/www.uv.mx\/prensa\/wp-json\/wp\/v2\/types\/post"}],"author":[{"embeddable":true,"href":"https:\/\/www.uv.mx\/prensa\/wp-json\/wp\/v2\/users\/1809"}],"replies":[{"embeddable":true,"href":"https:\/\/www.uv.mx\/prensa\/wp-json\/wp\/v2\/comments?post=152259"}],"version-history":[{"count":1,"href":"https:\/\/www.uv.mx\/prensa\/wp-json\/wp\/v2\/posts\/152259\/revisions"}],"predecessor-version":[{"id":152260,"href":"https:\/\/www.uv.mx\/prensa\/wp-json\/wp\/v2\/posts\/152259\/revisions\/152260"}],"wp:featuredmedia":[{"embeddable":true,"href":"https:\/\/www.uv.mx\/prensa\/wp-json\/wp\/v2\/media\/152166"}],"wp:attachment":[{"href":"https:\/\/www.uv.mx\/prensa\/wp-json\/wp\/v2\/media?parent=152259"}],"wp:term":[{"taxonomy":"category","embeddable":true,"href":"https:\/\/www.uv.mx\/prensa\/wp-json\/wp\/v2\/categories?post=152259"},{"taxonomy":"post_tag","embeddable":true,"href":"https:\/\/www.uv.mx\/prensa\/wp-json\/wp\/v2\/tags?post=152259"}],"curies":[{"name":"wp","href":"https:\/\/api.w.org\/{rel}","templated":true}]}}