{"id":15225,"date":"2016-09-10T07:00:40","date_gmt":"2016-09-10T12:00:40","guid":{"rendered":"https:\/\/www.uv.mx\/prensa\/?p=15225"},"modified":"2016-09-12T09:11:21","modified_gmt":"2016-09-12T14:11:21","slug":"preparacion-y-experiencia-claves-para-un-buen-desempeno-al-egresar","status":"publish","type":"post","link":"https:\/\/www.uv.mx\/prensa\/general\/preparacion-y-experiencia-claves-para-un-buen-desempeno-al-egresar\/","title":{"rendered":"Preparaci\u00f3n y experiencia, claves para un buen desempe\u00f1o al egresar"},"content":{"rendered":"<p>&nbsp;<\/p>\n<ul>\n<li><em>Estudiantes de la Facultad de Teatro participaron en el Segundo Foro de Egresados del \u00c1rea Acad\u00e9mica de Artes <\/em><\/li>\n<li><em>Estancias de movilidad, posibilidad de crecimiento personal y profesional, asegur\u00f3 Katia Alvarado<\/em><\/li>\n<li><em>\u201cFuera del cobijo de la universidad, la ignorancia puede ser nuestra guillotina\u201d: Daniela Herrera<\/em><\/li>\n<li><em>\u201cEsperar a que alguien venga a tocar nuestra puerta al terminar la licenciatura\u201d, uno de los principales errores, dijo Grecia Melo <\/em><\/li>\n<\/ul>\n<p>&nbsp;<\/p>\n<div id=\"attachment_15226\" style=\"width: 732px\" class=\"wp-caption aligncenter\"><a href=\"https:\/\/www.uv.mx\/prensa\/files\/2016\/09\/Egro-1.jpg\"><img loading=\"lazy\" decoding=\"async\" aria-describedby=\"caption-attachment-15226\" class=\"size-full wp-image-15226\" src=\"https:\/\/www.uv.mx\/prensa\/files\/2016\/09\/Egro-1.jpg\" alt=\"Carlos Torralba, director de la Unidad de Artes y Nerio Gonz\u00e1lez, director de la Facultad de Teatro, inauguraron el evento\" width=\"722\" height=\"482\" srcset=\"https:\/\/www.uv.mx\/prensa\/files\/2016\/09\/Egro-1.jpg 722w, https:\/\/www.uv.mx\/prensa\/files\/2016\/09\/Egro-1-300x200.jpg 300w\" sizes=\"auto, (max-width: 722px) 100vw, 722px\" \/><\/a><p id=\"caption-attachment-15226\" class=\"wp-caption-text\">Carlos Torralba, director de la Unidad de Artes y Nerio Gonz\u00e1lez, director de la Facultad de Teatro, inauguraron el evento<\/p><\/div>\n<p>&nbsp;<\/p>\n<p><strong><em>David Sandoval Rodr\u00edguez<\/em><\/strong><\/p>\n<p><em>\u00a0<\/em><\/p>\n<p><strong><em>Xalapa, Ver. 10\/09\/2016.-<\/em><\/strong><em>\u00a0<\/em>La preparaci\u00f3n y la b\u00fasqueda de experiencias que redunden en la formaci\u00f3n acad\u00e9mica son un factor clave para tener un panorama amplio al egresar de la licenciatura, se\u00f1alaron estudiantes al participar en la mesa \u201cPanorama de un pre-egresado ante el campo laboral\u201d, como parte de las actividades del Segundo Foro de Egresados de la Facultad de Teatro de la Universidad Veracruzana (UV).<\/p>\n<p>En el evento, celebrado el 5 de septiembre en la Galer\u00eda de Artes Pl\u00e1sticas (AP) de la Facultad de Artes, correspondi\u00f3 al director de \u00e9sta, Carlos Torralba Ibarra, y al director de la Facultad de Teatro, Nerio Gonz\u00e1lez Morales, inaugurar formalmente el encuentro.<\/p>\n<p>Nerio Gonz\u00e1lez expres\u00f3 el inter\u00e9s de la Facultad por escuchar las opiniones y observaciones de los alumnos del plan de estudios 2008; asimismo, record\u00f3 que este evento emerge como parte de las actividades sugeridas por el Consejo para la Acreditaci\u00f3n de la Educaci\u00f3n Superior de las Artes (CAESA) y los Comit\u00e9s Interinstitucionales para la Evaluaci\u00f3n de la Educaci\u00f3n Superior (CIEES).<\/p>\n<p>\u201cEstos foros nos sirven para ver c\u00f3mo viven los estudiantes el plan de estudios, nos va a redituar en un insumo importante para la modificaci\u00f3n del mismo.\u201d<\/p>\n<p>A continuaci\u00f3n se realiz\u00f3 una mesa en la que participaron varios estudiantes de la Facultad y tuvo como moderadora a la egresada Rosa Eglantina Gonz\u00e1lez. Entre los participantes, Grecia Melo Bustos destac\u00f3 la importancia de no considerar la vida profesional como una escalera con niveles sucesivos.<\/p>\n<p>&nbsp;<\/p>\n<div id=\"attachment_15227\" style=\"width: 732px\" class=\"wp-caption aligncenter\"><a href=\"https:\/\/www.uv.mx\/prensa\/files\/2016\/09\/tro-2.jpg\"><img loading=\"lazy\" decoding=\"async\" aria-describedby=\"caption-attachment-15227\" class=\"size-full wp-image-15227\" src=\"https:\/\/www.uv.mx\/prensa\/files\/2016\/09\/tro-2.jpg\" alt=\"Grecia Melo Bustos enfatiz\u00f3 la importancia de la formaci\u00f3n profesional\" width=\"722\" height=\"482\" srcset=\"https:\/\/www.uv.mx\/prensa\/files\/2016\/09\/tro-2.jpg 722w, https:\/\/www.uv.mx\/prensa\/files\/2016\/09\/tro-2-300x200.jpg 300w\" sizes=\"auto, (max-width: 722px) 100vw, 722px\" \/><\/a><p id=\"caption-attachment-15227\" class=\"wp-caption-text\">Grecia Melo Bustos enfatiz\u00f3 la importancia de la formaci\u00f3n profesional<\/p><\/div>\n<p>&nbsp;<\/p>\n<p>\u201cEstoy a unas semanas de mi acto protocolario, mi titulaci\u00f3n es por promedio, pero a 25 d\u00edas de ello todav\u00eda no he recibido ninguna llamada para ofrecerme trabajo\u201d, manifest\u00f3.<\/p>\n<p>Hay dos errores comunes entre los estudiantes, agreg\u00f3, el primero es esperar \u201ca que alguien venga a tocar nuestra puerta al terminar la licenciatura; error n\u00famero dos: no podemos esperar a pensar en ello s\u00f3lo al final de la licenciatura\u201d.<\/p>\n<p>Agreg\u00f3: \u201cNos han dicho que la vida es como una serie de escalones, cuando en realidad es m\u00e1s como un camino desdibujado con atajos, retornos, callejones sin salida, donde todas las calles se empalman unas con otras\u201d.<\/p>\n<p>A continuaci\u00f3n, Daniela Montserrat Herrera Monge present\u00f3 la ponencia \u201cLa sustentabilidad de la vida art\u00edstica\u201d, donde recalc\u00f3 que la planificaci\u00f3n estrat\u00e9gica, uno de los cursos que decidi\u00f3 tomar por su cuenta, le ha permitido contemplar otros espacios para su egreso.<\/p>\n<p>\u201cLa informaci\u00f3n, la planificaci\u00f3n estrat\u00e9gica y la disciplina son esenciales para la vida profesional, tanto individual como colectiva; la formaci\u00f3n de un equipo, la innovaci\u00f3n y un producto de calidad, son de suma importancia para el buen desarrollo y desenlace de los proyectos art\u00edsticos. Creo que no debemos tener miedo al conocimiento y fuera del cobijo de la universidad, la ignorancia puede ser nuestra guillotina.\u201d<\/p>\n<p>Katia Alejandra Alvarado Galindo apunt\u00f3 que \u201cvivir de las artes en M\u00e9xico no es sencillo, sin embargo creo que tampoco es imposible\u201d y lo importante es tener la posibilidad de concretar espacios para presentarse.<\/p>\n<p>Consider\u00f3 que el hecho de asistir a la universidad no brinda todas las herramientas necesarias para desarrollarse en el campo laboral, no obstante ofrece posibilidades como las estancias de movilidad que permiten el acercamiento a diversas experiencias profesionales.<\/p>\n<p>La Universidad Veracruzana puede ofrecer muchas oportunidades interesantes, a\u00f1adi\u00f3, como en su caso, al realizar una estancia de movilidad internacional en la Universidad de Otago en Nueva Zelanda.<\/p>\n<p>\u201cSin embargo, antes de eso tuve que prepararme en distintos idiomas y creo que esto puede hacer la diferencia tambi\u00e9n en el campo laboral, abrirte las puertas a no s\u00f3lo trabajar en M\u00e9xico sino en distintas partes del mundo; los actores mexicanos nos distinguimos por nuestra expresividad, por nuestra capacidad de relacionarnos, es un mundo muy interesante que est\u00e1 all\u00e1 afuera y podemos hacerlo bien\u201d, asegur\u00f3.<\/p>\n","protected":false},"excerpt":{"rendered":"<p><strong><em>David Sandoval.-<\/em><\/strong>La preparaci\u00f3n y la b\u00fasqueda de experiencias que redunden en la formaci\u00f3n acad\u00e9mica son un factor clave para tener un panorama amplio al egresar de la licenciatura, se\u00f1alaron estudiantes al participar en la mesa \u201cPanorama de un pre-egresado ante el campo laboral\u201d, como parte de las actividades del Segundo Foro de Egresados de la Facultad de Teatro de la Universidad Veracruzana (UV).<\/p>\n","protected":false},"author":1810,"featured_media":15228,"comment_status":"closed","ping_status":"closed","sticky":false,"template":"","format":"standard","meta":{"footnotes":""},"categories":[1],"tags":[2],"class_list":["post-15225","post","type-post","status-publish","format-standard","has-post-thumbnail","hentry","category-general","tag-principal"],"_links":{"self":[{"href":"https:\/\/www.uv.mx\/prensa\/wp-json\/wp\/v2\/posts\/15225","targetHints":{"allow":["GET"]}}],"collection":[{"href":"https:\/\/www.uv.mx\/prensa\/wp-json\/wp\/v2\/posts"}],"about":[{"href":"https:\/\/www.uv.mx\/prensa\/wp-json\/wp\/v2\/types\/post"}],"author":[{"embeddable":true,"href":"https:\/\/www.uv.mx\/prensa\/wp-json\/wp\/v2\/users\/1810"}],"replies":[{"embeddable":true,"href":"https:\/\/www.uv.mx\/prensa\/wp-json\/wp\/v2\/comments?post=15225"}],"version-history":[{"count":0,"href":"https:\/\/www.uv.mx\/prensa\/wp-json\/wp\/v2\/posts\/15225\/revisions"}],"wp:featuredmedia":[{"embeddable":true,"href":"https:\/\/www.uv.mx\/prensa\/wp-json\/wp\/v2\/media\/15228"}],"wp:attachment":[{"href":"https:\/\/www.uv.mx\/prensa\/wp-json\/wp\/v2\/media?parent=15225"}],"wp:term":[{"taxonomy":"category","embeddable":true,"href":"https:\/\/www.uv.mx\/prensa\/wp-json\/wp\/v2\/categories?post=15225"},{"taxonomy":"post_tag","embeddable":true,"href":"https:\/\/www.uv.mx\/prensa\/wp-json\/wp\/v2\/tags?post=15225"}],"curies":[{"name":"wp","href":"https:\/\/api.w.org\/{rel}","templated":true}]}}