{"id":151258,"date":"2025-01-31T19:16:16","date_gmt":"2025-02-01T01:16:16","guid":{"rendered":"https:\/\/www.uv.mx\/prensa\/?p=151258"},"modified":"2025-01-31T19:16:16","modified_gmt":"2025-02-01T01:16:16","slug":"alumnado-de-posgrado-abordo-prevencion-de-adicciones-con-adolescentes","status":"publish","type":"post","link":"https:\/\/www.uv.mx\/prensa\/general\/alumnado-de-posgrado-abordo-prevencion-de-adicciones-con-adolescentes\/","title":{"rendered":"Alumnado de posgrado abord\u00f3 prevenci\u00f3n de adicciones con adolescentes"},"content":{"rendered":"<ul>\n<li data-leveltext=\"\uf0b7\" data-font=\"Symbol\" data-listid=\"6\" data-list-defn-props=\"{&quot;335552541&quot;:1,&quot;335559685&quot;:720,&quot;335559991&quot;:360,&quot;469769226&quot;:&quot;Symbol&quot;,&quot;469769242&quot;:[8226],&quot;469777803&quot;:&quot;left&quot;,&quot;469777804&quot;:&quot;\uf0b7&quot;,&quot;469777815&quot;:&quot;hybridMultilevel&quot;}\" data-aria-posinset=\"1\" data-aria-level=\"1\"><i><span data-contrast=\"auto\">A trav\u00e9s de una intervenci\u00f3n educativa con estudiantes de la <\/span><\/i><i><span data-contrast=\"auto\">Te<\/span><\/i><i><span data-contrast=\"auto\">lesecundaria \u201cJos\u00e9 Vasconcelos\u201d de la localidad El Castillo<\/span><\/i><span data-ccp-props=\"{}\">\u00a0<\/span><\/li>\n<\/ul>\n<ul>\n<li data-leveltext=\"\uf0b7\" data-font=\"Symbol\" data-listid=\"6\" data-list-defn-props=\"{&quot;335552541&quot;:1,&quot;335559685&quot;:720,&quot;335559991&quot;:360,&quot;469769226&quot;:&quot;Symbol&quot;,&quot;469769242&quot;:[8226],&quot;469777803&quot;:&quot;left&quot;,&quot;469777804&quot;:&quot;\uf0b7&quot;,&quot;469777815&quot;:&quot;hybridMultilevel&quot;}\" data-aria-posinset=\"2\" data-aria-level=\"1\"><i><span data-contrast=\"auto\">Se reforzaron factores como la autoestima, el autocontrol y la resistencia a la presi\u00f3n social, con actividades l\u00fadicas y pl\u00e1ticas<\/span><\/i><span data-ccp-props=\"{}\">\u00a0<\/span><\/li>\n<\/ul>\n<p><span data-ccp-props=\"{}\">\u00a0<\/span><\/p>\n<div id=\"attachment_151249\" style=\"width: 732px\" class=\"wp-caption aligncenter\"><img aria-describedby=\"caption-attachment-151249\" decoding=\"async\" loading=\"lazy\" class=\"size-full wp-image-151249\" src=\"https:\/\/www.uv.mx\/prensa\/files\/2025\/01\/100125-CARLOS-Acciones-para-vivir-sin-adicciones-1.jpg\" alt=\"Los universitarios realizaron actividades l\u00fadicas con los chicos de secundaria \" width=\"722\" height=\"542\" srcset=\"https:\/\/www.uv.mx\/prensa\/files\/2025\/01\/100125-CARLOS-Acciones-para-vivir-sin-adicciones-1.jpg 722w, https:\/\/www.uv.mx\/prensa\/files\/2025\/01\/100125-CARLOS-Acciones-para-vivir-sin-adicciones-1-300x225.jpg 300w\" sizes=\"(max-width: 722px) 100vw, 722px\" \/><p id=\"caption-attachment-151249\" class=\"wp-caption-text\">Los universitarios realizaron actividades l\u00fadicas con los chicos de secundaria<\/p><\/div>\n<p>&nbsp;<\/p>\n<p><b><i><span data-contrast=\"auto\">Carlos Hugo Hermida Rosales<\/span><\/i><\/b><span data-ccp-props=\"{}\">\u00a0<\/span><\/p>\n<p><b><i><span data-contrast=\"auto\">Fotos: Cortes\u00eda entrevistados (1), Luis Fernando Fern\u00e1ndez (2,3)<\/span><\/i><\/b><\/p>\n<p><b><i><span data-contrast=\"auto\">31\/01\/2025, Xalapa, Ver.-<\/span><\/i><\/b><span data-contrast=\"auto\"> Estudiantes de la Maestr\u00eda en Salud P\u00fablica de la Universidad Veracruzana (UV) llevaron a cabo una intervenci\u00f3n educativa con alumnos de la T<\/span><span data-contrast=\"auto\">e<\/span><span data-contrast=\"auto\">lesecundaria \u201cJos\u00e9 Vasconcelos\u201d de la localidad El Castillo, donde reforzaron factores protectores con respecto al consumo de sustancias psicoactivas, como la autoestima, el autocontrol y la resistencia a la presi\u00f3n social.<\/span><span data-ccp-props=\"{}\">\u00a0<\/span><\/p>\n<p><span data-contrast=\"auto\">Los j\u00f3venes del posgrado adscrito al Instituto de Salud P\u00fablica que desarrollaron la actividad \u201cAcciones para vivir sin adicciones\u201d fueron: Thamar Mahali Arcos P\u00e9rez, Alejandra Flores Zavala, Edzna Albertina Grajales Vel\u00e1zquez, H\u00e9ctor Hugo Landa Ojeda, Blanca Patricia P\u00e9rez Luna, Silvia Paola Rivera Cruz y Jos\u00e9 Habid Vera de C\u00f3rdoba Anell.\u00a0<\/span><span data-ccp-props=\"{&quot;335559731&quot;:708}\">\u00a0<\/span><\/p>\n<p><span data-contrast=\"auto\">Edzna Grajales comparti\u00f3 que de acuerdo con la Encuesta Nacional de Consumo de Drogas, Alcohol y Tabaco (<\/span><i><span data-contrast=\"auto\">Encodat<\/span><\/i><span data-contrast=\"auto\">) 2016-2017, 808 mil veracruzanos fueron considerados fumadores, y el 53% de la poblaci\u00f3n de entre 12 y 65 a\u00f1os comenz\u00f3 a beber alcohol antes de los 17.\u00a0<\/span><span data-ccp-props=\"{&quot;335559731&quot;:708}\">\u00a0<\/span><\/p>\n<p><span data-contrast=\"auto\">Por su parte, en 2016 las drogas con mayor impacto en personas que asistieron a tratamiento en el Centro de Integraci\u00f3n Juvenil, A.C., en Xalapa, fueron la marihuana y los inhalables, con el 50.9 y el 20.8% de los casos, respectivamente.\u00a0<\/span><\/p>\n<div id=\"attachment_151247\" style=\"width: 732px\" class=\"wp-caption aligncenter\"><img aria-describedby=\"caption-attachment-151247\" decoding=\"async\" loading=\"lazy\" class=\"size-full wp-image-151247\" src=\"https:\/\/www.uv.mx\/prensa\/files\/2025\/01\/100125-CARLOS-Acciones-para-vivir-sin-adicciones-2.jpg\" alt=\"En la intervenci\u00f3n participaron siete estudiantes de la Maestr\u00eda en Salud P\u00fablica \" width=\"722\" height=\"384\" srcset=\"https:\/\/www.uv.mx\/prensa\/files\/2025\/01\/100125-CARLOS-Acciones-para-vivir-sin-adicciones-2.jpg 722w, https:\/\/www.uv.mx\/prensa\/files\/2025\/01\/100125-CARLOS-Acciones-para-vivir-sin-adicciones-2-300x160.jpg 300w\" sizes=\"(max-width: 722px) 100vw, 722px\" \/><p id=\"caption-attachment-151247\" class=\"wp-caption-text\">En la intervenci\u00f3n participaron siete estudiantes de la Maestr\u00eda en Salud P\u00fablica<\/p><\/div>\n<p>&nbsp;<\/p>\n<p><span data-contrast=\"auto\">Paola Rivera mencion\u00f3 que en Veracruz <\/span><span data-contrast=\"auto\">el 15.3% de estudiantes de secundaria y bachillerato han probado alguna droga al menos una vez en su vida, y los que presentan alta ingesta de alcohol o sustancias psicoactivas ilegales tienen una disminuci\u00f3n de su desempe\u00f1o acad\u00e9mico y afectaciones en sus relaciones sociales.\u00a0<\/span><span data-ccp-props=\"{&quot;335559731&quot;:708}\">\u00a0<\/span><\/p>\n<p><span data-contrast=\"auto\">Esta situaci\u00f3n influye en el aumento de enfermedades cr\u00f3nicas, trastornos mentales y conductas de riesgo, lo cual refuerza la necesidad de implementar estrategias de prevenci\u00f3n y atenci\u00f3n.<\/span><span data-ccp-props=\"{&quot;335559731&quot;:708}\">\u00a0<\/span><\/p>\n<p><span data-contrast=\"auto\">Los estudiantes universitarios i<\/span><span data-contrast=\"auto\">mpartieron el taller \u201cFortaleciendo factores protectores\u201d a 72 alumnos de primer y segundo a\u00f1o de la\u00a0T<\/span><span data-contrast=\"auto\">e<\/span><span data-contrast=\"auto\">lesecundaria \u201cJos\u00e9 Vasconcelos\u201d; se dividi\u00f3 en cinco m\u00f3dulos que incluyeron actividades l\u00fadicas colectivas, pl\u00e1ticas y din\u00e1micas de integraci\u00f3n, donde se explic\u00f3 el riesgo de consumir drogas, y se reforz\u00f3 el conocimiento en torno a los conceptos de autoestima y autoaceptaci\u00f3n.<\/span><span data-ccp-props=\"{&quot;335559731&quot;:708}\">\u00a0<\/span><\/p>\n<p><span data-contrast=\"auto\">Jos\u00e9 Habid Vera comparti\u00f3 que la intervenci\u00f3n educativa favoreci\u00f3 el inter\u00e9s de los estudiantes por buscar m\u00e1s informaci\u00f3n acerca de las consecuencias negativas del consumo de alcohol, tabaco y sustancias psicoactivas.<\/span><\/p>\n<div id=\"attachment_151248\" style=\"width: 732px\" class=\"wp-caption aligncenter\"><img aria-describedby=\"caption-attachment-151248\" decoding=\"async\" loading=\"lazy\" class=\"size-full wp-image-151248\" src=\"https:\/\/www.uv.mx\/prensa\/files\/2025\/01\/100125-CARLOS-Acciones-para-vivir-sin-adicciones-3.jpg\" alt=\"Los alumnos del posgrado presentaron los resultados ante docentes e investigadores del Instituto de Salud P\u00fablica  \" width=\"722\" height=\"408\" srcset=\"https:\/\/www.uv.mx\/prensa\/files\/2025\/01\/100125-CARLOS-Acciones-para-vivir-sin-adicciones-3.jpg 722w, https:\/\/www.uv.mx\/prensa\/files\/2025\/01\/100125-CARLOS-Acciones-para-vivir-sin-adicciones-3-300x170.jpg 300w\" sizes=\"(max-width: 722px) 100vw, 722px\" \/><p id=\"caption-attachment-151248\" class=\"wp-caption-text\">Los alumnos del posgrado presentaron los resultados ante docentes e investigadores del Instituto de Salud P\u00fablica<\/p><\/div>\n<p>&nbsp;<\/p>\n<p><span data-contrast=\"auto\">Igualmente, gener\u00f3 conciencia de las posibles causas que llevan a esta acci\u00f3n, y de las fortalezas y\u202frecursos individuales que pueden disminuir el riesgo de hacerlo.\u00a0<\/span><span data-ccp-props=\"{&quot;335559731&quot;:708}\">\u00a0<\/span><\/p>\n<p><span data-contrast=\"auto\">El joven mencion\u00f3 que, dado que la escuela es un lugar estrat\u00e9gico para realizar este tipo de iniciativas, es recomendable integrar a los docentes a fin de que a la par reciban informaci\u00f3n, e identifiquen la manera en que sus alumnos viven la problem\u00e1tica.<\/span><span data-ccp-props=\"{&quot;335559731&quot;:708}\">\u00a0<\/span><\/p>\n","protected":false},"excerpt":{"rendered":"<p>De la Maestr\u00eda en Salud P\u00fablica de la Universidad Veracruzana, con estudiantes de la Telesecundaria \u201cJos\u00e9 Vasconcelos\u201d de la localidad El Castillo <\/p>\n","protected":false},"author":1775,"featured_media":151246,"comment_status":"closed","ping_status":"closed","sticky":false,"template":"","format":"standard","meta":[],"categories":[15423,1,61],"tags":[2039,21353,21361,21355,21351,16335,21358,5489,4161,12601,21350,21356,21363,21362,18065,21357,1444,21360,21349,6592,21348,21352,21359,18068,21354],"_links":{"self":[{"href":"https:\/\/www.uv.mx\/prensa\/wp-json\/wp\/v2\/posts\/151258"}],"collection":[{"href":"https:\/\/www.uv.mx\/prensa\/wp-json\/wp\/v2\/posts"}],"about":[{"href":"https:\/\/www.uv.mx\/prensa\/wp-json\/wp\/v2\/types\/post"}],"author":[{"embeddable":true,"href":"https:\/\/www.uv.mx\/prensa\/wp-json\/wp\/v2\/users\/1775"}],"replies":[{"embeddable":true,"href":"https:\/\/www.uv.mx\/prensa\/wp-json\/wp\/v2\/comments?post=151258"}],"version-history":[{"count":1,"href":"https:\/\/www.uv.mx\/prensa\/wp-json\/wp\/v2\/posts\/151258\/revisions"}],"predecessor-version":[{"id":151259,"href":"https:\/\/www.uv.mx\/prensa\/wp-json\/wp\/v2\/posts\/151258\/revisions\/151259"}],"wp:featuredmedia":[{"embeddable":true,"href":"https:\/\/www.uv.mx\/prensa\/wp-json\/wp\/v2\/media\/151246"}],"wp:attachment":[{"href":"https:\/\/www.uv.mx\/prensa\/wp-json\/wp\/v2\/media?parent=151258"}],"wp:term":[{"taxonomy":"category","embeddable":true,"href":"https:\/\/www.uv.mx\/prensa\/wp-json\/wp\/v2\/categories?post=151258"},{"taxonomy":"post_tag","embeddable":true,"href":"https:\/\/www.uv.mx\/prensa\/wp-json\/wp\/v2\/tags?post=151258"}],"curies":[{"name":"wp","href":"https:\/\/api.w.org\/{rel}","templated":true}]}}