{"id":151011,"date":"2025-01-24T18:27:11","date_gmt":"2025-01-25T00:27:11","guid":{"rendered":"https:\/\/www.uv.mx\/prensa\/?p=151011"},"modified":"2025-01-24T18:27:11","modified_gmt":"2025-01-25T00:27:11","slug":"alumnas-uv-desarrollaron-aplicacion-para-cuidado-de-la-salud-mental","status":"publish","type":"post","link":"https:\/\/www.uv.mx\/prensa\/general\/alumnas-uv-desarrollaron-aplicacion-para-cuidado-de-la-salud-mental\/","title":{"rendered":"Alumnas UV desarrollaron aplicaci\u00f3n para cuidado de la salud mental"},"content":{"rendered":"<ul>\n<li data-leveltext=\"\uf0b7\" data-font=\"Symbol\" data-listid=\"4\" data-list-defn-props=\"{&quot;335552541&quot;:1,&quot;335559685&quot;:720,&quot;335559991&quot;:360,&quot;469769226&quot;:&quot;Symbol&quot;,&quot;469769242&quot;:[8226],&quot;469777803&quot;:&quot;left&quot;,&quot;469777804&quot;:&quot;\uf0b7&quot;,&quot;469777815&quot;:&quot;hybridMultilevel&quot;}\" data-aria-posinset=\"1\" data-aria-level=\"1\"><i><span data-contrast=\"auto\">Estudian en las Facultades de Contadur\u00eda y Administraci\u00f3n y de Psicolog\u00eda<\/span><\/i><span data-ccp-props=\"{}\">\u00a0<\/span><\/li>\n<\/ul>\n<ul>\n<li data-leveltext=\"\uf0b7\" data-font=\"Symbol\" data-listid=\"4\" data-list-defn-props=\"{&quot;335552541&quot;:1,&quot;335559685&quot;:720,&quot;335559991&quot;:360,&quot;469769226&quot;:&quot;Symbol&quot;,&quot;469769242&quot;:[8226],&quot;469777803&quot;:&quot;left&quot;,&quot;469777804&quot;:&quot;\uf0b7&quot;,&quot;469777815&quot;:&quot;hybridMultilevel&quot;}\" data-aria-posinset=\"2\" data-aria-level=\"1\"><i><span data-contrast=\"auto\">Lograron 1er lugar en XVIII Expo Emprendedora de la ANFECA\u00a0<\/span><\/i><span data-ccp-props=\"{}\">\u00a0<\/span><\/li>\n<\/ul>\n<ul>\n<li data-leveltext=\"\uf0b7\" data-font=\"Symbol\" data-listid=\"4\" data-list-defn-props=\"{&quot;335552541&quot;:1,&quot;335559685&quot;:720,&quot;335559991&quot;:360,&quot;469769226&quot;:&quot;Symbol&quot;,&quot;469769242&quot;:[8226],&quot;469777803&quot;:&quot;left&quot;,&quot;469777804&quot;:&quot;\uf0b7&quot;,&quot;469777815&quot;:&quot;hybridMultilevel&quot;}\" data-aria-posinset=\"3\" data-aria-level=\"1\"><i><span data-contrast=\"auto\">Obtuvieron el triunfo nacional en la categor\u00eda \u201cBase tecnol\u00f3gica\u201d, con el proyecto Mentalguard<\/span><\/i><span data-ccp-props=\"{}\">\u00a0<\/span><\/li>\n<\/ul>\n<p>&nbsp;<\/p>\n<div id=\"attachment_148636\" style=\"width: 732px\" class=\"wp-caption aligncenter\"><img aria-describedby=\"caption-attachment-148636\" decoding=\"async\" loading=\"lazy\" class=\"size-full wp-image-148636\" src=\"https:\/\/www.uv.mx\/prensa\/files\/2024\/10\/301024-CARLOS-Alumnos-FCA-Anfeca-1-OK.jpg\" alt=\"\" width=\"722\" height=\"353\" srcset=\"https:\/\/www.uv.mx\/prensa\/files\/2024\/10\/301024-CARLOS-Alumnos-FCA-Anfeca-1-OK.jpg 722w, https:\/\/www.uv.mx\/prensa\/files\/2024\/10\/301024-CARLOS-Alumnos-FCA-Anfeca-1-OK-300x147.jpg 300w\" sizes=\"(max-width: 722px) 100vw, 722px\" \/><p id=\"caption-attachment-148636\" class=\"wp-caption-text\">Las j\u00f3venes cursan distintos programas educativos<\/p><\/div>\n<p><span data-ccp-props=\"{}\">\u00a0<\/span><\/p>\n<p><b><i><span data-contrast=\"auto\">Carlos Hugo Hermida Rosales<\/span><\/i><\/b><span data-ccp-props=\"{}\">\u00a0<\/span><\/p>\n<p><b><i><span data-contrast=\"auto\">Fotos: C\u00e9sar Pisil Ramos (1), cortes\u00eda entrevistadas (2,3)<\/span><\/i><\/b><span data-ccp-props=\"{}\">\u00a0<\/span><\/p>\n<p><b><i><span data-contrast=\"auto\">24\/01\/2025, Xalapa, Ver.-<\/span><\/i><\/b><span data-contrast=\"auto\"> Estudiantes de las Facultades de Contadur\u00eda y Administraci\u00f3n (FCA) y de Psicolog\u00eda de la Universidad Veracruzana (UV), desarrollaron el proyecto Mentalguard, aplicaci\u00f3n dise\u00f1ada para apoyar el cuidado de la salud mental con ayuda de la inteligencia artificial.\u00a0<\/span><span data-ccp-props=\"{}\">\u00a0<\/span><\/p>\n<p><span data-contrast=\"auto\">Esta innovaci\u00f3n facilita el acceso a recursos \u00fatiles para el cuidado mental: ofrece consejos personalizados a trav\u00e9s de un chatbot \u2013programa inform\u00e1tico simulador de conversaci\u00f3n humana\u2013, brinda al usuario la opci\u00f3n de recibir atenci\u00f3n psicol\u00f3gica y espacios de di\u00e1logo donde interactuar con la comunidad.\u00a0\u00a0\u00a0\u00a0<\/span><span data-ccp-props=\"{&quot;335559731&quot;:708}\">\u00a0<\/span><\/p>\n<p><span data-contrast=\"auto\">Por este trabajo obtuvieron el primer lugar en la categor\u00eda \u201cBase tecnol\u00f3gica\u201d, a nivel nacional de la XVIII Expo Emprendedora de la Asociaci\u00f3n Nacional de Facultades y Escuelas de Contadur\u00eda y Administraci\u00f3n (ANFECA), que se llev\u00f3 a cabo en la Universidad Aut\u00f3noma Benito Ju\u00e1rez de Oaxaca.<\/span><span data-ccp-props=\"{&quot;335559731&quot;:708}\">\u00a0<\/span><\/p>\n<p>&nbsp;<\/p>\n<div id=\"attachment_148637\" style=\"width: 732px\" class=\"wp-caption aligncenter\"><img aria-describedby=\"caption-attachment-148637\" decoding=\"async\" loading=\"lazy\" class=\"size-full wp-image-148637\" src=\"https:\/\/www.uv.mx\/prensa\/files\/2024\/10\/301024-CARLOS-Alumnos-FCA-Anfeca-2-OK.jpg\" alt=\"\" width=\"722\" height=\"542\" srcset=\"https:\/\/www.uv.mx\/prensa\/files\/2024\/10\/301024-CARLOS-Alumnos-FCA-Anfeca-2-OK.jpg 722w, https:\/\/www.uv.mx\/prensa\/files\/2024\/10\/301024-CARLOS-Alumnos-FCA-Anfeca-2-OK-300x225.jpg 300w\" sizes=\"(max-width: 722px) 100vw, 722px\" \/><p id=\"caption-attachment-148637\" class=\"wp-caption-text\">En el certamen nacional las estudiantes compitieron contra 13 equipos<\/p><\/div>\n<p>&nbsp;<\/p>\n<p><span data-contrast=\"auto\">Dana Paola Bautista Gonz\u00e1lez y Miriam Lizbeth P\u00e9rez Olivo de la licenciatura en Sistemas Computacionales Administrativos, Itzia de Guadalupe Guti\u00e9rrez Mac\u00edas de Administraci\u00f3n, y Mar\u00eda del Carmen Huerta Hern\u00e1ndez de Psicolog\u00eda, son las alumnas que lograron este triunfo resultado de su desempe\u00f1o y compromiso profesional.<\/span><span data-ccp-props=\"{&quot;201341983&quot;:0,&quot;335559731&quot;:708,&quot;335559740&quot;:259}\">\u00a0<\/span><\/p>\n<p><span data-contrast=\"auto\">\u00a0Paola Bautista explic\u00f3 que al desarrollarlo se requiri\u00f3 de un equipo multidisciplinario, con la finalidad de conjuntar el conocimiento y las habilidades requeridas.<\/span><span data-ccp-props=\"{&quot;201341983&quot;:0,&quot;335559731&quot;:708,&quot;335559740&quot;:259}\">\u00a0<\/span><\/p>\n<p><span data-contrast=\"auto\">Miriam P\u00e9rez comparti\u00f3 que la idea del proyecto surgi\u00f3 de una compa\u00f1era de clases que entr\u00f3 en crisis cuando sus pap\u00e1s fallecieron, y requer\u00eda de ayuda para superar tan dif\u00edcil momento.<\/span><\/p>\n<p>&nbsp;<\/p>\n<div id=\"attachment_148638\" style=\"width: 554px\" class=\"wp-caption aligncenter\"><img aria-describedby=\"caption-attachment-148638\" decoding=\"async\" loading=\"lazy\" class=\"size-full wp-image-148638\" src=\"https:\/\/www.uv.mx\/prensa\/files\/2024\/10\/301024-CARLOS-Alumnos-FCA-Anfeca-3-OK.jpg\" alt=\"\" width=\"544\" height=\"482\" srcset=\"https:\/\/www.uv.mx\/prensa\/files\/2024\/10\/301024-CARLOS-Alumnos-FCA-Anfeca-3-OK.jpg 544w, https:\/\/www.uv.mx\/prensa\/files\/2024\/10\/301024-CARLOS-Alumnos-FCA-Anfeca-3-OK-300x266.jpg 300w\" sizes=\"(max-width: 544px) 100vw, 544px\" \/><p id=\"caption-attachment-148638\" class=\"wp-caption-text\">La aplicaci\u00f3n integra inteligencia artificial para brindar atenci\u00f3n psicol\u00f3gica a las personas<\/p><\/div>\n<p><span data-ccp-props=\"{&quot;201341983&quot;:0,&quot;335559731&quot;:708,&quot;335559740&quot;:259}\">\u00a0<\/span><\/p>\n<p><span data-contrast=\"auto\">Adem\u00e1s de integrar inteligencia artificial, la aplicaci\u00f3n ofrece sesiones personalizadas, videollamadas con profesionales de la salud mental y la oportunidad de intercambiar experiencias con otros usuarios.\u00a0\u00a0<\/span><span data-ccp-props=\"{&quot;335559731&quot;:708}\">\u00a0<\/span><\/p>\n<p><span data-contrast=\"auto\">Por su parte, Carmen Huerta coment\u00f3 que para llegar a la fase nacional de la XVIII Expo Emprendedora superaron las etapas local y regional, en donde el trabajo conjunto fue primordial, as\u00ed como el apoyo de expertos en distintos temas.\u00a0<\/span><span data-ccp-props=\"{&quot;335559731&quot;:708}\">\u00a0<\/span><\/p>\n<p><span data-contrast=\"auto\">A su vez, Itzia Guti\u00e9rrez mencion\u00f3 que compitieron contra 13 equipos de universidades de prestigio y debieron responder a preguntas complicadas formuladas por jueces rigurosos, lo cual gener\u00f3 momentos de mucho estr\u00e9s.\u00a0<\/span><span data-ccp-props=\"{&quot;335559731&quot;:708}\">\u00a0<\/span><\/p>\n<p><span data-contrast=\"auto\">\u201cNo obstante, el trabajo colaborativo nos permiti\u00f3 resolver, sacar todo adelante y dejar en alto el nombre de la UV\u201d, enfatiz\u00f3.<\/span><\/p>\n","protected":false},"excerpt":{"rendered":"<p>La innovaci\u00f3n involucra inteligencia artificial y ofrece sesiones personalizadas, videollamadas con profesionales de la salud mental y la oportunidad de intercambiar experiencias con otros usuarios<\/p>\n","protected":false},"author":1869,"featured_media":151022,"comment_status":"closed","ping_status":"closed","sticky":false,"template":"","format":"standard","meta":[],"categories":[15423,1,61,51],"tags":[4161,6263,21152,21155,222,20329,21157,6157,12377,6212,21158,21156,21153,21151,17334,21154],"_links":{"self":[{"href":"https:\/\/www.uv.mx\/prensa\/wp-json\/wp\/v2\/posts\/151011"}],"collection":[{"href":"https:\/\/www.uv.mx\/prensa\/wp-json\/wp\/v2\/posts"}],"about":[{"href":"https:\/\/www.uv.mx\/prensa\/wp-json\/wp\/v2\/types\/post"}],"author":[{"embeddable":true,"href":"https:\/\/www.uv.mx\/prensa\/wp-json\/wp\/v2\/users\/1869"}],"replies":[{"embeddable":true,"href":"https:\/\/www.uv.mx\/prensa\/wp-json\/wp\/v2\/comments?post=151011"}],"version-history":[{"count":1,"href":"https:\/\/www.uv.mx\/prensa\/wp-json\/wp\/v2\/posts\/151011\/revisions"}],"predecessor-version":[{"id":151024,"href":"https:\/\/www.uv.mx\/prensa\/wp-json\/wp\/v2\/posts\/151011\/revisions\/151024"}],"wp:featuredmedia":[{"embeddable":true,"href":"https:\/\/www.uv.mx\/prensa\/wp-json\/wp\/v2\/media\/151022"}],"wp:attachment":[{"href":"https:\/\/www.uv.mx\/prensa\/wp-json\/wp\/v2\/media?parent=151011"}],"wp:term":[{"taxonomy":"category","embeddable":true,"href":"https:\/\/www.uv.mx\/prensa\/wp-json\/wp\/v2\/categories?post=151011"},{"taxonomy":"post_tag","embeddable":true,"href":"https:\/\/www.uv.mx\/prensa\/wp-json\/wp\/v2\/tags?post=151011"}],"curies":[{"name":"wp","href":"https:\/\/api.w.org\/{rel}","templated":true}]}}