{"id":150671,"date":"2025-01-14T19:53:02","date_gmt":"2025-01-15T01:53:02","guid":{"rendered":"https:\/\/www.uv.mx\/prensa\/?p=150671"},"modified":"2025-01-14T19:53:02","modified_gmt":"2025-01-15T01:53:02","slug":"osx-riqueza-historica-de-la-uv-martin-lebel","status":"publish","type":"post","link":"https:\/\/www.uv.mx\/prensa\/general\/osx-riqueza-historica-de-la-uv-martin-lebel\/","title":{"rendered":"OSX, riqueza hist\u00f3rica de la UV: Martin Lebel"},"content":{"rendered":"<ul>\n<li data-leveltext=\"\uf0b7\" data-font=\"Symbol\" data-listid=\"1\" data-list-defn-props=\"{&quot;335551671&quot;:0,&quot;335552541&quot;:1,&quot;335559685&quot;:720,&quot;335559991&quot;:360,&quot;469769226&quot;:&quot;Symbol&quot;,&quot;469769242&quot;:[8226],&quot;469777803&quot;:&quot;left&quot;,&quot;469777804&quot;:&quot;\uf0b7&quot;,&quot;469777815&quot;:&quot;hybridMultilevel&quot;}\" data-aria-posinset=\"0\" data-aria-level=\"1\"><i><span data-contrast=\"none\">El reconocido m\u00fasico franc\u00e9s considera que desde hace mucho tiempo la prestigiosa agrupaci\u00f3n musical est\u00e1 conectada con la Universidad, lo que representa una se\u00f1al positiva<\/span><\/i><span data-ccp-props=\"{&quot;201341983&quot;:0,&quot;335559739&quot;:0,&quot;335559740&quot;:240}\">\u00a0<\/span><\/li>\n<\/ul>\n<ul>\n<li data-leveltext=\"\uf0b7\" data-font=\"Symbol\" data-listid=\"1\" data-list-defn-props=\"{&quot;335551671&quot;:0,&quot;335552541&quot;:1,&quot;335559685&quot;:720,&quot;335559991&quot;:360,&quot;469769226&quot;:&quot;Symbol&quot;,&quot;469769242&quot;:[8226],&quot;469777803&quot;:&quot;left&quot;,&quot;469777804&quot;:&quot;\uf0b7&quot;,&quot;469777815&quot;:&quot;hybridMultilevel&quot;}\" data-aria-posinset=\"1\" data-aria-level=\"1\"><i><span data-contrast=\"none\">Resalt\u00f3 el impacto positivo de la m\u00fasica sinf\u00f3nica en la salud mental de las personas<\/span><\/i><span data-ccp-props=\"{&quot;201341983&quot;:0,&quot;335559739&quot;:0,&quot;335559740&quot;:240}\">\u00a0<\/span><\/li>\n<\/ul>\n<p><span data-ccp-props=\"{&quot;201341983&quot;:0,&quot;335559739&quot;:0,&quot;335559740&quot;:240}\">\u00a0<\/span><\/p>\n<div id=\"attachment_150663\" style=\"width: 732px\" class=\"wp-caption aligncenter\"><img loading=\"lazy\" decoding=\"async\" aria-describedby=\"caption-attachment-150663\" class=\"size-full wp-image-150663\" src=\"https:\/\/www.uv.mx\/prensa\/files\/2025\/01\/140125-COUTTOLENC-Entrevista-Martin-Lebel-1.jpg\" alt=\"La OSX representa una rica historia para la Universidad Veracruzana, asegur\u00f3 su director titular Martin Lebel \" width=\"722\" height=\"457\" srcset=\"https:\/\/www.uv.mx\/prensa\/files\/2025\/01\/140125-COUTTOLENC-Entrevista-Martin-Lebel-1.jpg 722w, https:\/\/www.uv.mx\/prensa\/files\/2025\/01\/140125-COUTTOLENC-Entrevista-Martin-Lebel-1-300x190.jpg 300w\" sizes=\"auto, (max-width: 722px) 100vw, 722px\" \/><p id=\"caption-attachment-150663\" class=\"wp-caption-text\">La OSX representa una rica historia para la Universidad Veracruzana, asegur\u00f3 su director titular Martin Lebel<\/p><\/div>\n<p>&nbsp;<\/p>\n<p><b><i><span data-contrast=\"none\">Jos\u00e9 Luis Couttolenc Soto<\/span><\/i><\/b><span data-ccp-props=\"{&quot;201341983&quot;:0,&quot;335559739&quot;:0,&quot;335559740&quot;:240}\">\u00a0<\/span><\/p>\n<p><b><i><span data-contrast=\"none\">Fotos: C\u00e9sar Pisil Ramos, Jos\u00e9 Rujiro Hern\u00e1ndez Temis y Omar Portilla Palacios<\/span><\/i><\/b><\/p>\n<p><b><i><span data-contrast=\"none\">14\/01\/2025, Xalapa, Ver.- <\/span><\/i><\/b><span data-contrast=\"none\">Para el actual director titular de la Orquesta Sinf\u00f3nica de Xalapa (OSX), Martin Lebel, la prestigiosa agrupaci\u00f3n musical representa una rica historia para la Universidad Veracruzana (UV), \u201ccon la que est\u00e1 conectada desde hace mucho tiempo, y eso es una se\u00f1al muy positiva\u201d.<\/span><span data-ccp-props=\"{&quot;201341983&quot;:0,&quot;335559739&quot;:0,&quot;335559740&quot;:240}\">\u00a0<\/span><\/p>\n<p><span data-contrast=\"none\">Con experiencia de haber dirigido en Francia, Rusia, Praga, Polonia, Uruguay, Argentina y ahora en M\u00e9xico, menciona que en ocasiones se ha encontrado con p\u00fablicos fr\u00edos; en cambio, dirigir en Xalapa le produce satisfacci\u00f3n \u201cporque es un p\u00fablico vivo, muy entusiasta, un p\u00fablico con mucho calor y da gusto tocar o dirigir para ellos\u201d.<\/span><span data-ccp-props=\"{&quot;201341983&quot;:0,&quot;335559739&quot;:0,&quot;335559740&quot;:240}\">\u00a0<\/span><\/p>\n<p><span data-contrast=\"none\">Ante la proximidad de la primera temporada de conciertos de la OSX, Martin Lebel comparti\u00f3 que la elaboraci\u00f3n de cada programa que presentar\u00e1n \u201ces un trabajo de equipo en donde intervienen muchas cosas, se toma en cuenta la opini\u00f3n de los m\u00fasicos y las sugerencias del p\u00fablico sobre lo que quiere escuchar, as\u00ed elaboramos un programa de \u00f3pera, pero tambi\u00e9n combinamos diferentes estilos. Buscamos un equilibrio en la m\u00fasica\u201d, asent\u00f3.<\/span><\/p>\n<div id=\"attachment_150662\" style=\"width: 732px\" class=\"wp-caption aligncenter\"><img loading=\"lazy\" decoding=\"async\" aria-describedby=\"caption-attachment-150662\" class=\"size-full wp-image-150662\" src=\"https:\/\/www.uv.mx\/prensa\/files\/2025\/01\/140125-COUTTOLENC-Entrevista-Martin-Lebel-2.jpg\" alt=\"En el dise\u00f1o del programa de conciertos de la OSX se toma en cuenta la opini\u00f3n de los m\u00fasicos y sugerencias del p\u00fablico \" width=\"722\" height=\"455\" srcset=\"https:\/\/www.uv.mx\/prensa\/files\/2025\/01\/140125-COUTTOLENC-Entrevista-Martin-Lebel-2.jpg 722w, https:\/\/www.uv.mx\/prensa\/files\/2025\/01\/140125-COUTTOLENC-Entrevista-Martin-Lebel-2-300x189.jpg 300w, https:\/\/www.uv.mx\/prensa\/files\/2025\/01\/140125-COUTTOLENC-Entrevista-Martin-Lebel-2-200x125.jpg 200w\" sizes=\"auto, (max-width: 722px) 100vw, 722px\" \/><p id=\"caption-attachment-150662\" class=\"wp-caption-text\">En el dise\u00f1o del programa de conciertos de la OSX se toma en cuenta la opini\u00f3n de los m\u00fasicos y sugerencias del p\u00fablico<\/p><\/div>\n<p>&nbsp;<\/p>\n<p><span data-contrast=\"none\">De igual manera, opin\u00f3 que una orquesta sinf\u00f3nica cumple con una funci\u00f3n social; en el caso particular de la OSX, es importante porque su actividad la desarrolla en el centro cultural de Veracruz y se ha constituido en un s\u00edmbolo importante.<\/span><span data-ccp-props=\"{&quot;201341983&quot;:0,&quot;335559739&quot;:0,&quot;335559740&quot;:240}\">\u00a0<\/span><\/p>\n<p><span data-contrast=\"none\">Otro papel que desempe\u00f1a la m\u00fasica sinf\u00f3nica es su impacto positivo en la salud mental de las personas; al respecto, coment\u00f3 que ha vivido la experiencia de que al t\u00e9rmino de un concierto se le acerquen varias personas que le expresan: \u201cdespu\u00e9s de escuchar esta m\u00fasica, me siento bastante bien\u201d, lo que le produce agrado.<\/span><span data-ccp-props=\"{&quot;201341983&quot;:0,&quot;335559739&quot;:0,&quot;335559740&quot;:240}\">\u00a0<\/span><\/p>\n<p><span data-contrast=\"none\">Martin Lebel fue ratificado por autoridades de la UV como director titular de la Orquesta Sinf\u00f3nica de Xalapa, esto, asegura, le caus\u00f3 gran emoci\u00f3n y expres\u00f3 su intenci\u00f3n de llevar a buen t\u00e9rmino la encomienda.<\/span><\/p>\n<div id=\"attachment_150661\" style=\"width: 732px\" class=\"wp-caption aligncenter\"><img loading=\"lazy\" decoding=\"async\" aria-describedby=\"caption-attachment-150661\" class=\"size-full wp-image-150661\" src=\"https:\/\/www.uv.mx\/prensa\/files\/2025\/01\/140125-COUTTOLENC-Entrevista-Martin-Lebel-3.jpg\" alt=\"Cada concierto la Orquesta Sinf\u00f3nica de Xalapa incrementa su n\u00famero de asistentes \" width=\"722\" height=\"481\" srcset=\"https:\/\/www.uv.mx\/prensa\/files\/2025\/01\/140125-COUTTOLENC-Entrevista-Martin-Lebel-3.jpg 722w, https:\/\/www.uv.mx\/prensa\/files\/2025\/01\/140125-COUTTOLENC-Entrevista-Martin-Lebel-3-300x200.jpg 300w\" sizes=\"auto, (max-width: 722px) 100vw, 722px\" \/><p id=\"caption-attachment-150661\" class=\"wp-caption-text\">Cada concierto la Orquesta Sinf\u00f3nica de Xalapa incrementa su n\u00famero de asistentes<\/p><\/div>\n<p>&nbsp;<\/p>\n<p><span data-contrast=\"none\">\u201cQuiero terminar aqu\u00ed mi trabajo y despu\u00e9s veremos, ahora estoy tranquilo\u201d, concluy\u00f3.<\/span><span data-ccp-props=\"{&quot;201341983&quot;:0,&quot;335559731&quot;:708,&quot;335559739&quot;:0,&quot;335559740&quot;:240}\">\u00a0<\/span><\/p>\n<p><span data-contrast=\"none\">En el marco de la pr\u00f3xima apertura de la Primera Temporada de Conciertos 2025, el director titular de la OSX estuvo acompa\u00f1ado de los titulares de Difusi\u00f3n Cultural, Grupos Art\u00edsticos y de la Fundaci\u00f3n UV, Roberto Aguirre Guioch\u00edn, Rodrigo Garc\u00eda Lim\u00f3n y\u00a0de Facundo Pacheco Rojas, en ese orden.<\/span><span data-ccp-props=\"{&quot;201341983&quot;:0,&quot;335559731&quot;:708,&quot;335559739&quot;:0,&quot;335559740&quot;:240}\">\u00a0<\/span><\/p>\n<p><span data-contrast=\"none\">El programa de conciertos puede consultarse en el siguiente enlace: <\/span><a href=\"https:\/\/www.orquestasinfonicadexalapa.com\/\"><i><span data-contrast=\"none\">https:\/\/www.orquestasinfonicadexalapa.com<\/span><\/i><\/a><\/p>\n<div id=\"attachment_150664\" style=\"width: 732px\" class=\"wp-caption aligncenter\"><img loading=\"lazy\" decoding=\"async\" aria-describedby=\"caption-attachment-150664\" class=\"size-full wp-image-150664\" src=\"https:\/\/www.uv.mx\/prensa\/files\/2025\/01\/140125-COUTTOLENC-Entrevista-Martin-Lebel-4.jpg\" alt=\"La Orquesta Sinf\u00f3nica de Xalapa iniciar\u00e1 su primera temporada de conciertos 2025 \" width=\"722\" height=\"377\" srcset=\"https:\/\/www.uv.mx\/prensa\/files\/2025\/01\/140125-COUTTOLENC-Entrevista-Martin-Lebel-4.jpg 722w, https:\/\/www.uv.mx\/prensa\/files\/2025\/01\/140125-COUTTOLENC-Entrevista-Martin-Lebel-4-300x157.jpg 300w\" sizes=\"auto, (max-width: 722px) 100vw, 722px\" \/><p id=\"caption-attachment-150664\" class=\"wp-caption-text\">La Orquesta Sinf\u00f3nica de Xalapa iniciar\u00e1 su primera temporada de conciertos 2025<\/p><\/div>\n","protected":false},"excerpt":{"rendered":"<p>En la conformaci\u00f3n del programa de conciertos se toma en cuenta la opini\u00f3n de quienes integran la agrupaci\u00f3n y de la audiencia<\/p>\n","protected":false},"author":1775,"featured_media":150660,"comment_status":"closed","ping_status":"closed","sticky":false,"template":"","format":"standard","meta":{"footnotes":""},"categories":[11,1,61],"tags":[6263,20903,9211,4411,3140,4162,6767,1535,6462,677,95,20902,9210,19663],"class_list":["post-150671","post","type-post","status-publish","format-standard","has-post-thumbnail","hentry","category-cultura","category-general","category-banner","tag-cesar-pisil-ramos","tag-direccion-de-difusion-cultural","tag-direccion-de-grupos-artisticos","tag-facundo-pacheco-rojas","tag-fundacion-uv","tag-jose-luis-couttolenc-soto","tag-jose-rujiro-hernandez-temis","tag-martin-lebel","tag-omar-portilla-palacios","tag-orquesta-sinfonica-de-xalapa","tag-osx","tag-primera-temporada-de-conciertos-2025-osx","tag-roberto-aguirre-guiochin","tag-rodrigo-garcia-limon"],"_links":{"self":[{"href":"https:\/\/www.uv.mx\/prensa\/wp-json\/wp\/v2\/posts\/150671","targetHints":{"allow":["GET"]}}],"collection":[{"href":"https:\/\/www.uv.mx\/prensa\/wp-json\/wp\/v2\/posts"}],"about":[{"href":"https:\/\/www.uv.mx\/prensa\/wp-json\/wp\/v2\/types\/post"}],"author":[{"embeddable":true,"href":"https:\/\/www.uv.mx\/prensa\/wp-json\/wp\/v2\/users\/1775"}],"replies":[{"embeddable":true,"href":"https:\/\/www.uv.mx\/prensa\/wp-json\/wp\/v2\/comments?post=150671"}],"version-history":[{"count":1,"href":"https:\/\/www.uv.mx\/prensa\/wp-json\/wp\/v2\/posts\/150671\/revisions"}],"predecessor-version":[{"id":150672,"href":"https:\/\/www.uv.mx\/prensa\/wp-json\/wp\/v2\/posts\/150671\/revisions\/150672"}],"wp:featuredmedia":[{"embeddable":true,"href":"https:\/\/www.uv.mx\/prensa\/wp-json\/wp\/v2\/media\/150660"}],"wp:attachment":[{"href":"https:\/\/www.uv.mx\/prensa\/wp-json\/wp\/v2\/media?parent=150671"}],"wp:term":[{"taxonomy":"category","embeddable":true,"href":"https:\/\/www.uv.mx\/prensa\/wp-json\/wp\/v2\/categories?post=150671"},{"taxonomy":"post_tag","embeddable":true,"href":"https:\/\/www.uv.mx\/prensa\/wp-json\/wp\/v2\/tags?post=150671"}],"curies":[{"name":"wp","href":"https:\/\/api.w.org\/{rel}","templated":true}]}}