{"id":150503,"date":"2025-01-08T20:04:46","date_gmt":"2025-01-09T02:04:46","guid":{"rendered":"https:\/\/www.uv.mx\/prensa\/?p=150503"},"modified":"2025-01-17T14:02:55","modified_gmt":"2025-01-17T20:02:55","slug":"fiestas-decembrinas-dejan-30-de-incremento-de-residuos","status":"publish","type":"post","link":"https:\/\/www.uv.mx\/prensa\/general\/fiestas-decembrinas-dejan-30-de-incremento-de-residuos\/","title":{"rendered":"Fiestas decembrinas dejan 30% de incremento de residuos"},"content":{"rendered":"<ul>\n<li data-leveltext=\"\uf0b7\" data-font=\"Symbol\" data-listid=\"2\" data-list-defn-props=\"{&quot;335552541&quot;:1,&quot;335559685&quot;:720,&quot;335559991&quot;:360,&quot;469769226&quot;:&quot;Symbol&quot;,&quot;469769242&quot;:[8226],&quot;469777803&quot;:&quot;left&quot;,&quot;469777804&quot;:&quot;\uf0b7&quot;,&quot;469777815&quot;:&quot;hybridMultilevel&quot;}\" data-aria-posinset=\"1\" data-aria-level=\"1\"><i><span data-contrast=\"auto\">Ra\u00fal Vel\u00e1zquez, de CoSustenta UV, dijo que durante esta temporada cada persona llega a generar 1.25 kilogramos de materiales que podr\u00edan reutilizarse o reciclarse y dar pie a otros productos<\/span><\/i><span data-ccp-props=\"{}\">\u00a0<\/span><\/li>\n<\/ul>\n<p><span data-ccp-props=\"{}\">\u00a0<\/span><\/p>\n<div id=\"attachment_150485\" style=\"width: 732px\" class=\"wp-caption aligncenter\"><img loading=\"lazy\" decoding=\"async\" aria-describedby=\"caption-attachment-150485\" class=\"size-full wp-image-150485\" src=\"https:\/\/www.uv.mx\/prensa\/files\/2025\/01\/070125-Basura-decembrina-Collage.jpg\" alt=\"Fiestas decembrinas dejan incremento de basura en un 30% \" width=\"722\" height=\"457\" srcset=\"https:\/\/www.uv.mx\/prensa\/files\/2025\/01\/070125-Basura-decembrina-Collage.jpg 722w, https:\/\/www.uv.mx\/prensa\/files\/2025\/01\/070125-Basura-decembrina-Collage-300x190.jpg 300w\" sizes=\"auto, (max-width: 722px) 100vw, 722px\" \/><p id=\"caption-attachment-150485\" class=\"wp-caption-text\">Fiestas decembrinas dejan incremento de basura en un 30%<\/p><\/div>\n<p>&nbsp;<\/p>\n<p><b><i><span data-contrast=\"auto\">Paola Cort\u00e9s P\u00e9rez<\/span><\/i><\/b><span data-ccp-props=\"{}\">\u00a0<\/span><\/p>\n<p><b><i><span data-contrast=\"auto\">Fotos: C\u00e9sar Pisil Ramos<\/span><\/i><\/b><\/p>\n<p><b><i><span data-contrast=\"auto\">08\/01\/2025, Xalapa, Ver.-<\/span><\/i><\/b><span data-contrast=\"auto\"> En Xalapa, en condiciones normales se generan cerca de 400 toneladas de basura al d\u00eda, sin embargo, en diciembre la cifra aumenta hasta un 30% debido a las celebraciones navide\u00f1as y de fin de a\u00f1o, enfatiz\u00f3 el ingeniero ambiental Ra\u00fal Vel\u00e1zquez de la Cruz, quien colabora en la Coordinaci\u00f3n Universitaria para la Sustentabilidad de la Universidad Veracruzana (UV).<\/span><span data-ccp-props=\"{}\">\u00a0<\/span><\/p>\n<p><span data-contrast=\"auto\">Detall\u00f3 que cotidianamente, cada persona genera en promedio de 900 gramos a un kilogramo de residuos s\u00f3lidos, pero durante las festividades decembrinas llega a ser de 1.25 kilogramos por habitante, s\u00f3lo en la capital del estado.<\/span><span data-ccp-props=\"{&quot;335559731&quot;:708}\">\u00a0<\/span><\/p>\n<p><span data-contrast=\"auto\">Los desechos que m\u00e1s predominan son los org\u00e1nicos, tambi\u00e9n hay en su gran mayor\u00eda papel, cart\u00f3n, pl\u00e1stico, unicel y sus derivados. Esta situaci\u00f3n plantea retos significativos para su manejo adecuado.<\/span><span data-ccp-props=\"{&quot;335559731&quot;:708}\">\u00a0<\/span><\/p>\n<p><span data-contrast=\"auto\">\u201cMuchas veces el personal de limpieza p\u00fablica no opera regularmente en los d\u00edas festivos, lo que puede agravar el problema de acumulaci\u00f3n de basura\u201d, indic\u00f3.<\/span><\/p>\n<div id=\"attachment_150440\" style=\"width: 732px\" class=\"wp-caption aligncenter\"><img loading=\"lazy\" decoding=\"async\" aria-describedby=\"caption-attachment-150440\" class=\"size-full wp-image-150440\" src=\"https:\/\/www.uv.mx\/prensa\/files\/2025\/01\/070125-Basura-decembrina-2.jpg\" alt=\"Ra\u00fal Vel\u00e1zquez de la Cruz, ingeniero ambiental, recomend\u00f3 reducir el uso de desechables\" width=\"722\" height=\"481\" srcset=\"https:\/\/www.uv.mx\/prensa\/files\/2025\/01\/070125-Basura-decembrina-2.jpg 722w, https:\/\/www.uv.mx\/prensa\/files\/2025\/01\/070125-Basura-decembrina-2-300x200.jpg 300w\" sizes=\"auto, (max-width: 722px) 100vw, 722px\" \/><p id=\"caption-attachment-150440\" class=\"wp-caption-text\">Ra\u00fal Vel\u00e1zquez de la Cruz, ingeniero ambiental, recomend\u00f3 reducir el uso de desechables<\/p><\/div>\n<p>&nbsp;<\/p>\n<p><span data-contrast=\"auto\">Para reducir el impacto ambiental y la cantidad de desechos, recomend\u00f3 reutilizar materiales, evitar el uso de productos de un s\u00f3lo uso, optar por llevar platos y vasos no desechables en las reuniones, y separar de manera correcta los residuos.<\/span><span data-ccp-props=\"{&quot;335559731&quot;:708}\">\u00a0<\/span><\/p>\n<p><span data-contrast=\"auto\">Estas peque\u00f1as acciones no s\u00f3lo beneficiar\u00e1n al ambiente, tambi\u00e9n dignifican el trabajo del personal encargado de la recolecci\u00f3n de la basura al reducir el tiempo y esfuerzo para clasificarlos, coment\u00f3 Vel\u00e1zquez de la Cruz.<\/span><span data-ccp-props=\"{&quot;335559731&quot;:708}\">\u00a0<\/span><\/p>\n<p><span data-contrast=\"auto\">El llamado principal es adoptar pr\u00e1cticas de reducci\u00f3n y reciclaje, ya que se debe recordar que el consumo consciente es clave para tener una reducci\u00f3n y mejor disposici\u00f3n de residuos.<\/span><span data-ccp-props=\"{&quot;335559731&quot;:708}\">\u00a0<\/span><\/p>\n","protected":false},"excerpt":{"rendered":"<p>El consumo consciente es clave para disminuir su producci\u00f3n y lograr una mejor disposici\u00f3n de papel, cart\u00f3n, pl\u00e1stico, unicel y otro tipo de materiales <\/p>\n","protected":false},"author":1775,"featured_media":150486,"comment_status":"closed","ping_status":"closed","sticky":false,"template":"","format":"standard","meta":{"footnotes":""},"categories":[1,61,6299],"tags":[6263,20794,20797,4164,20793,20796,20795],"class_list":["post-150503","post","type-post","status-publish","format-standard","has-post-thumbnail","hentry","category-general","category-banner","category-sustentabilidad","tag-cesar-pisil-ramos","tag-coordinacion-universitaria-para-la-sustentabilidad-de-la-universidad-veracruzana-uv","tag-desechos-decembrinos","tag-paola-cortes-perez","tag-raul-velazquez-de-la-cruz","tag-reciclar","tag-reutilizar"],"_links":{"self":[{"href":"https:\/\/www.uv.mx\/prensa\/wp-json\/wp\/v2\/posts\/150503","targetHints":{"allow":["GET"]}}],"collection":[{"href":"https:\/\/www.uv.mx\/prensa\/wp-json\/wp\/v2\/posts"}],"about":[{"href":"https:\/\/www.uv.mx\/prensa\/wp-json\/wp\/v2\/types\/post"}],"author":[{"embeddable":true,"href":"https:\/\/www.uv.mx\/prensa\/wp-json\/wp\/v2\/users\/1775"}],"replies":[{"embeddable":true,"href":"https:\/\/www.uv.mx\/prensa\/wp-json\/wp\/v2\/comments?post=150503"}],"version-history":[{"count":1,"href":"https:\/\/www.uv.mx\/prensa\/wp-json\/wp\/v2\/posts\/150503\/revisions"}],"predecessor-version":[{"id":150824,"href":"https:\/\/www.uv.mx\/prensa\/wp-json\/wp\/v2\/posts\/150503\/revisions\/150824"}],"wp:featuredmedia":[{"embeddable":true,"href":"https:\/\/www.uv.mx\/prensa\/wp-json\/wp\/v2\/media\/150486"}],"wp:attachment":[{"href":"https:\/\/www.uv.mx\/prensa\/wp-json\/wp\/v2\/media?parent=150503"}],"wp:term":[{"taxonomy":"category","embeddable":true,"href":"https:\/\/www.uv.mx\/prensa\/wp-json\/wp\/v2\/categories?post=150503"},{"taxonomy":"post_tag","embeddable":true,"href":"https:\/\/www.uv.mx\/prensa\/wp-json\/wp\/v2\/tags?post=150503"}],"curies":[{"name":"wp","href":"https:\/\/api.w.org\/{rel}","templated":true}]}}