{"id":150288,"date":"2024-12-18T16:28:41","date_gmt":"2024-12-18T22:28:41","guid":{"rendered":"https:\/\/www.uv.mx\/prensa\/?p=150288"},"modified":"2024-12-18T16:29:05","modified_gmt":"2024-12-18T22:29:05","slug":"universidad-rumana-busca-estrechar-lazos-con-la-uv","status":"publish","type":"post","link":"https:\/\/www.uv.mx\/prensa\/general\/universidad-rumana-busca-estrechar-lazos-con-la-uv\/","title":{"rendered":"Universidad rumana busca estrechar lazos con la UV"},"content":{"rendered":"<ul>\n<li data-leveltext=\"\uf0b7\" data-font=\"Symbol\" data-listid=\"3\" data-list-defn-props=\"{&quot;335552541&quot;:1,&quot;335559685&quot;:720,&quot;335559991&quot;:360,&quot;469769226&quot;:&quot;Symbol&quot;,&quot;469769242&quot;:[8226],&quot;469777803&quot;:&quot;left&quot;,&quot;469777804&quot;:&quot;\uf0b7&quot;,&quot;469777815&quot;:&quot;hybridMultilevel&quot;}\" data-aria-posinset=\"1\" data-aria-level=\"1\"><i><span data-contrast=\"auto\">Sevastian Liviu Boc\u00eei, vicerrector de Transparencia Acad\u00e9mica y Relaciones Internacionales de la Universidad \u201cAurel Vlaicu\u201d, visit\u00f3 la regi\u00f3n Veracruz<\/span><\/i><span data-ccp-props=\"{&quot;201341983&quot;:0,&quot;335559739&quot;:0,&quot;335559740&quot;:240}\">\u00a0<\/span><\/li>\n<\/ul>\n<ul>\n<li data-leveltext=\"\uf0b7\" data-font=\"Symbol\" data-listid=\"3\" data-list-defn-props=\"{&quot;335552541&quot;:1,&quot;335559685&quot;:720,&quot;335559991&quot;:360,&quot;469769226&quot;:&quot;Symbol&quot;,&quot;469769242&quot;:[8226],&quot;469777803&quot;:&quot;left&quot;,&quot;469777804&quot;:&quot;\uf0b7&quot;,&quot;469777815&quot;:&quot;hybridMultilevel&quot;}\" data-aria-posinset=\"2\" data-aria-level=\"1\"><i><span data-contrast=\"auto\">La instituci\u00f3n rumana estar\u00eda interesada en promover el intercambio acad\u00e9mico, estudiantil y de investigaci\u00f3n, en el marco del programa <\/span><\/i><span data-contrast=\"auto\">Erasmus+<\/span><span data-ccp-props=\"{&quot;201341983&quot;:0,&quot;335559739&quot;:0,&quot;335559740&quot;:240}\">\u00a0<\/span><\/li>\n<\/ul>\n<ul>\n<li data-leveltext=\"\uf0b7\" data-font=\"Symbol\" data-listid=\"3\" data-list-defn-props=\"{&quot;335552541&quot;:1,&quot;335559685&quot;:720,&quot;335559991&quot;:360,&quot;469769226&quot;:&quot;Symbol&quot;,&quot;469769242&quot;:[8226],&quot;469777803&quot;:&quot;left&quot;,&quot;469777804&quot;:&quot;\uf0b7&quot;,&quot;469777815&quot;:&quot;hybridMultilevel&quot;}\" data-aria-posinset=\"3\" data-aria-level=\"1\"><i><span data-contrast=\"auto\">El acad\u00e9mico europeo destac\u00f3 el prestigio, la calidad educativa y la pol\u00edtica de internacionalizaci\u00f3n de la m\u00e1xima casa de estudios de Veracruz<\/span><\/i><span data-ccp-props=\"{&quot;201341983&quot;:0,&quot;335559739&quot;:0,&quot;335559740&quot;:240}\">\u00a0<\/span><\/li>\n<\/ul>\n<p><span data-ccp-props=\"{&quot;201341983&quot;:0,&quot;335559739&quot;:0,&quot;335559740&quot;:240}\">\u00a0<\/span><\/p>\n<div id=\"attachment_150278\" style=\"width: 732px\" class=\"wp-caption aligncenter\"><img loading=\"lazy\" decoding=\"async\" aria-describedby=\"caption-attachment-150278\" class=\"size-full wp-image-150278\" src=\"https:\/\/www.uv.mx\/prensa\/files\/2024\/12\/171224-Shuguey-Veracruz-Universidad-de-Rumania-1-100k.jpg\" alt=\"Sevastian Liviu Boc\u00eei, de la Universidad \u201cAurel Vlaicu\u201d, manifest\u00f3 la intenci\u00f3n de su instituci\u00f3n por estrechar lazos con la UV\" width=\"722\" height=\"482\" srcset=\"https:\/\/www.uv.mx\/prensa\/files\/2024\/12\/171224-Shuguey-Veracruz-Universidad-de-Rumania-1-100k.jpg 722w, https:\/\/www.uv.mx\/prensa\/files\/2024\/12\/171224-Shuguey-Veracruz-Universidad-de-Rumania-1-100k-300x200.jpg 300w\" sizes=\"auto, (max-width: 722px) 100vw, 722px\" \/><p id=\"caption-attachment-150278\" class=\"wp-caption-text\">Sevastian Liviu Boc\u00eei, de la Universidad \u201cAurel Vlaicu\u201d, manifest\u00f3 la intenci\u00f3n de su instituci\u00f3n por estrechar lazos con la UV<\/p><\/div>\n<p>&nbsp;<\/p>\n<p><b><i><span data-contrast=\"auto\">Shuguey Enr\u00edquez Ambell<\/span><\/i><\/b><span data-ccp-props=\"{&quot;201341983&quot;:0,&quot;335559739&quot;:0,&quot;335559740&quot;:240}\">\u00a0<\/span><\/p>\n<p><b><i><span data-contrast=\"auto\">Fotos: Arturo Gonz\u00e1lez Lima<\/span><\/i><\/b><\/p>\n<p><b><i><span data-contrast=\"auto\">17\/12\/2024, Boca del R\u00edo, Ver.-<\/span><\/i><\/b><span data-contrast=\"auto\"> La regi\u00f3n Veracruz de la Universidad Veracruzana (UV) recibi\u00f3 recientemente la visita de Sevastian Liviu Boc\u00eei, vicerrector de Transparencia Acad\u00e9mica y Relaciones Internacionales de la Universidad \u201cAurel Vlaicu\u201d de Arad, Rumania, con miras a establecer un posible convenio entre ambas instituciones en el marco del programa <\/span><i><span data-contrast=\"auto\">Erasmus+<\/span><\/i><span data-contrast=\"auto\">.<\/span><span data-ccp-props=\"{&quot;201341983&quot;:0,&quot;335559739&quot;:0,&quot;335559740&quot;:240}\">\u00a0<\/span><\/p>\n<p><span data-contrast=\"auto\">Entrevistado en el Instituto de Ingenier\u00eda de la UV, el funcionario europeo se\u00f1al\u00f3 que fue a trav\u00e9s de Ricardo Orozco Cruz, director de dicha entidad acad\u00e9mica y con quien ha colaborado anteriormente en algunos proyectos, que pudo conocer la m\u00e1xima casa de estudios de Veracruz.<\/span><span data-ccp-props=\"{&quot;201341983&quot;:0,&quot;335559739&quot;:0,&quot;335559740&quot;:240}\">\u00a0<\/span><\/p>\n<p><span data-contrast=\"auto\">\u201cLa UV es una instituci\u00f3n muy importante y de prestigio a nivel internacional, que he tenido oportunidad de conocer gracias al doctor Orozco; con esta visita esperamos iniciar una colaboraci\u00f3n fruct\u00edfera para ambas partes\u201d, se\u00f1al\u00f3 Boc\u00eei.<\/span><span data-ccp-props=\"{&quot;201341983&quot;:0,&quot;335559739&quot;:0,&quot;335559740&quot;:240}\">\u00a0<\/span><\/p>\n<p><span data-contrast=\"auto\">Agreg\u00f3 que la Universidad \u201cAriel Vlaicu\u201d y la UV tienen similitudes en cuanto a programas de estudio e investigaciones cient\u00edficas, lo cual abre la posibilidad de impulsar la movilidad docente y estudiantil.<\/span><\/p>\n<div id=\"attachment_150279\" style=\"width: 732px\" class=\"wp-caption aligncenter\"><img loading=\"lazy\" decoding=\"async\" aria-describedby=\"caption-attachment-150279\" class=\"size-full wp-image-150279\" src=\"https:\/\/www.uv.mx\/prensa\/files\/2024\/12\/171224-Shuguey-Veracruz-Universidad-de-Rumania-2-100k.jpg\" alt=\"El acad\u00e9mico europeo con Ricardo Orozco Cruz, director del Instituto de Ingenier\u00eda UV \" width=\"722\" height=\"482\" srcset=\"https:\/\/www.uv.mx\/prensa\/files\/2024\/12\/171224-Shuguey-Veracruz-Universidad-de-Rumania-2-100k.jpg 722w, https:\/\/www.uv.mx\/prensa\/files\/2024\/12\/171224-Shuguey-Veracruz-Universidad-de-Rumania-2-100k-300x200.jpg 300w\" sizes=\"auto, (max-width: 722px) 100vw, 722px\" \/><p id=\"caption-attachment-150279\" class=\"wp-caption-text\">El acad\u00e9mico europeo con Ricardo Orozco Cruz, director del Instituto de Ingenier\u00eda UV<\/p><\/div>\n<p>&nbsp;<\/p>\n<p><span data-contrast=\"auto\">\u201cEn nuestras instituciones tenemos reconocimiento de las asignaturas cursadas en otra universidad, para que sean validadas en ambas. Sabemos que el intercambio de alumnos y acad\u00e9micos es muy importante para la internacionalizaci\u00f3n y la visibilidad.\u201d<\/span><span data-ccp-props=\"{&quot;201341983&quot;:0,&quot;335559731&quot;:708,&quot;335559739&quot;:0,&quot;335559740&quot;:240}\">\u00a0<\/span><\/p>\n<p><span data-contrast=\"auto\">El tambi\u00e9n investigador y especialista en ingenier\u00eda mec\u00e1nica habl\u00f3 de la calidad de la UV: \u201cSus programas educativos son de actualidad y sus docentes se preocupan por la investigaci\u00f3n y por la ciencia. He visitado algunos laboratorios y \u00e1reas que no hemos abordado a\u00fan en mi universidad\u201d.<\/span><span data-ccp-props=\"{&quot;201341983&quot;:0,&quot;335559739&quot;:0,&quot;335559740&quot;:240}\">\u00a0<\/span><\/p>\n<p><span data-contrast=\"auto\">Sobre las oportunidades que se abrir\u00edan para su instituci\u00f3n, coment\u00f3: \u201cTenemos mucho que aprender de nuestros colegas de la UV, con quienes podemos hacer intercambio de nuevas pr\u00e1cticas gracias a su pol\u00edtica de internacionalizaci\u00f3n\u201d.<\/span><span data-ccp-props=\"{&quot;201341983&quot;:0,&quot;335559731&quot;:708,&quot;335559739&quot;:0,&quot;335559740&quot;:240}\">\u00a0<\/span><\/p>\n<p><span data-contrast=\"auto\">Cabe se\u00f1alar que Sevastian Liviu Boc\u00eei cuenta con grados de PhD en Ingenier\u00eda, Ciencias de la Ingenier\u00eda e Ingenier\u00eda Mec\u00e1nica por la Universidad Polit\u00e9cnica de Timisoara, Rumania, entre muchos otros por parte de diversas instituciones internacionales. En M\u00e9xico ha sido profesor visitante en la Universidad Polit\u00e9cnica de Puebla y el Instituto Tecnol\u00f3gico y de Estudios Superiores de Monterrey.<\/span><\/p>\n<div id=\"attachment_150280\" style=\"width: 732px\" class=\"wp-caption aligncenter\"><img loading=\"lazy\" decoding=\"async\" aria-describedby=\"caption-attachment-150280\" class=\"size-full wp-image-150280\" src=\"https:\/\/www.uv.mx\/prensa\/files\/2024\/12\/171224-Shuguey-Veracruz-Universidad-de-Rumania-3-100k.jpg\" alt=\"\u201cTenemos mucho que aprender de nuestros colegas de la UV\u201d, se\u00f1al\u00f3 Sevastian Liviu Boc\u00eei \" width=\"722\" height=\"482\" srcset=\"https:\/\/www.uv.mx\/prensa\/files\/2024\/12\/171224-Shuguey-Veracruz-Universidad-de-Rumania-3-100k.jpg 722w, https:\/\/www.uv.mx\/prensa\/files\/2024\/12\/171224-Shuguey-Veracruz-Universidad-de-Rumania-3-100k-300x200.jpg 300w\" sizes=\"auto, (max-width: 722px) 100vw, 722px\" \/><p id=\"caption-attachment-150280\" class=\"wp-caption-text\">\u201cTenemos mucho que aprender de nuestros colegas de la UV\u201d, se\u00f1al\u00f3 Sevastian Liviu Boc\u00eei<\/p><\/div>\n<p>&nbsp;<\/p>\n<p><span data-contrast=\"auto\">Asimismo, cuenta con una vasta experiencia en el \u00e1rea de calidad educativa y proyectos de investigaci\u00f3n. Ha sido Canciller General de la Universidad \u201cAurel Vlaicu\u201d, coordinador de proyectos educativos del programa <\/span><i><span data-contrast=\"auto\">Erasmus+<\/span><\/i><span data-contrast=\"auto\"> y desempe\u00f1ado diferentes cargos directivos y acad\u00e9micos en universidades de Rumania.<\/span><\/p>\n<p><b><i><span data-contrast=\"auto\">Erasmus+<\/span><\/i><\/b><span data-ccp-props=\"{&quot;201341983&quot;:0,&quot;335559739&quot;:0,&quot;335559740&quot;:240}\"><br \/>\n<\/span><i><span data-contrast=\"auto\">Erasmus+<\/span><\/i><span data-contrast=\"auto\"> es el programa de la Uni\u00f3n Europea (UE) que respalda la educaci\u00f3n, la formaci\u00f3n y el deporte, a trav\u00e9s de convenios e intercambios financiados por dicho organismo internacional. Establecido en 1987 con el nombre de <\/span><i><span data-contrast=\"auto\">Erasmus<\/span><\/i><span data-contrast=\"auto\">, tuvo como prop\u00f3sito inicial promover la cooperaci\u00f3n estrecha entre universidades de Europa y con el tiempo se transform\u00f3 en <\/span><i><span data-contrast=\"auto\">Erasmus+<\/span><\/i><span data-contrast=\"auto\">, extendiendo su alcance m\u00e1s all\u00e1 de la UE, con oportunidades y becas para instituciones educativas de otras regiones del mundo, como Am\u00e9rica Latina.<\/span><span data-ccp-props=\"{&quot;201341983&quot;:0,&quot;335559739&quot;:0,&quot;335559740&quot;:240}\">\u00a0<\/span><\/p>\n<p><span data-contrast=\"auto\">Por \u00faltimo, es importante se\u00f1alar que la Veracruzana ha formado parte, como universidad asociada, de diversos proyectos y consorcios financiados por el programa <\/span><i><span data-contrast=\"auto\">Erasmus<\/span><\/i><span data-contrast=\"auto\">+, en beneficio de su comunidad acad\u00e9mica y estudiantil.<\/span><span data-ccp-props=\"{&quot;201341983&quot;:0,&quot;335559739&quot;:0,&quot;335559740&quot;:240}\">\u00a0<\/span><\/p>\n","protected":false},"excerpt":{"rendered":"<p>La regi\u00f3n Veracruz recibi\u00f3 la visita de Sevastian Liviu Boc\u00eei, vicerrector de la Universidad \u201cAurel Vlaicu\u201d, con miras a un posible convenio de colaboraci\u00f3n en el marco del programa Erasmus+<\/p>\n","protected":false},"author":1775,"featured_media":150277,"comment_status":"closed","ping_status":"closed","sticky":false,"template":"","format":"standard","meta":{"footnotes":""},"categories":[1,8455,61,32,55],"tags":[20644,20650,20649,10998,20645,5977,20648,20646,4974,20647,20651],"class_list":["post-150288","post","type-post","status-publish","format-standard","has-post-thumbnail","hentry","category-general","category-internacionalizacion","category-banner","category-regiones","category-veracruz","tag-arturo-gonzalez-lima","tag-ciencias-de-la-ingenieria-e-ingenieria-mecanica","tag-instituto-de-ingenieria-de-la-uv","tag-programa-erasmus","tag-region-veracruz-de-la-universidad-veracruzana-uv","tag-ricardo-orozco-cruz","tag-rumania","tag-sevastian-liviu-bocii","tag-shuguey-enriquez-ambell","tag-universidad-aurel-vlaicu-de-arad","tag-universidad-politecnica-de-timisoara"],"_links":{"self":[{"href":"https:\/\/www.uv.mx\/prensa\/wp-json\/wp\/v2\/posts\/150288","targetHints":{"allow":["GET"]}}],"collection":[{"href":"https:\/\/www.uv.mx\/prensa\/wp-json\/wp\/v2\/posts"}],"about":[{"href":"https:\/\/www.uv.mx\/prensa\/wp-json\/wp\/v2\/types\/post"}],"author":[{"embeddable":true,"href":"https:\/\/www.uv.mx\/prensa\/wp-json\/wp\/v2\/users\/1775"}],"replies":[{"embeddable":true,"href":"https:\/\/www.uv.mx\/prensa\/wp-json\/wp\/v2\/comments?post=150288"}],"version-history":[{"count":1,"href":"https:\/\/www.uv.mx\/prensa\/wp-json\/wp\/v2\/posts\/150288\/revisions"}],"predecessor-version":[{"id":150289,"href":"https:\/\/www.uv.mx\/prensa\/wp-json\/wp\/v2\/posts\/150288\/revisions\/150289"}],"wp:featuredmedia":[{"embeddable":true,"href":"https:\/\/www.uv.mx\/prensa\/wp-json\/wp\/v2\/media\/150277"}],"wp:attachment":[{"href":"https:\/\/www.uv.mx\/prensa\/wp-json\/wp\/v2\/media?parent=150288"}],"wp:term":[{"taxonomy":"category","embeddable":true,"href":"https:\/\/www.uv.mx\/prensa\/wp-json\/wp\/v2\/categories?post=150288"},{"taxonomy":"post_tag","embeddable":true,"href":"https:\/\/www.uv.mx\/prensa\/wp-json\/wp\/v2\/tags?post=150288"}],"curies":[{"name":"wp","href":"https:\/\/api.w.org\/{rel}","templated":true}]}}