{"id":150286,"date":"2024-12-17T18:15:29","date_gmt":"2024-12-18T00:15:29","guid":{"rendered":"https:\/\/www.uv.mx\/prensa\/?p=150286"},"modified":"2024-12-17T18:15:29","modified_gmt":"2024-12-18T00:15:29","slug":"investigacion-debe-ser-responsable-comprometida-y-objetiva","status":"publish","type":"post","link":"https:\/\/www.uv.mx\/prensa\/general\/investigacion-debe-ser-responsable-comprometida-y-objetiva\/","title":{"rendered":"Investigaci\u00f3n debe ser responsable, comprometida y objetiva"},"content":{"rendered":"<ul>\n<li data-leveltext=\"\uf0b7\" data-font=\"Symbol\" data-listid=\"1\" data-list-defn-props=\"{&quot;335552541&quot;:1,&quot;335559685&quot;:720,&quot;335559991&quot;:360,&quot;469769226&quot;:&quot;Symbol&quot;,&quot;469769242&quot;:[8226],&quot;469777803&quot;:&quot;left&quot;,&quot;469777804&quot;:&quot;\uf0b7&quot;,&quot;469777815&quot;:&quot;hybridMultilevel&quot;}\" data-aria-posinset=\"1\" data-aria-level=\"1\"><i><span data-contrast=\"auto\">Carlos H\u00e9ctor \u00c1vila dijo que las universidades deben invertir en investigaci\u00f3n que aborde problemas regionales y significativos<\/span><\/i><span data-ccp-props=\"{&quot;201341983&quot;:0,&quot;335559739&quot;:0,&quot;335559740&quot;:240}\">\u00a0<\/span><\/li>\n<\/ul>\n<ul>\n<li data-leveltext=\"\uf0b7\" data-font=\"Symbol\" data-listid=\"1\" data-list-defn-props=\"{&quot;335552541&quot;:1,&quot;335559685&quot;:720,&quot;335559991&quot;:360,&quot;469769226&quot;:&quot;Symbol&quot;,&quot;469769242&quot;:[8226],&quot;469777803&quot;:&quot;left&quot;,&quot;469777804&quot;:&quot;\uf0b7&quot;,&quot;469777815&quot;:&quot;hybridMultilevel&quot;}\" data-aria-posinset=\"2\" data-aria-level=\"1\"><i><span data-contrast=\"auto\">La Universidad debe promover un di\u00e1logo constructivo entre actores pol\u00edticos, cient\u00edficos y la sociedad<\/span><\/i><span data-ccp-props=\"{&quot;201341983&quot;:0,&quot;335559739&quot;:0,&quot;335559740&quot;:240}\">\u00a0<\/span><\/li>\n<\/ul>\n<p>&nbsp;<\/p>\n<div id=\"attachment_150284\" style=\"width: 732px\" class=\"wp-caption aligncenter\"><img loading=\"lazy\" decoding=\"async\" aria-describedby=\"caption-attachment-150284\" class=\"size-full wp-image-150284\" src=\"https:\/\/www.uv.mx\/prensa\/files\/2024\/12\/131224-PAOLA-Conferencia-Biodiversidad-1.jpg\" alt=\"\" width=\"722\" height=\"509\" srcset=\"https:\/\/www.uv.mx\/prensa\/files\/2024\/12\/131224-PAOLA-Conferencia-Biodiversidad-1.jpg 722w, https:\/\/www.uv.mx\/prensa\/files\/2024\/12\/131224-PAOLA-Conferencia-Biodiversidad-1-300x211.jpg 300w\" sizes=\"auto, (max-width: 722px) 100vw, 722px\" \/><p id=\"caption-attachment-150284\" class=\"wp-caption-text\">Carlos H\u00e9ctor \u00c1vila, investigador adscrito al Centro de Estudios Interdisciplinarios en Agrobiodiversidad<\/p><\/div>\n<p>&nbsp;<\/p>\n<p><b><i><span data-contrast=\"auto\">Paola Cort\u00e9s P\u00e9rez<\/span><\/i><\/b><span data-ccp-props=\"{&quot;201341983&quot;:0,&quot;335559739&quot;:0,&quot;335559740&quot;:240}\">\u00a0<\/span><\/p>\n<p><b><i><span data-contrast=\"auto\">Fotos: Omar Portilla Palacios<\/span><\/i><\/b><span data-ccp-props=\"{&quot;201341983&quot;:0,&quot;335559739&quot;:0,&quot;335559740&quot;:240}\">\u00a0<\/span><\/p>\n<p><b><i><span data-contrast=\"auto\">17\/12\/2024, Xalapa, Ver.-<\/span><\/i><\/b><span data-contrast=\"auto\"> La investigaci\u00f3n en las instituciones de educaci\u00f3n superior (IES) debe ser responsable, comprometida con la verdad, objetiva y con un enfoque hol\u00edstico, expres\u00f3 Carlos H\u00e9ctor \u00c1vila Bello, investigador adscrito al Centro de Estudios Interdisciplinarios en Agrobiodiversidad de esta casa de estudios.<\/span><span data-ccp-props=\"{&quot;201341983&quot;:0,&quot;335559739&quot;:0,&quot;335559740&quot;:240}\">\u00a0<\/span><\/p>\n<p><span data-contrast=\"auto\">El tambi\u00e9n acad\u00e9mico particip\u00f3 en el Encuentro de la Investigaci\u00f3n en la Universidad Veracruzana: Retos y Perspectivas, realizado en la Unidad de Servicios Bibliotecarios y de Informaci\u00f3n (USBI) regi\u00f3n Xalapa, con la conferencia: \u201cSistemas complejos, un paradigma para la investigaci\u00f3n en la Universidad Veracruzana\u201d.<\/span><span data-ccp-props=\"{&quot;201341983&quot;:0,&quot;335559731&quot;:708,&quot;335559739&quot;:0,&quot;335559740&quot;:240}\">\u00a0<\/span><\/p>\n<p>&nbsp;<\/p>\n<div id=\"attachment_150285\" style=\"width: 732px\" class=\"wp-caption aligncenter\"><img loading=\"lazy\" decoding=\"async\" aria-describedby=\"caption-attachment-150285\" class=\"size-full wp-image-150285\" src=\"https:\/\/www.uv.mx\/prensa\/files\/2024\/12\/131224-PAOLA-Conferencia-Biodiversidad-2.jpg\" alt=\"\" width=\"722\" height=\"427\" srcset=\"https:\/\/www.uv.mx\/prensa\/files\/2024\/12\/131224-PAOLA-Conferencia-Biodiversidad-2.jpg 722w, https:\/\/www.uv.mx\/prensa\/files\/2024\/12\/131224-PAOLA-Conferencia-Biodiversidad-2-300x177.jpg 300w\" sizes=\"auto, (max-width: 722px) 100vw, 722px\" \/><p id=\"caption-attachment-150285\" class=\"wp-caption-text\">Habl\u00f3 sobre reflexionar hacia d\u00f3nde dirigir el quehacer de la biodiversidad<\/p><\/div>\n<p><span data-contrast=\"auto\">Dentro del foro, plante\u00f3 que el ser humano tiene siete millones de a\u00f1os de evoluci\u00f3n, por lo que es momento de reflexionar hacia d\u00f3nde dirigir, por ejemplo, el quehacer de la biodiversidad, ya que el colapso de los ecosistemas ha ocasionado: p\u00e9rdida de diversidad biocultural; degradaci\u00f3n ambiental; ciudades cercanas a h\u00e1bitat naturales, lo que ha cambiado las interacciones bi\u00f3ticas.<\/span><span data-ccp-props=\"{&quot;201341983&quot;:0,&quot;335559731&quot;:708,&quot;335559739&quot;:0,&quot;335559740&quot;:240}\">\u00a0<\/span><\/p>\n<p><span data-contrast=\"auto\">Cabe mencionar que a nivel mundial se registra una p\u00e9rdida del 6.5% de la diversidad biol\u00f3gica, mientras que en Am\u00e9rica Latina es del 13%, una cifra lamentable.<\/span><span data-ccp-props=\"{&quot;201341983&quot;:0,&quot;335559731&quot;:708,&quot;335559739&quot;:0,&quot;335559740&quot;:240}\">\u00a0<\/span><\/p>\n<p><span data-contrast=\"auto\">\u201cComo Universidad e investigadores tenemos que regresar a las preguntas esenciales: \u00bfqu\u00e9 investigar?, \u00bfpor qu\u00e9 y para qu\u00e9 investigar?, \u00bfpara qui\u00e9n investigar?, \u00bfen d\u00f3nde investigar?, \u00bfc\u00f3mo investigar?, \u00bfcon qu\u00e9 se cuenta para investigar? y \u00bfqu\u00e9 recursos podemos tener para estudiar los sistemas complejos?\u201d, concluy\u00f3 el investigador.<\/span><span data-ccp-props=\"{&quot;201341983&quot;:0,&quot;335559731&quot;:708,&quot;335559739&quot;:0,&quot;335559740&quot;:240}\">\u00a0<\/span><\/p>\n<p><span data-contrast=\"auto\">Se\u00f1al\u00f3 que las universidades deben invertir en investigaci\u00f3n que aborde problemas regionales y significativos, con base en equipos interdisciplinarios e interregionales, que permitan<\/span><span data-contrast=\"auto\"> complementar y mejorar capacidades.<\/span><span data-ccp-props=\"{&quot;201341983&quot;:0,&quot;335559731&quot;:708,&quot;335559739&quot;:0,&quot;335559740&quot;:240}\">\u00a0<\/span><\/p>\n<p>&nbsp;<\/p>\n<div id=\"attachment_150283\" style=\"width: 732px\" class=\"wp-caption aligncenter\"><img loading=\"lazy\" decoding=\"async\" aria-describedby=\"caption-attachment-150283\" class=\"size-full wp-image-150283\" src=\"https:\/\/www.uv.mx\/prensa\/files\/2024\/12\/131224-PAOLA-Conferencia-Biodiversidad-3.jpg\" alt=\"\" width=\"722\" height=\"463\" srcset=\"https:\/\/www.uv.mx\/prensa\/files\/2024\/12\/131224-PAOLA-Conferencia-Biodiversidad-3.jpg 722w, https:\/\/www.uv.mx\/prensa\/files\/2024\/12\/131224-PAOLA-Conferencia-Biodiversidad-3-300x192.jpg 300w\" sizes=\"auto, (max-width: 722px) 100vw, 722px\" \/><p id=\"caption-attachment-150283\" class=\"wp-caption-text\">\u201cComo Universidad e investigadores tenemos que regresar a las preguntas esenciales de la investigaci\u00f3n\u201d, expres\u00f3<\/p><\/div>\n<p><span data-contrast=\"auto\">Asimismo, dijo que la Universidad debe promover un di\u00e1logo constructivo entre actores pol\u00edticos, cient\u00edficos y la sociedad; en tanto, la investigaci\u00f3n debe ser responsable y llevarnos a hacernos cuestionamientos. La instituci\u00f3n est\u00e1 hecha para ense\u00f1ar cr\u00edticamente, analizar en varias \u00e1reas del conocimiento \u2013human\u00edstico, art\u00edstico, cient\u00edfico, t\u00e9cnico\u2013 y crear.<\/span><span data-ccp-props=\"{&quot;201341983&quot;:0,&quot;335559731&quot;:708,&quot;335559739&quot;:0,&quot;335559740&quot;:240}\">\u00a0<\/span><\/p>\n<p><span data-contrast=\"auto\">Sin embargo, coment\u00f3 que \u201cno todos los profesores tienen que hacer investigaci\u00f3n, pero s\u00ed generar conocimiento a trav\u00e9s de la investigaci\u00f3n cient\u00edfica para beneficio de la sociedad\u201d.<\/span><span data-ccp-props=\"{&quot;201341983&quot;:0,&quot;335559731&quot;:708,&quot;335559739&quot;:0,&quot;335559740&quot;:240}\">\u00a0<\/span><\/p>\n<p><span data-ccp-props=\"{&quot;201341983&quot;:0,&quot;335559739&quot;:0,&quot;335559740&quot;:240}\">\u00a0<\/span><\/p>\n","protected":false},"excerpt":{"rendered":"<p>Se\u00f1al\u00f3 Carlos H\u00e9ctor \u00c1vila, investigador del Centro de Estudios Interdisciplinarios en Agrobiodiversidad,  <\/p>\n","protected":false},"author":1810,"featured_media":150282,"comment_status":"closed","ping_status":"closed","sticky":false,"template":"","format":"standard","meta":{"footnotes":""},"categories":[1,61],"tags":[20654,5562,20652,20483,6462,4164,20655,20653],"class_list":["post-150286","post","type-post","status-publish","format-standard","has-post-thumbnail","hentry","category-general","category-banner","tag-sistemas-complejos","tag-carlos-hector-avila-bello","tag-centro-de-estudios-interdisciplinarios-en-agrobiodiversidad-de-la-uv","tag-encuentro-de-la-investigacion-en-la-universidad-veracruzana-retos-y-perspectivas","tag-omar-portilla-palacios","tag-paola-cortes-perez","tag-un-paradigma-para-la-investigacion-en-la-universidad-veracruzana","tag-unidad-de-servicios-bibliotecarios-y-de-informacion-usbi-region-xalapa"],"_links":{"self":[{"href":"https:\/\/www.uv.mx\/prensa\/wp-json\/wp\/v2\/posts\/150286","targetHints":{"allow":["GET"]}}],"collection":[{"href":"https:\/\/www.uv.mx\/prensa\/wp-json\/wp\/v2\/posts"}],"about":[{"href":"https:\/\/www.uv.mx\/prensa\/wp-json\/wp\/v2\/types\/post"}],"author":[{"embeddable":true,"href":"https:\/\/www.uv.mx\/prensa\/wp-json\/wp\/v2\/users\/1810"}],"replies":[{"embeddable":true,"href":"https:\/\/www.uv.mx\/prensa\/wp-json\/wp\/v2\/comments?post=150286"}],"version-history":[{"count":1,"href":"https:\/\/www.uv.mx\/prensa\/wp-json\/wp\/v2\/posts\/150286\/revisions"}],"predecessor-version":[{"id":150293,"href":"https:\/\/www.uv.mx\/prensa\/wp-json\/wp\/v2\/posts\/150286\/revisions\/150293"}],"wp:featuredmedia":[{"embeddable":true,"href":"https:\/\/www.uv.mx\/prensa\/wp-json\/wp\/v2\/media\/150282"}],"wp:attachment":[{"href":"https:\/\/www.uv.mx\/prensa\/wp-json\/wp\/v2\/media?parent=150286"}],"wp:term":[{"taxonomy":"category","embeddable":true,"href":"https:\/\/www.uv.mx\/prensa\/wp-json\/wp\/v2\/categories?post=150286"},{"taxonomy":"post_tag","embeddable":true,"href":"https:\/\/www.uv.mx\/prensa\/wp-json\/wp\/v2\/tags?post=150286"}],"curies":[{"name":"wp","href":"https:\/\/api.w.org\/{rel}","templated":true}]}}