{"id":150281,"date":"2024-12-17T17:53:14","date_gmt":"2024-12-17T23:53:14","guid":{"rendered":"https:\/\/www.uv.mx\/prensa\/?p=150281"},"modified":"2024-12-17T18:17:18","modified_gmt":"2024-12-18T00:17:18","slug":"estudiantes-de-musica-ofrecieron-recitales-de-piano-en-chiapas","status":"publish","type":"post","link":"https:\/\/www.uv.mx\/prensa\/general\/estudiantes-de-musica-ofrecieron-recitales-de-piano-en-chiapas\/","title":{"rendered":"Estudiantes de M\u00fasica ofrecieron recitales de piano en Chiapas\u00a0"},"content":{"rendered":"<ul>\n<li data-leveltext=\"\uf0b7\" data-font=\"Symbol\" data-listid=\"6\" data-list-defn-props=\"{&quot;335552541&quot;:1,&quot;335559685&quot;:720,&quot;335559991&quot;:360,&quot;469769226&quot;:&quot;Symbol&quot;,&quot;469769242&quot;:[8226],&quot;469777803&quot;:&quot;left&quot;,&quot;469777804&quot;:&quot;\uf0b7&quot;,&quot;469777815&quot;:&quot;hybridMultilevel&quot;}\" data-aria-posinset=\"1\" data-aria-level=\"1\"><i><span data-contrast=\"auto\">Se presentaron en Tuxtla Guti\u00e9rrez y Comit\u00e1n de Dom\u00ednguez, e interpretaron las melod\u00edas <\/span><\/i><span data-contrast=\"auto\">Ricercatta<\/span><i><span data-contrast=\"auto\"> y <\/span><\/i><span data-contrast=\"auto\">Muros Verdes<\/span><i><span data-contrast=\"auto\">, entre otras\u00a0<\/span><\/i><span data-ccp-props=\"{}\">\u00a0<\/span><\/li>\n<\/ul>\n<ul>\n<li data-leveltext=\"\uf0b7\" data-font=\"Symbol\" data-listid=\"6\" data-list-defn-props=\"{&quot;335552541&quot;:1,&quot;335559685&quot;:720,&quot;335559991&quot;:360,&quot;469769226&quot;:&quot;Symbol&quot;,&quot;469769242&quot;:[8226],&quot;469777803&quot;:&quot;left&quot;,&quot;469777804&quot;:&quot;\uf0b7&quot;,&quot;469777815&quot;:&quot;hybridMultilevel&quot;}\" data-aria-posinset=\"2\" data-aria-level=\"1\"><i><span data-contrast=\"auto\">El proyecto fue coordinado por Daniel Luna Piedra, Jorge Covarrubias Robles y Alejandro C\u00e1mara Contreras<\/span><\/i><span data-ccp-props=\"{}\">\u00a0<\/span><\/li>\n<\/ul>\n<p><span data-ccp-props=\"{}\">\u00a0<\/span><\/p>\n<div id=\"attachment_150234\" style=\"width: 732px\" class=\"wp-caption aligncenter\"><img loading=\"lazy\" decoding=\"async\" aria-describedby=\"caption-attachment-150234\" class=\"size-full wp-image-150234\" src=\"https:\/\/www.uv.mx\/prensa\/files\/2024\/12\/051224-CARLOS-Alumnos-recital-Chiapas-1.jpg\" alt=\"\" width=\"722\" height=\"542\" srcset=\"https:\/\/www.uv.mx\/prensa\/files\/2024\/12\/051224-CARLOS-Alumnos-recital-Chiapas-1.jpg 722w, https:\/\/www.uv.mx\/prensa\/files\/2024\/12\/051224-CARLOS-Alumnos-recital-Chiapas-1-300x225.jpg 300w\" sizes=\"auto, (max-width: 722px) 100vw, 722px\" \/><p id=\"caption-attachment-150234\" class=\"wp-caption-text\">En los recitales participaron ocho alumnos de la Facultad de M\u00fasica UV<\/p><\/div>\n<p><span data-ccp-props=\"{}\">\u00a0<\/span><\/p>\n<p><b><i><span data-contrast=\"auto\">Carlos Hugo Hermida Rosales<\/span><\/i><\/b><span data-ccp-props=\"{}\">\u00a0<\/span><\/p>\n<p><b><i><span data-contrast=\"auto\">Fot\u00f3grafo: Cortes\u00eda entrevistados (1 y 2) y Omar Portilla Palacios (3-7)<\/span><\/i><\/b><span data-ccp-props=\"{}\">\u00a0<\/span><\/p>\n<p><b><i><span data-contrast=\"auto\">17\/12\/2024, Xalapa, Ver.-<\/span><\/i><\/b><span data-contrast=\"auto\"> Estudiantes destacados de piano de la Facultad de M\u00fasica de la Universidad Veracruzana (UV) ofrecieron un par de recitales en la Casa de las Artes y las Culturas \u201cCoraz\u00f3n Borras\u201d de Tuxtla Guti\u00e9rrez, y el sal\u00f3n de usos m\u00faltiples del Museo \u201cDr. Belisario Dom\u00ednguez\u201d de Comit\u00e1n de Dom\u00ednguez, en los que dieron muestra de habilidad y talento al interpretar melod\u00edas como <\/span><i><span data-contrast=\"auto\">Ricercatta<\/span><\/i><span data-contrast=\"auto\"> de Gy\u00f6rgy\u202fLigeti, y <\/span><i><span data-contrast=\"auto\">Muros Verdes<\/span><\/i><span data-contrast=\"auto\"> de Jos\u00e9 Pablo Moncayo.<\/span><span data-ccp-props=\"{}\">\u00a0<\/span><\/p>\n<p><span data-contrast=\"auto\">Los j\u00f3venes que participaron en los eventos art\u00edsticos en el estado de Chiapas fueron Grezia Isabel D\u00edaz Amaya, Camila D\u00edaz G\u00f3mez, Daniel Isa\u00edas Mart\u00ednez Rodr\u00edguez, Janette Fernanda Rodr\u00edguez Olaez,<\/span> <span data-contrast=\"auto\">Alfonso L\u00f3pez Barrales, Yelsi Yareni Huesca Cedillo, Valeria Prieto Brito y Abraham Eliud Gabriel Andrade.<\/span><\/p>\n<p>&nbsp;<\/p>\n<div id=\"attachment_150232\" style=\"width: 732px\" class=\"wp-caption aligncenter\"><img loading=\"lazy\" decoding=\"async\" aria-describedby=\"caption-attachment-150232\" class=\"size-full wp-image-150232\" src=\"https:\/\/www.uv.mx\/prensa\/files\/2024\/12\/051224-CARLOS-Alumnos-recital-Chiapas-2.jpg\" alt=\"\" width=\"722\" height=\"542\" srcset=\"https:\/\/www.uv.mx\/prensa\/files\/2024\/12\/051224-CARLOS-Alumnos-recital-Chiapas-2.jpg 722w, https:\/\/www.uv.mx\/prensa\/files\/2024\/12\/051224-CARLOS-Alumnos-recital-Chiapas-2-300x225.jpg 300w\" sizes=\"auto, (max-width: 722px) 100vw, 722px\" \/><p id=\"caption-attachment-150232\" class=\"wp-caption-text\">Los j\u00f3venes se presentaron ante un p\u00fablico diverso<\/p><\/div>\n<p>&nbsp;<\/p>\n<p><span data-contrast=\"auto\">El evento, coordinado por Daniel Luna Piedra, Jorge Covarrubias Robles y Alejandro C\u00e1mara Contreras, docentes de la Facultad de M\u00fasica, premia a los alumnos con mejor rendimiento en el semestre inmediato anterior, de los niveles iniciaci\u00f3n, t\u00e9cnico y licenciatura, con el objetivo de que representen a la entidad acad\u00e9mica en foros culturales ajenos a la UV.<\/span><span data-ccp-props=\"{&quot;335559731&quot;:708}\">\u00a0<\/span><\/p>\n<p><span data-contrast=\"auto\">Luna Piedra afirm\u00f3 que la iniciativa motiva a los estudiantes a aumentar su desempe\u00f1o, a la vez que muestra la calidad educativa de la academia de piano en otros estados de la Rep\u00fablica y fomenta el inter\u00e9s por ingresar a la Universidad.<\/span><\/p>\n<p>&nbsp;<\/p>\n<div id=\"attachment_150231\" style=\"width: 732px\" class=\"wp-caption aligncenter\"><img loading=\"lazy\" decoding=\"async\" aria-describedby=\"caption-attachment-150231\" class=\"size-full wp-image-150231\" src=\"https:\/\/www.uv.mx\/prensa\/files\/2024\/12\/051224-CARLOS-Alumnos-recital-Chiapas-3.jpg\" alt=\"\" width=\"722\" height=\"541\" srcset=\"https:\/\/www.uv.mx\/prensa\/files\/2024\/12\/051224-CARLOS-Alumnos-recital-Chiapas-3.jpg 722w, https:\/\/www.uv.mx\/prensa\/files\/2024\/12\/051224-CARLOS-Alumnos-recital-Chiapas-3-300x225.jpg 300w\" sizes=\"auto, (max-width: 722px) 100vw, 722px\" \/><p id=\"caption-attachment-150231\" class=\"wp-caption-text\">Los estudiantes destacaron el apoyo de sus maestros en la gira<\/p><\/div>\n<p><span data-contrast=\"auto\">\u00a0<\/span><span data-ccp-props=\"{&quot;335559731&quot;:708}\">\u00a0<\/span><\/p>\n<p><span data-contrast=\"auto\">Resalt\u00f3 que en ambos recitales los alumnos mostraron un gran nivel y compartieron su conocimiento con los asistentes; reconoci\u00f3 a Homero \u00c1vila Landa, coordinador universitario de Atenci\u00f3n Estudiantil, y al Comit\u00e9 Pro-Mejoras de la facultad por el apoyo brindado para realizar el viaje.\u00a0<\/span><span data-ccp-props=\"{&quot;335559731&quot;:708}\">\u00a0<\/span><\/p>\n<p><span data-contrast=\"auto\">Los j\u00f3venes participantes agradecieron la oportunidad de presentarse ante un p\u00fablico diverso.\u00a0<\/span><span data-ccp-props=\"{&quot;335559731&quot;:708}\">\u00a0<\/span><\/p>\n<p><span data-contrast=\"auto\">Janette Rodr\u00edguez mencion\u00f3 que enfrentarse al reto fue emotivo e inspirador porque requiri\u00f3 ampliar su visi\u00f3n y usar una concentraci\u00f3n extrema.<\/span><span data-ccp-props=\"{&quot;335559731&quot;:708}\">\u00a0<\/span><\/p>\n<p>&nbsp;<\/p>\n<div id=\"attachment_150230\" style=\"width: 732px\" class=\"wp-caption aligncenter\"><img loading=\"lazy\" decoding=\"async\" aria-describedby=\"caption-attachment-150230\" class=\"size-full wp-image-150230\" src=\"https:\/\/www.uv.mx\/prensa\/files\/2024\/12\/051224-CARLOS-Alumnos-recital-Chiapas-4.jpg\" alt=\"\" width=\"722\" height=\"471\" srcset=\"https:\/\/www.uv.mx\/prensa\/files\/2024\/12\/051224-CARLOS-Alumnos-recital-Chiapas-4.jpg 722w, https:\/\/www.uv.mx\/prensa\/files\/2024\/12\/051224-CARLOS-Alumnos-recital-Chiapas-4-300x196.jpg 300w\" sizes=\"auto, (max-width: 722px) 100vw, 722px\" \/><p id=\"caption-attachment-150230\" class=\"wp-caption-text\">Janette Fernanda Rodr\u00edguez Olaez<\/p><\/div>\n<p>&nbsp;<\/p>\n<p><span data-contrast=\"auto\">\u201cAl viajar a otro foro pude conocerme, aprender lo que la m\u00fasica significa para los dem\u00e1s, y retroalimentarme de mis compa\u00f1eros\u201d, asever\u00f3.\u00a0<\/span><span data-ccp-props=\"{&quot;335559731&quot;:708}\">\u00a0<\/span><\/p>\n<p><span data-contrast=\"auto\">Camila D\u00edaz confes\u00f3 que, aunque trasladarse a otro sitio le provoc\u00f3 nervios, tuvo la capacidad de transformarlos en emoci\u00f3n que mantuvo a lo largo de la gira, en la cual convivi\u00f3 con otros pianistas, comparti\u00f3 experiencias y forj\u00f3 nuevos lazos.\u00a0<\/span><span data-ccp-props=\"{&quot;335559731&quot;:708}\">\u00a0<\/span><\/p>\n<p><span data-contrast=\"auto\">Coment\u00f3 que el p\u00fablico \u2013de alrededor de 70 personas en cada recital\u2013 mostr\u00f3 mucho inter\u00e9s, e incluso algunos se acercaron a preguntar por su trayectoria y el origen de su formaci\u00f3n en la m\u00fasica.<\/span><\/p>\n<p>&nbsp;<\/p>\n<div id=\"attachment_150229\" style=\"width: 732px\" class=\"wp-caption aligncenter\"><img loading=\"lazy\" decoding=\"async\" aria-describedby=\"caption-attachment-150229\" class=\"size-full wp-image-150229\" src=\"https:\/\/www.uv.mx\/prensa\/files\/2024\/12\/051224-CARLOS-Alumnos-recital-Chiapas-5.jpg\" alt=\"\" width=\"722\" height=\"470\" srcset=\"https:\/\/www.uv.mx\/prensa\/files\/2024\/12\/051224-CARLOS-Alumnos-recital-Chiapas-5.jpg 722w, https:\/\/www.uv.mx\/prensa\/files\/2024\/12\/051224-CARLOS-Alumnos-recital-Chiapas-5-300x195.jpg 300w\" sizes=\"auto, (max-width: 722px) 100vw, 722px\" \/><p id=\"caption-attachment-150229\" class=\"wp-caption-text\">Camila D\u00edaz G\u00f3mez<\/p><\/div>\n<p><span data-contrast=\"auto\">\u00a0<\/span><span data-ccp-props=\"{&quot;335559731&quot;:708}\">\u00a0<\/span><\/p>\n<p><span data-contrast=\"auto\">La joven asegur\u00f3 que en todo momento se comprometi\u00f3 y dio su mejor esfuerzo, pues representaba su trabajo y el nombre de una instituci\u00f3n.<\/span><span data-ccp-props=\"{&quot;335559731&quot;:708}\">\u00a0<\/span><\/p>\n<p><span data-contrast=\"auto\">Por su parte, Alfonso L\u00f3pez destac\u00f3 el ambiente de camarader\u00eda de todos los participantes, quienes se mantuvieron en la sinton\u00eda de explorar un nuevo sitio y se prepararon mentalmente para utilizar un piano distinto en un contexto ajeno.\u00a0<\/span><span data-ccp-props=\"{&quot;335559731&quot;:708}\">\u00a0<\/span><\/p>\n<p><span data-contrast=\"auto\">Manifest\u00f3 felicidad por haber colaborado en el proyecto, y agradeci\u00f3 a sus profesores por animarlo y estar siempre al pendiente.\u00a0<\/span><span data-ccp-props=\"{&quot;335559731&quot;:708}\">\u00a0<\/span><\/p>\n<p><span data-ccp-props=\"{}\">\u00a0<\/span><\/p>\n<div id=\"attachment_150233\" style=\"width: 732px\" class=\"wp-caption aligncenter\"><img loading=\"lazy\" decoding=\"async\" aria-describedby=\"caption-attachment-150233\" class=\"size-full wp-image-150233\" src=\"https:\/\/www.uv.mx\/prensa\/files\/2024\/12\/051224-CARLOS-Alumnos-recital-Chiapas-6.jpg\" alt=\"\" width=\"722\" height=\"487\" srcset=\"https:\/\/www.uv.mx\/prensa\/files\/2024\/12\/051224-CARLOS-Alumnos-recital-Chiapas-6.jpg 722w, https:\/\/www.uv.mx\/prensa\/files\/2024\/12\/051224-CARLOS-Alumnos-recital-Chiapas-6-300x202.jpg 300w\" sizes=\"auto, (max-width: 722px) 100vw, 722px\" \/><p id=\"caption-attachment-150233\" class=\"wp-caption-text\">Alfonso L\u00f3pez Barrales<\/p><\/div>\n","protected":false},"excerpt":{"rendered":"<p>Como parte de una iniciativa donde se premia a los j\u00f3venes con mejor rendimiento<\/p>\n","protected":false},"author":1869,"featured_media":150228,"comment_status":"closed","ping_status":"closed","sticky":false,"template":"","format":"standard","meta":{"footnotes":""},"categories":[15423,1,61],"tags":[20640,20643,20637,20634,20631,6927,233,20635,20641,730,20633,3612,20636,20642,20632,20639,20638],"class_list":["post-150281","post","type-post","status-publish","format-standard","has-post-thumbnail","hentry","category-estudiantes","category-general","category-banner","tag-abraham-eliud-gabriel-andrade","tag-alejandro-camara-contreras","tag-alfonso-lopez-barrales","tag-camila-diaz-gomez","tag-casa-de-las-artes-y-las-culturas-corazon-borras-de-tuxtla-gutierrez","tag-comite-pro-mejoras","tag-coordinacion-universitaria-de-atencion-estudiantil","tag-daniel-isaias-martinez-rodriguez","tag-daniel-luna-piedra","tag-facultad-de-musica","tag-grezia-isabel-diaz-amaya","tag-homero-avila-landa","tag-janette-fernanda-rodriguez-olaez","tag-jorge-covarrubias-robles","tag-museo-dr-belisario-dominguez-de-comitan-de-dominguez","tag-valeria-prieto-brito","tag-yelsi-yareni-huesca-cedillo"],"_links":{"self":[{"href":"https:\/\/www.uv.mx\/prensa\/wp-json\/wp\/v2\/posts\/150281","targetHints":{"allow":["GET"]}}],"collection":[{"href":"https:\/\/www.uv.mx\/prensa\/wp-json\/wp\/v2\/posts"}],"about":[{"href":"https:\/\/www.uv.mx\/prensa\/wp-json\/wp\/v2\/types\/post"}],"author":[{"embeddable":true,"href":"https:\/\/www.uv.mx\/prensa\/wp-json\/wp\/v2\/users\/1869"}],"replies":[{"embeddable":true,"href":"https:\/\/www.uv.mx\/prensa\/wp-json\/wp\/v2\/comments?post=150281"}],"version-history":[{"count":1,"href":"https:\/\/www.uv.mx\/prensa\/wp-json\/wp\/v2\/posts\/150281\/revisions"}],"predecessor-version":[{"id":150287,"href":"https:\/\/www.uv.mx\/prensa\/wp-json\/wp\/v2\/posts\/150281\/revisions\/150287"}],"wp:featuredmedia":[{"embeddable":true,"href":"https:\/\/www.uv.mx\/prensa\/wp-json\/wp\/v2\/media\/150228"}],"wp:attachment":[{"href":"https:\/\/www.uv.mx\/prensa\/wp-json\/wp\/v2\/media?parent=150281"}],"wp:term":[{"taxonomy":"category","embeddable":true,"href":"https:\/\/www.uv.mx\/prensa\/wp-json\/wp\/v2\/categories?post=150281"},{"taxonomy":"post_tag","embeddable":true,"href":"https:\/\/www.uv.mx\/prensa\/wp-json\/wp\/v2\/tags?post=150281"}],"curies":[{"name":"wp","href":"https:\/\/api.w.org\/{rel}","templated":true}]}}