{"id":150264,"date":"2024-12-16T22:22:57","date_gmt":"2024-12-17T04:22:57","guid":{"rendered":"https:\/\/www.uv.mx\/prensa\/?p=150264"},"modified":"2024-12-16T22:22:57","modified_gmt":"2024-12-17T04:22:57","slug":"cug-uv-aprobo-presupuesto-para-2025-y-programa-de-austeridad","status":"publish","type":"post","link":"https:\/\/www.uv.mx\/prensa\/general\/cug-uv-aprobo-presupuesto-para-2025-y-programa-de-austeridad\/","title":{"rendered":"CUG-UV aprob\u00f3 presupuesto para 2025 y Programa de Austeridad"},"content":{"rendered":"<ul>\n<li data-leveltext=\"\uf0b7\" data-font=\"Symbol\" data-listid=\"1\" data-list-defn-props=\"{&quot;335552541&quot;:1,&quot;335559685&quot;:720,&quot;335559991&quot;:360,&quot;469769226&quot;:&quot;Symbol&quot;,&quot;469769242&quot;:[8226],&quot;469777803&quot;:&quot;left&quot;,&quot;469777804&quot;:&quot;\uf0b7&quot;,&quot;469777815&quot;:&quot;hybridMultilevel&quot;}\" data-aria-posinset=\"1\" data-aria-level=\"1\"><i><span data-contrast=\"none\">En sesi\u00f3n ordinaria del Consejo Universitario, presidida por el rector Mart\u00edn Aguilar S\u00e1nchez\u00a0<\/span><\/i><span data-ccp-props=\"{&quot;134233117&quot;:false,&quot;134233118&quot;:false,&quot;201341983&quot;:0,&quot;335559738&quot;:0,&quot;335559739&quot;:0,&quot;335559740&quot;:240}\">\u00a0<\/span><\/li>\n<\/ul>\n<ul>\n<li data-leveltext=\"\uf0b7\" data-font=\"Symbol\" data-listid=\"1\" data-list-defn-props=\"{&quot;335552541&quot;:1,&quot;335559685&quot;:720,&quot;335559991&quot;:360,&quot;469769226&quot;:&quot;Symbol&quot;,&quot;469769242&quot;:[8226],&quot;469777803&quot;:&quot;left&quot;,&quot;469777804&quot;:&quot;\uf0b7&quot;,&quot;469777815&quot;:&quot;hybridMultilevel&quot;}\" data-aria-posinset=\"2\" data-aria-level=\"1\"><i><span data-contrast=\"none\">Las y los consejeros votaron a favor del Presupuesto de Ingresos y Egresos del ejercicio 2025, por un monto de 10 mil 268 millones 641 mil pesos<\/span><\/i><span data-ccp-props=\"{&quot;134233117&quot;:false,&quot;134233118&quot;:false,&quot;201341983&quot;:0,&quot;335559738&quot;:0,&quot;335559739&quot;:0,&quot;335559740&quot;:240}\">\u00a0<\/span><\/li>\n<\/ul>\n<ul>\n<li data-leveltext=\"\uf0b7\" data-font=\"Symbol\" data-listid=\"1\" data-list-defn-props=\"{&quot;335552541&quot;:1,&quot;335559685&quot;:720,&quot;335559991&quot;:360,&quot;469769226&quot;:&quot;Symbol&quot;,&quot;469769242&quot;:[8226],&quot;469777803&quot;:&quot;left&quot;,&quot;469777804&quot;:&quot;\uf0b7&quot;,&quot;469777815&quot;:&quot;hybridMultilevel&quot;}\" data-aria-posinset=\"3\" data-aria-level=\"1\"><i><span data-contrast=\"none\">El Programa de Austeridad abarca del 2 de enero al 31 de diciembre del a\u00f1o entrante, y estima un ahorro institucional por 22 millones 385 mil pesos<\/span><\/i><span data-ccp-props=\"{&quot;134233117&quot;:false,&quot;134233118&quot;:false,&quot;201341983&quot;:0,&quot;335559738&quot;:0,&quot;335559739&quot;:0,&quot;335559740&quot;:240}\">\u00a0<\/span><\/li>\n<\/ul>\n<p><span data-ccp-props=\"{&quot;134233117&quot;:false,&quot;134233118&quot;:false,&quot;201341983&quot;:0,&quot;335559738&quot;:0,&quot;335559739&quot;:0,&quot;335559740&quot;:240}\">\u00a0<\/span><\/p>\n<div id=\"attachment_150265\" style=\"width: 732px\" class=\"wp-caption aligncenter\"><img loading=\"lazy\" decoding=\"async\" aria-describedby=\"caption-attachment-150265\" class=\"size-full wp-image-150265\" src=\"https:\/\/www.uv.mx\/prensa\/files\/2024\/12\/161224-PRESUPUESTO-CUG-1-100k.jpg\" alt=\"El Consejo Universitario General aprob\u00f3 el proyecto inicial del Presupuesto de Ingresos y Egresos del ejercicio 2025 y el Programa de Austeridad  \" width=\"722\" height=\"480\" srcset=\"https:\/\/www.uv.mx\/prensa\/files\/2024\/12\/161224-PRESUPUESTO-CUG-1-100k.jpg 722w, https:\/\/www.uv.mx\/prensa\/files\/2024\/12\/161224-PRESUPUESTO-CUG-1-100k-300x199.jpg 300w\" sizes=\"auto, (max-width: 722px) 100vw, 722px\" \/><p id=\"caption-attachment-150265\" class=\"wp-caption-text\">El Consejo Universitario General aprob\u00f3 el proyecto inicial del Presupuesto de Ingresos y Egresos del ejercicio 2025 y el Programa de Austeridad<\/p><\/div>\n<p>&nbsp;<\/p>\n<p><b><i><span data-contrast=\"none\">Redacci\u00f3n UV<\/span><\/i><\/b><span data-ccp-props=\"{&quot;134233117&quot;:false,&quot;134233118&quot;:false,&quot;201341983&quot;:0,&quot;335559738&quot;:0,&quot;335559739&quot;:0,&quot;335559740&quot;:240}\">\u00a0<\/span><\/p>\n<p><b><i><span data-contrast=\"none\">Fotos: C\u00e9sar Pisil Ramos, Jos\u00e9 Rujiro Hern\u00e1ndez Temis<\/span><\/i><\/b><\/p>\n<p><b><i><span data-contrast=\"none\">16\/12\/2024, Xalapa, Ver<\/span><\/i><\/b><i><span data-contrast=\"none\">.-<\/span><\/i><span data-contrast=\"none\"> Las y los integrantes del Consejo Universitario General (CUG) de la Universidad Veracruzana (UV) aprobaron el proyecto inicial del Presupuesto de Ingresos y Egresos del ejercicio 2025, por un monto de 10 mil 268 millones 641 mil pesos; y del Programa de Austeridad costeado para el pr\u00f3ximo a\u00f1o, en sesi\u00f3n ordinaria presidida por el rector Mart\u00edn Aguilar S\u00e1nchez en la <\/span><span data-contrast=\"none\">sala anexa de Tlaqn\u00e1, Centro Cultural.<\/span><span data-ccp-props=\"{&quot;134233117&quot;:false,&quot;134233118&quot;:false,&quot;201341983&quot;:0,&quot;335559738&quot;:0,&quot;335559739&quot;:0,&quot;335559740&quot;:240}\">\u00a0<\/span><\/p>\n<p><span data-contrast=\"none\">Dentro de los Acuerdos de las Comisiones Permanentes, tambi\u00e9n fue aprobado el <\/span><span data-contrast=\"none\">Presupuesto Modificado al mes de octubre del ejercicio 2024, estimado en nueve mil 845 millones 790 mil pesos.<\/span><span data-ccp-props=\"{&quot;134233117&quot;:false,&quot;134233118&quot;:false,&quot;201341983&quot;:0,&quot;335559731&quot;:708,&quot;335559738&quot;:0,&quot;335559739&quot;:0,&quot;335559740&quot;:240}\">\u00a0<\/span><\/p>\n<p><span data-contrast=\"none\">Ante el pleno, Yamile Lira L\u00f3pez, consejera <\/span><i><span data-contrast=\"none\">ex officio<\/span><\/i><span data-contrast=\"none\"> del Instituto de Antropolog\u00eda, dio lectura al informe y destac\u00f3 el incremento salarial de 4%, recurso correspondiente gestionado por la Secretar\u00eda de Educaci\u00f3n P\u00fablica.\u202f<\/span><span data-ccp-props=\"{&quot;134233117&quot;:false,&quot;134233118&quot;:false,&quot;201341983&quot;:0,&quot;335559731&quot;:708,&quot;335559738&quot;:0,&quot;335559739&quot;:0,&quot;335559740&quot;:240}\">\u00a0<\/span><\/p>\n<p><span data-contrast=\"none\">Subray\u00f3 que en el presente ejercicio se logr\u00f3 que las entidades presupuestaran sus respectivos Comit\u00e9s Pro Mejoras de manera simult\u00e1nea al programa federal U006.\u202f<\/span><\/p>\n<div id=\"attachment_150266\" style=\"width: 732px\" class=\"wp-caption aligncenter\"><img loading=\"lazy\" decoding=\"async\" aria-describedby=\"caption-attachment-150266\" class=\"size-full wp-image-150266\" src=\"https:\/\/www.uv.mx\/prensa\/files\/2024\/12\/16122024-PRESUPUESTO-CUG-2-100k.jpg\" alt=\"Andrea Torres Zugaide, consejera de la Facultad de Medicina regi\u00f3n Coatzacoalcos-Minatitl\u00e1n, comparti\u00f3 el informe del Presupuesto Modificado al mes de octubre del ejercicio 2024\u202f \" width=\"722\" height=\"480\" srcset=\"https:\/\/www.uv.mx\/prensa\/files\/2024\/12\/16122024-PRESUPUESTO-CUG-2-100k.jpg 722w, https:\/\/www.uv.mx\/prensa\/files\/2024\/12\/16122024-PRESUPUESTO-CUG-2-100k-300x199.jpg 300w\" sizes=\"auto, (max-width: 722px) 100vw, 722px\" \/><p id=\"caption-attachment-150266\" class=\"wp-caption-text\">Andrea Torres Zugaide, consejera de la Facultad de Medicina regi\u00f3n Coatzacoalcos-Minatitl\u00e1n, comparti\u00f3 el informe del Presupuesto Modificado al mes de octubre del ejercicio 2024<\/p><\/div>\n<p>&nbsp;<\/p>\n<p><span data-contrast=\"none\">Lira L\u00f3pez agreg\u00f3 que el estimado de 10 mil 268 millones 641 mil pesos se destinar\u00e1n a proyectos estrat\u00e9gicos contemplados en la propuesta referida: educaci\u00f3n superior con excelencia y ampliaci\u00f3n de la matr\u00edcula, extensi\u00f3n de los servicios y vinculaci\u00f3n; fortalecimiento de la investigaci\u00f3n; generaci\u00f3n, transferencia y difusi\u00f3n de la cultura, las artes y el deporte, as\u00ed como en promoci\u00f3n de la inclusi\u00f3n de grupos vulnerables.\u202f<\/span><span data-ccp-props=\"{&quot;134233117&quot;:false,&quot;134233118&quot;:false,&quot;201341983&quot;:0,&quot;335559731&quot;:708,&quot;335559738&quot;:0,&quot;335559739&quot;:0,&quot;335559740&quot;:240}\">\u00a0<\/span><\/p>\n<p><span data-contrast=\"none\">Por su parte, Alejandra de la Cruz Mart\u00ednez, consejera alumna de la Facultad de Contadur\u00eda regi\u00f3n Poza Rica-Tuxpan, puntualiz\u00f3 que el subsidio ordinario ser\u00e1 por ocho mil 576 millones 384 mil pesos, 39.3% del orden federal y 60.7% del estatal; el subsidio extraordinario se estima en 92 millones 680 mil pesos, 97.7% federal y 2.8% estatal; y de ingresos propios por mil 599 millones 577 mil pesos.\u202f<\/span><span data-ccp-props=\"{&quot;134233117&quot;:false,&quot;134233118&quot;:false,&quot;201341983&quot;:0,&quot;335559731&quot;:708,&quot;335559738&quot;:0,&quot;335559739&quot;:0,&quot;335559740&quot;:240}\">\u00a0<\/span><\/p>\n<p><span data-contrast=\"none\">Correspondi\u00f3 a Imelda Fabiola Garc\u00eda Rodr\u00edguez, consejera <\/span><i><span data-contrast=\"none\">ex officio<\/span><\/i><span data-contrast=\"none\"> de la Facultad de Teatro, la presentaci\u00f3n del Programa de Austeridad costeado para el ejercicio 2025 que fue aprobado por mayor\u00eda del pleno.\u202f<\/span><\/p>\n<div id=\"attachment_150267\" style=\"width: 732px\" class=\"wp-caption aligncenter\"><img loading=\"lazy\" decoding=\"async\" aria-describedby=\"caption-attachment-150267\" class=\"size-full wp-image-150267\" src=\"https:\/\/www.uv.mx\/prensa\/files\/2024\/12\/16122024-PRESUPUESTO-CUG-3-100k.jpg\" alt=\"Yamile Lira L\u00f3pez, consejera exoficio del Instituto de Antropolog\u00eda, inform\u00f3 respecto al Proyecto Inicial de Presupuesto de Ingresos y Egresos de 2025\u202f \" width=\"722\" height=\"480\" srcset=\"https:\/\/www.uv.mx\/prensa\/files\/2024\/12\/16122024-PRESUPUESTO-CUG-3-100k.jpg 722w, https:\/\/www.uv.mx\/prensa\/files\/2024\/12\/16122024-PRESUPUESTO-CUG-3-100k-300x199.jpg 300w\" sizes=\"auto, (max-width: 722px) 100vw, 722px\" \/><p id=\"caption-attachment-150267\" class=\"wp-caption-text\">Yamile Lira L\u00f3pez, consejera exoficio del Instituto de Antropolog\u00eda, inform\u00f3 respecto al Proyecto Inicial de Presupuesto de Ingresos y Egresos de 2025<\/p><\/div>\n<p>&nbsp;<\/p>\n<p><span data-contrast=\"none\">Coment\u00f3 que el programa abarca del 2 de enero al 31 de diciembre del a\u00f1o entrante y, derivado de las medidas de contenci\u00f3n de gasto en los ejercicios 2023 y 2024, \u201cse considera una estimaci\u00f3n de ahorro conservadora en virtud de la situaci\u00f3n financiera actual y el aumento de los precios, de los bienes y servicios\u201d.\u202f<\/span><span data-ccp-props=\"{&quot;134233117&quot;:false,&quot;134233118&quot;:false,&quot;201341983&quot;:0,&quot;335559731&quot;:708,&quot;335559738&quot;:0,&quot;335559739&quot;:0,&quot;335559740&quot;:240}\">\u00a0<\/span><\/p>\n<p><span data-contrast=\"none\">Agreg\u00f3 que el ahorro se destinar\u00e1 a programas estrat\u00e9gicos y a la atenci\u00f3n de situaciones de emergencia que pongan en riesgo la operaci\u00f3n institucional.\u202f<\/span><span data-ccp-props=\"{&quot;134233117&quot;:false,&quot;134233118&quot;:false,&quot;201341983&quot;:0,&quot;335559731&quot;:708,&quot;335559738&quot;:0,&quot;335559739&quot;:0,&quot;335559740&quot;:240}\">\u00a0<\/span><\/p>\n<p><span data-contrast=\"none\">Otras disposiciones contemplan la realizaci\u00f3n de reuniones en modalidad virtual, el uso de la plataforma Hermes y planes de reducci\u00f3n del consumo de energ\u00eda el\u00e9ctrica.\u202f<\/span><\/p>\n<div id=\"attachment_150268\" style=\"width: 732px\" class=\"wp-caption aligncenter\"><img loading=\"lazy\" decoding=\"async\" aria-describedby=\"caption-attachment-150268\" class=\"size-full wp-image-150268\" src=\"https:\/\/www.uv.mx\/prensa\/files\/2024\/12\/16122024-PRESUPUESTO-CUG-4-100k.jpg\" alt=\"Alejandra de la Cruz Mart\u00ednez, consejera alumna de la Facultad de Contadur\u00eda, regi\u00f3n Poza Rica-Tuxpan, comparti\u00f3 los detalles del subsidio ordinario dentro del Presupuesto de Ingresos y Egresos 2025\u202f \" width=\"722\" height=\"480\" srcset=\"https:\/\/www.uv.mx\/prensa\/files\/2024\/12\/16122024-PRESUPUESTO-CUG-4-100k.jpg 722w, https:\/\/www.uv.mx\/prensa\/files\/2024\/12\/16122024-PRESUPUESTO-CUG-4-100k-300x199.jpg 300w\" sizes=\"auto, (max-width: 722px) 100vw, 722px\" \/><p id=\"caption-attachment-150268\" class=\"wp-caption-text\">Alejandra de la Cruz Mart\u00ednez, consejera alumna de la Facultad de Contadur\u00eda, regi\u00f3n Poza Rica-Tuxpan, comparti\u00f3 los detalles del subsidio ordinario dentro del Presupuesto de Ingresos y Egresos 2025<\/p><\/div>\n<p>&nbsp;<\/p>\n<p><span data-contrast=\"none\">Garc\u00eda Rodr\u00edguez destac\u00f3 que con estas y otras acciones se estima un ahorro institucional por 22 millones 385 mil pesos.\u202f<\/span><span data-ccp-props=\"{&quot;134233117&quot;:false,&quot;134233118&quot;:false,&quot;201341983&quot;:0,&quot;335559731&quot;:708,&quot;335559738&quot;:0,&quot;335559739&quot;:0,&quot;335559740&quot;:240}\">\u00a0<\/span><\/p>\n<p><span data-contrast=\"none\">Andrea Isabel Torres Zugaide, consejera <\/span><i><span data-contrast=\"none\">ex officio<\/span><\/i><span data-contrast=\"none\"> de la Facultad de Medicina regi\u00f3n Coatzacoalcos-Minatitl\u00e1n, comparti\u00f3 el informe del Presupuesto Modificado al mes de octubre del ejercicio 2024.\u202f<\/span><span data-ccp-props=\"{&quot;134233117&quot;:false,&quot;134233118&quot;:false,&quot;201341983&quot;:0,&quot;335559731&quot;:708,&quot;335559738&quot;:0,&quot;335559739&quot;:0,&quot;335559740&quot;:240}\">\u00a0<\/span><\/p>\n<p><span data-contrast=\"none\">Puntualiz\u00f3 que hasta tal fecha se estim\u00f3 en nueve mil 845 millones 790 mil pesos, recalcando que \u201cnunca se ha excedido el presupuesto total y las prestaciones se pagan de acuerdo con lo convenido con las agrupaciones sindicales y consignadas en los contratos colectivos de trabajo\u201d.\u202f<\/span><span data-ccp-props=\"{&quot;134233117&quot;:false,&quot;134233118&quot;:false,&quot;201341983&quot;:0,&quot;335559731&quot;:708,&quot;335559738&quot;:0,&quot;335559739&quot;:0,&quot;335559740&quot;:240}\">\u00a0<\/span><\/p>\n<p><span data-contrast=\"none\">Del presupuesto de ingresos consolidado, 72% se asign\u00f3 a las funciones sustantivas, con siete mil 85 millones 572 pesos; en igual sentido, se aprob\u00f3 por mayor\u00eda el Proyecto Inicial de Presupuesto de Ingresos y Egresos de 2025 por la cantidad de diez mil 268 millones 641 mil pesos.\u202f<\/span><\/p>\n<div id=\"attachment_150269\" style=\"width: 732px\" class=\"wp-caption aligncenter\"><img loading=\"lazy\" decoding=\"async\" aria-describedby=\"caption-attachment-150269\" class=\"size-full wp-image-150269\" src=\"https:\/\/www.uv.mx\/prensa\/files\/2024\/12\/16122024-PRESUPUESTO-CUG-5-100k.jpg\" alt=\"Imelda Fabiola Garc\u00eda Rodr\u00edguez, consejera ex oficio de la Facultad de Teatro, present\u00f3 el Programa de Austeridad para el ejercicio 2025 que se aprob\u00f3 por mayor\u00eda \u202f \" width=\"722\" height=\"480\" srcset=\"https:\/\/www.uv.mx\/prensa\/files\/2024\/12\/16122024-PRESUPUESTO-CUG-5-100k.jpg 722w, https:\/\/www.uv.mx\/prensa\/files\/2024\/12\/16122024-PRESUPUESTO-CUG-5-100k-300x199.jpg 300w\" sizes=\"auto, (max-width: 722px) 100vw, 722px\" \/><p id=\"caption-attachment-150269\" class=\"wp-caption-text\">Imelda Fabiola Garc\u00eda Rodr\u00edguez, consejera ex oficio de la Facultad de Teatro, present\u00f3 el Programa de Austeridad para el ejercicio 2025 que se aprob\u00f3 por mayor\u00eda<\/p><\/div>\n","protected":false},"excerpt":{"rendered":"<p>La cantidad estimada del presupuesto del a\u00f1o entrante se destinar\u00e1 a la ampliaci\u00f3n de la matr\u00edcula, extensi\u00f3n de los servicios y vinculaci\u00f3n, fortalecimiento de la investigaci\u00f3n y promoci\u00f3n de la inclusi\u00f3n de grupos vulnerables, as\u00ed como para otros rubros\u202f <\/p>\n","protected":false},"author":1775,"featured_media":150270,"comment_status":"closed","ping_status":"closed","sticky":false,"template":"","format":"standard","meta":{"footnotes":""},"categories":[47,1,61],"tags":[20627,20629,20630,681,6263,1013,781,1463,872,184,9172,73,6767,2700,20626,20628,20614,20625,2798,2976,7258,2958],"class_list":["post-150264","post","type-post","status-publish","format-standard","has-post-thumbnail","hentry","category-eventos","category-general","category-banner","tag-acuerdos-de-las-comisiones-permanentes","tag-alejandra-de-la-cruz-martinez","tag-andrea-isabel-torres-zugaide","tag-centro-cultural","tag-cesar-pisil-ramos","tag-consejo-universitario-general","tag-cug","tag-facultad-de-contaduria","tag-facultad-de-medicina","tag-facultad-de-teatro","tag-imelda-fabiola-garcia-rodriguez","tag-instituto-de-antropologia","tag-jose-rujiro-hernandez-temis","tag-martin-aguilar-sanchez","tag-presupuesto-de-ingresos-y-egresos-del-ejercicio-2025","tag-presupuesto-modificado-al-mes-de-octubre-del-ejercicio-2024","tag-programa-de-austeridad","tag-redaccion-uv","tag-region-coatzacoalcos-minatitlan","tag-region-poza-rica-tuxpan","tag-sala-anexa-de-tlaqna","tag-yamile-lira-lopez"],"_links":{"self":[{"href":"https:\/\/www.uv.mx\/prensa\/wp-json\/wp\/v2\/posts\/150264","targetHints":{"allow":["GET"]}}],"collection":[{"href":"https:\/\/www.uv.mx\/prensa\/wp-json\/wp\/v2\/posts"}],"about":[{"href":"https:\/\/www.uv.mx\/prensa\/wp-json\/wp\/v2\/types\/post"}],"author":[{"embeddable":true,"href":"https:\/\/www.uv.mx\/prensa\/wp-json\/wp\/v2\/users\/1775"}],"replies":[{"embeddable":true,"href":"https:\/\/www.uv.mx\/prensa\/wp-json\/wp\/v2\/comments?post=150264"}],"version-history":[{"count":1,"href":"https:\/\/www.uv.mx\/prensa\/wp-json\/wp\/v2\/posts\/150264\/revisions"}],"predecessor-version":[{"id":150271,"href":"https:\/\/www.uv.mx\/prensa\/wp-json\/wp\/v2\/posts\/150264\/revisions\/150271"}],"wp:featuredmedia":[{"embeddable":true,"href":"https:\/\/www.uv.mx\/prensa\/wp-json\/wp\/v2\/media\/150270"}],"wp:attachment":[{"href":"https:\/\/www.uv.mx\/prensa\/wp-json\/wp\/v2\/media?parent=150264"}],"wp:term":[{"taxonomy":"category","embeddable":true,"href":"https:\/\/www.uv.mx\/prensa\/wp-json\/wp\/v2\/categories?post=150264"},{"taxonomy":"post_tag","embeddable":true,"href":"https:\/\/www.uv.mx\/prensa\/wp-json\/wp\/v2\/tags?post=150264"}],"curies":[{"name":"wp","href":"https:\/\/api.w.org\/{rel}","templated":true}]}}