{"id":149358,"date":"2024-11-20T16:23:42","date_gmt":"2024-11-20T22:23:42","guid":{"rendered":"https:\/\/www.uv.mx\/prensa\/?p=149358"},"modified":"2024-11-21T17:17:51","modified_gmt":"2024-11-21T23:17:51","slug":"alumno-uv-obtuvo-oro-y-bronce-en-olimpiadas-de-matematicas","status":"publish","type":"post","link":"https:\/\/www.uv.mx\/prensa\/general\/alumno-uv-obtuvo-oro-y-bronce-en-olimpiadas-de-matematicas\/","title":{"rendered":"Alumno UV obtuvo oro y bronce en Olimpiadas de Matem\u00e1ticas\u00a0"},"content":{"rendered":"<ul>\n<li data-leveltext=\"\uf0b7\" data-font=\"Symbol\" data-listid=\"2\" data-list-defn-props=\"{&quot;335552541&quot;:1,&quot;335559685&quot;:720,&quot;335559991&quot;:360,&quot;469769226&quot;:&quot;Symbol&quot;,&quot;469769242&quot;:[8226],&quot;469777803&quot;:&quot;left&quot;,&quot;469777804&quot;:&quot;\uf0b7&quot;,&quot;469777815&quot;:&quot;hybridMultilevel&quot;}\" data-aria-posinset=\"1\" data-aria-level=\"1\"><i><span data-contrast=\"auto\">Emiliano Fern\u00e1ndez Almaz\u00e1n particip\u00f3 en la Olimpiada Mexicana Universitaria de Matem\u00e1ticas 2024 y en la XVI Competencia Iberoamericana Interuniversitaria de Matem\u00e1ticas<\/span><\/i><span data-ccp-props=\"{}\">\u00a0<\/span><\/li>\n<\/ul>\n<ul>\n<li data-leveltext=\"\uf0b7\" data-font=\"Symbol\" data-listid=\"2\" data-list-defn-props=\"{&quot;335552541&quot;:1,&quot;335559685&quot;:720,&quot;335559991&quot;:360,&quot;469769226&quot;:&quot;Symbol&quot;,&quot;469769242&quot;:[8226],&quot;469777803&quot;:&quot;left&quot;,&quot;469777804&quot;:&quot;\uf0b7&quot;,&quot;469777815&quot;:&quot;hybridMultilevel&quot;}\" data-aria-posinset=\"2\" data-aria-level=\"1\"><i><span data-contrast=\"auto\">Las competencias se realizaron en Guanajuato y en Guatemala, respectivamente<\/span><\/i><span data-ccp-props=\"{}\">\u00a0<\/span><\/li>\n<\/ul>\n<p><span data-ccp-props=\"{&quot;335559685&quot;:720}\">\u00a0<\/span><\/p>\n<div id=\"attachment_149304\" style=\"width: 732px\" class=\"wp-caption aligncenter\"><img aria-describedby=\"caption-attachment-149304\" decoding=\"async\" loading=\"lazy\" class=\"size-full wp-image-149304\" src=\"https:\/\/www.uv.mx\/prensa\/files\/2024\/11\/151124-PAOLA-Olimpiada-Matematicas-1.jpg\" alt=\"\" width=\"722\" height=\"481\" srcset=\"https:\/\/www.uv.mx\/prensa\/files\/2024\/11\/151124-PAOLA-Olimpiada-Matematicas-1.jpg 722w, https:\/\/www.uv.mx\/prensa\/files\/2024\/11\/151124-PAOLA-Olimpiada-Matematicas-1-300x200.jpg 300w\" sizes=\"(max-width: 722px) 100vw, 722px\" \/><p id=\"caption-attachment-149304\" class=\"wp-caption-text\">Emiliano Fern\u00e1ndez gan\u00f3 medallas de oro y bronce en olimpiadas universitarias de matem\u00e1ticas<\/p><\/div>\n<p><span data-ccp-props=\"{&quot;335559685&quot;:0}\">\u00a0<\/span><\/p>\n<p><b><i><span data-contrast=\"auto\">Paola Cort\u00e9s P\u00e9rez<\/span><\/i><\/b><span data-ccp-props=\"{}\">\u00a0<\/span><\/p>\n<p><b><i><span data-contrast=\"auto\">Fotos: Luis Fernando Fern\u00e1ndez (1) y Cortes\u00eda CIMAT (2)<\/span><\/i><\/b><span data-ccp-props=\"{}\">\u00a0<\/span><\/p>\n<p><b><i><span data-contrast=\"auto\">20\/11\/2024, Xalapa, Ver.-<\/span><\/i><\/b><span data-contrast=\"auto\"> Emiliano Fern\u00e1ndez Almaz\u00e1n, alumno de la Licenciatura en Matem\u00e1ticas de la Universidad Veracruzana (UV), obtuvo medallas de oro y de bronce en la Olimpiada Mexicana Universitaria de Matem\u00e1ticas 2024 y en la XVI Competencia Iberoamericana Interuniversitaria de Matem\u00e1ticas (CIIM), efectuadas en Guanajuato y en Guatemala, respectivamente.<\/span><span data-ccp-props=\"{}\">\u00a0<\/span><\/p>\n<p><span data-contrast=\"auto\">El universitario comparti\u00f3 que desde peque\u00f1o ha tenido un gusto especial por esta disciplina, debido a que su padre se la inculc\u00f3 y le le\u00eda constantemente libros del tema.<\/span><span data-ccp-props=\"{&quot;335559731&quot;:708}\">\u00a0<\/span><\/p>\n<p><span data-contrast=\"auto\">\u201cAl cursar la secundaria conoc\u00ed a un maestro que me cont\u00f3 sobre las Olimpiadas de Matem\u00e1ticas, empec\u00e9 a resolver problemas relacionados y as\u00ed fue como inici\u00e9 mi participaci\u00f3n en estos concursos.\u201d<\/span><span data-ccp-props=\"{&quot;335559731&quot;:708}\">\u00a0<\/span><\/p>\n<p><span data-contrast=\"auto\">Con respecto a la Olimpiada Mexicana Universitaria de Matem\u00e1ticas 2024, explic\u00f3 que consisti\u00f3 en dos etapas: virtual y presencial.<\/span><span data-ccp-props=\"{&quot;335559731&quot;:708}\">\u00a0<\/span><\/p>\n<p><span data-contrast=\"auto\">En la primera, se inscribieron la totalidad de los participantes y se les envi\u00f3 un <\/span><i><span data-contrast=\"auto\">link<\/span><\/i><span data-contrast=\"auto\"> para acceder al examen que abord\u00f3 los temas: an\u00e1lisis, \u00e1lgebra lineal, probabilidad, combinatoria, teor\u00eda de n\u00fameros y geometr\u00eda.<\/span><\/p>\n<p>&nbsp;<\/p>\n<div id=\"attachment_149359\" style=\"width: 732px\" class=\"wp-caption aligncenter\"><img aria-describedby=\"caption-attachment-149359\" decoding=\"async\" loading=\"lazy\" class=\"size-full wp-image-149359\" src=\"https:\/\/www.uv.mx\/prensa\/files\/2024\/11\/151124-PAOLA-Olimpiada-Matematicas-2.png\" alt=\"\" width=\"722\" height=\"361\" srcset=\"https:\/\/www.uv.mx\/prensa\/files\/2024\/11\/151124-PAOLA-Olimpiada-Matematicas-2.png 722w, https:\/\/www.uv.mx\/prensa\/files\/2024\/11\/151124-PAOLA-Olimpiada-Matematicas-2-300x150.png 300w\" sizes=\"(max-width: 722px) 100vw, 722px\" \/><p id=\"caption-attachment-149359\" class=\"wp-caption-text\">Los ganadores de la medalla de oro en la Olimpiada Mexicana Universitaria de Matem\u00e1ticas 2024<\/p><\/div>\n<p>&nbsp;<\/p>\n<p><span data-contrast=\"auto\">A la etapa presencial asistieron los 40 primeros lugares de la prueba que se realiz\u00f3 en dos sesiones de cuatro horas y media. Los cuatro ganadores, incluido Emiliano Fern\u00e1ndez, fueron preparados para participar en el CIIM que se llev\u00f3 a cabo en Antigua, Guatemala, en octubre de este a\u00f1o.<\/span><span data-ccp-props=\"{&quot;335559731&quot;:708}\">\u00a0<\/span><\/p>\n<p><span data-contrast=\"auto\">Cabe mencionar que el estudiante de la UV fue el \u00fanico veracruzano en el equipo que representa a M\u00e9xico en diversos concursos internacionales, entre ellos la XVI Competencia Iberoamericana Interuniversitaria de Matem\u00e1ticas, donde obtuvo la medalla de bronce y, a su vez, consigui\u00f3 el pase a la Competencia Internacional de Matem\u00e1ticas 2025, que se realizar\u00e1 en Bulgaria.<\/span><span data-ccp-props=\"{&quot;335559731&quot;:708}\">\u00a0<\/span><\/p>\n<p><span data-contrast=\"auto\">\u201cEl principal aprendizaje que me ha dejado participar en las olimpiadas es darme cuenta que las matem\u00e1ticas son muy distintas a lo que se ense\u00f1a en la escuela, me permite practicar lo aprendido, he descubierto que son muy bonitas e interesantes.\u201d<\/span><span data-ccp-props=\"{&quot;335559731&quot;:708}\">\u00a0<\/span><\/p>\n<p><span data-contrast=\"auto\">Reiter\u00f3 que, gracias a su participaci\u00f3n en este tipo de eventos, desde la secundaria, ha dominado temas avanzados con respecto a los abordados a lo largo de su formaci\u00f3n acad\u00e9mica; se siente m\u00e1s preparado para enfrentar los obst\u00e1culos que se le presenten a nivel educativo y laboral. Adem\u00e1s, le ha permitido estrechar lazos con investigadores y estudiantes de otras instituciones educativas.<\/span><span data-ccp-props=\"{&quot;335559731&quot;:708}\">\u00a0<\/span><\/p>\n<p><span data-contrast=\"auto\">Por \u00faltimo, recomend\u00f3 a ni\u00f1os y j\u00f3venes participar en este tipo de olimpiadas porque adquirir\u00e1n nuevos conocimientos, y dijo que a nivel profesional le gustar\u00eda estudiar una maestr\u00eda y doctorado, dedicarse a dar clases a nivel universitario y desarrollar investigaci\u00f3n en el \u00e1rea de la matem\u00e1tica pura.<\/span><\/p>\n","protected":false},"excerpt":{"rendered":"<p>Derivado de estos logros consigui\u00f3 el pase a la Olimpiada Internacional de Matem\u00e1ticas 2025, que se realizar\u00e1 en Australia\u00a0<\/p>\n","protected":false},"author":1869,"featured_media":149303,"comment_status":"closed","ping_status":"closed","sticky":false,"template":"","format":"standard","meta":[],"categories":[15423,1,61],"tags":[19924,10970,19926,19920,6625,19928,6592,19923,19921,4164,19925,19927,19922],"_links":{"self":[{"href":"https:\/\/www.uv.mx\/prensa\/wp-json\/wp\/v2\/posts\/149358"}],"collection":[{"href":"https:\/\/www.uv.mx\/prensa\/wp-json\/wp\/v2\/posts"}],"about":[{"href":"https:\/\/www.uv.mx\/prensa\/wp-json\/wp\/v2\/types\/post"}],"author":[{"embeddable":true,"href":"https:\/\/www.uv.mx\/prensa\/wp-json\/wp\/v2\/users\/1869"}],"replies":[{"embeddable":true,"href":"https:\/\/www.uv.mx\/prensa\/wp-json\/wp\/v2\/comments?post=149358"}],"version-history":[{"count":1,"href":"https:\/\/www.uv.mx\/prensa\/wp-json\/wp\/v2\/posts\/149358\/revisions"}],"predecessor-version":[{"id":149415,"href":"https:\/\/www.uv.mx\/prensa\/wp-json\/wp\/v2\/posts\/149358\/revisions\/149415"}],"wp:featuredmedia":[{"embeddable":true,"href":"https:\/\/www.uv.mx\/prensa\/wp-json\/wp\/v2\/media\/149303"}],"wp:attachment":[{"href":"https:\/\/www.uv.mx\/prensa\/wp-json\/wp\/v2\/media?parent=149358"}],"wp:term":[{"taxonomy":"category","embeddable":true,"href":"https:\/\/www.uv.mx\/prensa\/wp-json\/wp\/v2\/categories?post=149358"},{"taxonomy":"post_tag","embeddable":true,"href":"https:\/\/www.uv.mx\/prensa\/wp-json\/wp\/v2\/tags?post=149358"}],"curies":[{"name":"wp","href":"https:\/\/api.w.org\/{rel}","templated":true}]}}