{"id":14927,"date":"2016-09-02T16:36:10","date_gmt":"2016-09-02T21:36:10","guid":{"rendered":"https:\/\/www.uv.mx\/prensa\/?p=14927"},"modified":"2016-09-02T16:36:10","modified_gmt":"2016-09-02T21:36:10","slug":"la-uv-gran-aliada-de-la-educacion-en-veracruz-cobaev","status":"publish","type":"post","link":"https:\/\/www.uv.mx\/prensa\/general\/la-uv-gran-aliada-de-la-educacion-en-veracruz-cobaev\/","title":{"rendered":"La UV, gran aliada de la educaci\u00f3n en Veracruz: Cobaev"},"content":{"rendered":"<p><strong>\u00a0<\/strong><\/p>\n<ul>\n<li><em>Acad\u00e9micos de la Facultad de F\u00edsica asesoran a estudiantes de bachillerato que han concursado a nivel nacional e internacional<\/em><\/li>\n<\/ul>\n<p>&nbsp;<\/p>\n<div id=\"attachment_14931\" style=\"width: 732px\" class=\"wp-caption aligncenter\"><a href=\"https:\/\/www.uv.mx\/prensa\/files\/2016\/09\/Olimpiada-1-.jpg\"><img loading=\"lazy\" decoding=\"async\" aria-describedby=\"caption-attachment-14931\" class=\"size-full wp-image-14931\" src=\"https:\/\/www.uv.mx\/prensa\/files\/2016\/09\/Olimpiada-1-.jpg\" alt=\"Entrega de reconocimientos a alumnos ganadores en la Olimpiada Estatal de F\u00edsica \" width=\"722\" height=\"482\" srcset=\"https:\/\/www.uv.mx\/prensa\/files\/2016\/09\/Olimpiada-1-.jpg 722w, https:\/\/www.uv.mx\/prensa\/files\/2016\/09\/Olimpiada-1--300x200.jpg 300w\" sizes=\"auto, (max-width: 722px) 100vw, 722px\" \/><\/a><p id=\"caption-attachment-14931\" class=\"wp-caption-text\">Entrega de reconocimientos a alumnos ganadores en la Olimpiada Estatal de F\u00edsica<\/p><\/div>\n<p>&nbsp;<\/p>\n<p><strong><em>Jorge V\u00e1zquez Pacheco<\/em><\/strong><\/p>\n<p><strong><em>\u00a0<\/em><\/strong><\/p>\n<p><strong><em>Xalapa, Ver. 02\/09\/2016.-<\/em><\/strong><em>\u00a0<\/em>Autoridades del Colegio de Bachilleres de Veracruz (<em>Cobaev<\/em>) entregaron reconocimientos a los ganadores de la XXV Olimpiada Estatal de F\u00edsica y del XVII Concurso Estatal de Aparatos y Experimentos F\u00edsica, en el auditorio de la Facultad de Contadur\u00eda y Administraci\u00f3n de la Universidad Veracruzana (UV), en donde la rectora Sara Ladr\u00f3n de Guevara fue invitada especial.<\/p>\n<p>Este dos de septiembre, Julio L\u00f3pez Calvario, delegado de la Olimpiada de F\u00edsica del <em>Cobaev<\/em> destac\u00f3 el impulso que la Facultad de F\u00edsica de esta casa de estudios da a los alumnos de bachillerato para que sean exitosos en las competencias nacionales e internacionales de esta disciplina.<\/p>\n<p>Por su parte Carlos Aceves Amezcua, director general del <em>Cobaev<\/em>, adem\u00e1s de agradecer el \u201capoyo y las facilidades para reforzar el trabajo que se efect\u00faa en las aulas para que estos j\u00f3venes nos representen en otros estados y en otros pa\u00edses\u201d de los acad\u00e9micos de la UV tambi\u00e9n reconoci\u00f3 el impulso que la Rectora da en Veracruz a la educaci\u00f3n.<\/p>\n<p>En su intervenci\u00f3n, Sara Ladr\u00f3n de Guevara felicit\u00f3 a los profesores, asesores y padres de los galardonados e hizo hincapi\u00e9 en la importancia que tiene el recibir una buena ense\u00f1anza en el nivel medio de educaci\u00f3n y resalt\u00f3 que \u00e9sta es la mejor soluci\u00f3n a nuestros retos. \u201cQuienes se preparan en la Educaci\u00f3n Media Superior son quienes habr\u00e1n de nutrir nuestras aulas\u201d, indic\u00f3.<\/p>\n<p>La Rectora puntualiz\u00f3 que hay dos funciones sustantivas en la UV: la vinculaci\u00f3n y la extensi\u00f3n. \u201cLa primera nos permite el acercamiento con un sector clave del sistema educativo que es el de los estudiantes de Ense\u00f1anza Media y con los organizadores de estos eventos como son la Sociedad Mexicana de F\u00edsica, la Olimpiada Internacional de F\u00edsica y la Olimpiada Iberoamericana: servimos de puente para proveer el contacto entre los estudiantes y otras instancias y profesionales de la disciplina. En la segunda, a trav\u00e9s de la Olimpiada y concursos extendemos nuestra labor formadora y nuestro conocimiento en la materia a un sector de la juventud que, en cierta medida, todav\u00eda no define su vocaci\u00f3n profesional. Con eventos de esta naturaleza hemos logrado despertar numerosas vocaciones y que una buena cantidad de j\u00f3venes vea en la f\u00edsica una disciplina \u2013de naturaleza compleja y abstracta\u2013 no solo una opci\u00f3n profesional sino, sobre todo, una opci\u00f3n de vida.\u201d<\/p>\n<p>&nbsp;<\/p>\n<div id=\"attachment_14932\" style=\"width: 732px\" class=\"wp-caption aligncenter\"><a href=\"https:\/\/www.uv.mx\/prensa\/files\/2016\/09\/Olimpiada-2.jpg\"><img loading=\"lazy\" decoding=\"async\" aria-describedby=\"caption-attachment-14932\" class=\"size-full wp-image-14932\" src=\"https:\/\/www.uv.mx\/prensa\/files\/2016\/09\/Olimpiada-2.jpg\" alt=\"Sara Ladr\u00f3n de Guevara, rectora de la UV\" width=\"722\" height=\"481\" \/><\/a><p id=\"caption-attachment-14932\" class=\"wp-caption-text\">Sara Ladr\u00f3n de Guevara, rectora de la UV<\/p><\/div>\n<p>&nbsp;<\/p>\n<p>Los estudiantes que recibieron distinci\u00f3n proceden, en su mayor\u00eda, de los Colegios de Bachilleres del Estado de Veracruz (<em>Cobaev<\/em>) de Cosoleacaque, Catemaco, Chicontepec, Espinal, Nogales y Sayula de Alem\u00e1n. A ellos se sumaron j\u00f3venes procedentes de instituciones de Boca del R\u00edo y Xalapa.<\/p>\n<p>En la misma ceremonia estuvieron presentes maestros, padres de familia y asesores, as\u00ed como Daniel Hern\u00e1ndez Le\u00f3n, coordinador de la zona I del COBAEV; delegado de Veracruz ante la Sociedad Mexicana de F\u00edsica, Cuauht\u00e9moc Campuzano Vargas; el director del \u00c1rea Acad\u00e9mica T\u00e9cnica de la UV, Rafael D\u00edaz Sobac; Maritza S\u00e1nchez Almaz\u00e1n, representante de la Direcci\u00f3n General de Bachilleratos; la directora de la Facultad de F\u00edsica de la UV, Norma Bagatella Flores, as\u00ed como Julio L\u00f3pez Tamayo, delegado de la Olimpiada de F\u00edsica del COBAEV.<\/p>\n<p>Norma Bagatella Flores hizo menci\u00f3n a la mec\u00e1nica de la convocatoria para este concurso, que fue responsabilidad de la Facultad de F\u00edsica de la UV.<\/p>\n<p>Por su parte, L\u00f3pez Calvario indic\u00f3 que \u00e9sta ha sido la primera ocasi\u00f3n que una ceremonia de la Olimpiada Estatal de F\u00edsica es asistida por un rector universitario, en este caso, la rectora de la UV.<\/p>\n<p>En 1993, se acord\u00f3 que el Concurso de Aparatos y Experimentos de F\u00edsica se efectuara en la Facultad correspondiente de la UV, misma que tambi\u00e9n fungir\u00eda como rectora y evaluadora. Ello dio como resultado elementos que han obtenido primeros, segundos y terceros lugares en Olimpiadas nacionales.<\/p>\n<p>Finalmente, el d\u00fao de saxof\u00f3n soprano y guitarra <em>A piacere<\/em> complement\u00f3 con una breve audici\u00f3n musical denominada \u201cEcos de Latinoam\u00e9rica\u201d.<\/p>\n<p>&nbsp;<\/p>\n","protected":false},"excerpt":{"rendered":"<p><strong><em>Jorge V\u00e1zquez.-<\/em><\/strong>Autoridades del Colegio de Bachilleres de Veracruz (Cobaev) entregaron reconocimientos a los ganadores de la XXV Olimpiada Estatal de F\u00edsica y del XVII Concurso Estatal de Aparatos y Experimentos F\u00edsica, en el auditorio de la Facultad de Contadur\u00eda y Administraci\u00f3n de la Universidad Veracruzana (UV), en donde la rectora Sara Ladr\u00f3n de Guevara fue invitada especial.<\/p>\n","protected":false},"author":1810,"featured_media":14930,"comment_status":"closed","ping_status":"closed","sticky":false,"template":"","format":"standard","meta":{"footnotes":""},"categories":[1],"tags":[2],"class_list":["post-14927","post","type-post","status-publish","format-standard","has-post-thumbnail","hentry","category-general","tag-principal"],"_links":{"self":[{"href":"https:\/\/www.uv.mx\/prensa\/wp-json\/wp\/v2\/posts\/14927","targetHints":{"allow":["GET"]}}],"collection":[{"href":"https:\/\/www.uv.mx\/prensa\/wp-json\/wp\/v2\/posts"}],"about":[{"href":"https:\/\/www.uv.mx\/prensa\/wp-json\/wp\/v2\/types\/post"}],"author":[{"embeddable":true,"href":"https:\/\/www.uv.mx\/prensa\/wp-json\/wp\/v2\/users\/1810"}],"replies":[{"embeddable":true,"href":"https:\/\/www.uv.mx\/prensa\/wp-json\/wp\/v2\/comments?post=14927"}],"version-history":[{"count":0,"href":"https:\/\/www.uv.mx\/prensa\/wp-json\/wp\/v2\/posts\/14927\/revisions"}],"wp:featuredmedia":[{"embeddable":true,"href":"https:\/\/www.uv.mx\/prensa\/wp-json\/wp\/v2\/media\/14930"}],"wp:attachment":[{"href":"https:\/\/www.uv.mx\/prensa\/wp-json\/wp\/v2\/media?parent=14927"}],"wp:term":[{"taxonomy":"category","embeddable":true,"href":"https:\/\/www.uv.mx\/prensa\/wp-json\/wp\/v2\/categories?post=14927"},{"taxonomy":"post_tag","embeddable":true,"href":"https:\/\/www.uv.mx\/prensa\/wp-json\/wp\/v2\/tags?post=14927"}],"curies":[{"name":"wp","href":"https:\/\/api.w.org\/{rel}","templated":true}]}}