{"id":149233,"date":"2024-11-15T11:54:20","date_gmt":"2024-11-15T17:54:20","guid":{"rendered":"https:\/\/www.uv.mx\/prensa\/?p=149233"},"modified":"2024-11-15T11:54:20","modified_gmt":"2024-11-15T17:54:20","slug":"alumnos-uv-obtuvieron-segundo-lugar-en-maraton-de-microbiologia-y-parasitologia","status":"publish","type":"post","link":"https:\/\/www.uv.mx\/prensa\/general\/alumnos-uv-obtuvieron-segundo-lugar-en-maraton-de-microbiologia-y-parasitologia\/","title":{"rendered":"Alumnos UV obtuvieron segundo lugar en Marat\u00f3n de Microbiolog\u00eda y Parasitolog\u00eda"},"content":{"rendered":"<ul>\n<li data-leveltext=\"\uf0b7\" data-font=\"Symbol\" data-listid=\"1\" data-list-defn-props=\"{&quot;335552541&quot;:1,&quot;335559685&quot;:720,&quot;335559991&quot;:360,&quot;469769226&quot;:&quot;Symbol&quot;,&quot;469769242&quot;:[8226],&quot;469777803&quot;:&quot;left&quot;,&quot;469777804&quot;:&quot;\uf0b7&quot;,&quot;469777815&quot;:&quot;hybridMultilevel&quot;}\" data-aria-posinset=\"1\" data-aria-level=\"1\"><i><span data-contrast=\"auto\">Se realiz\u00f3 en el marco de la CIX Reuni\u00f3n de la Asociaci\u00f3n Mexicana de Profesores de Microbiolog\u00eda y Parasitolog\u00eda y el XX Congreso Nacional de Estudiantes de Microbiolog\u00eda y Parasitolog\u00eda<\/span><\/i><span data-ccp-props=\"{}\">\u00a0<\/span><\/li>\n<\/ul>\n<ul>\n<li data-leveltext=\"\uf0b7\" data-font=\"Symbol\" data-listid=\"1\" data-list-defn-props=\"{&quot;335552541&quot;:1,&quot;335559685&quot;:720,&quot;335559991&quot;:360,&quot;469769226&quot;:&quot;Symbol&quot;,&quot;469769242&quot;:[8226],&quot;469777803&quot;:&quot;left&quot;,&quot;469777804&quot;:&quot;\uf0b7&quot;,&quot;469777815&quot;:&quot;hybridMultilevel&quot;}\" data-aria-posinset=\"2\" data-aria-level=\"1\"><i><span data-contrast=\"auto\">Los universitarios premiados son: Dhamar Celic Jim\u00e9nez, Cristian Rodr\u00edguez, Vanessa Herrera, Said Hern\u00e1ndez y Fernando Daniel Pech<\/span><\/i><span data-ccp-props=\"{}\">\u00a0<\/span><\/li>\n<\/ul>\n<p><span data-ccp-props=\"{}\">\u00a0<\/span><\/p>\n<div id=\"attachment_149153\" style=\"width: 732px\" class=\"wp-caption aligncenter\"><img loading=\"lazy\" decoding=\"async\" aria-describedby=\"caption-attachment-149153\" class=\"size-full wp-image-149153\" src=\"https:\/\/www.uv.mx\/prensa\/files\/2024\/11\/121124-PAOLA-Estudiantes-medicina-1-100k.jpg\" alt=\"Fernando Daniel Pech, Dhamar Celic Jim\u00e9nez, Said Hern\u00e1ndez Canul, Vanessa Herrera, Cristian Rodr\u00edguez y Axhell Aleid Cornejo \" width=\"722\" height=\"482\" srcset=\"https:\/\/www.uv.mx\/prensa\/files\/2024\/11\/121124-PAOLA-Estudiantes-medicina-1-100k.jpg 722w, https:\/\/www.uv.mx\/prensa\/files\/2024\/11\/121124-PAOLA-Estudiantes-medicina-1-100k-300x200.jpg 300w\" sizes=\"auto, (max-width: 722px) 100vw, 722px\" \/><p id=\"caption-attachment-149153\" class=\"wp-caption-text\">Fernando Daniel Pech, Dhamar Celic Jim\u00e9nez, Said Hern\u00e1ndez Canul, Vanessa Herrera, Cristian Rodr\u00edguez y Axhell Aleid Cornejo<\/p><\/div>\n<p>&nbsp;<\/p>\n<p><b><i><span data-contrast=\"auto\">Paola Cort\u00e9s P\u00e9rez<\/span><\/i><\/b><span data-ccp-props=\"{}\">\u00a0<\/span><\/p>\n<p><b><i><span data-contrast=\"auto\">Fotos: Luis Fernando Fern\u00e1ndez<\/span><\/i><\/b><\/p>\n<p><b><i><span data-contrast=\"auto\">14\/11\/2024, Xalapa, Ver.-<\/span><\/i><\/b><span data-contrast=\"auto\"> Estudiantes de la Facultad de Medicina de la Universidad Veracruzana (UV) ganaron el segundo lugar nacional en el Marat\u00f3n de Conocimientos de Microbiolog\u00eda y Parasitolog\u00eda, en el marco de la CIX Reuni\u00f3n de la Asociaci\u00f3n Mexicana de Profesores de Microbiolog\u00eda y Parasitolog\u00eda y el XX Congreso Nacional de Estudiantes de Microbiolog\u00eda y Parasitolog\u00eda.<\/span><span data-ccp-props=\"{}\">\u00a0<\/span><\/p>\n<p><span data-contrast=\"auto\">El evento tuvo lugar en la Universidad Aut\u00f3noma de Guerrero, en la ciudad de Acapulco, donde fueron premiados: Dhamar Celic Jim\u00e9nez Monge, Cristian Rodr\u00edguez Cruz, Vanessa Herrera Hern\u00e1ndez, Said Hern\u00e1ndez Canul y Fernando Daniel Pech Mena, todos ellos dirigidos y asesorados por Axhell Aleid Cornejo B\u00e1ez, docente de esta casa de estudios.<\/span><\/p>\n<div id=\"attachment_149154\" style=\"width: 732px\" class=\"wp-caption aligncenter\"><img loading=\"lazy\" decoding=\"async\" aria-describedby=\"caption-attachment-149154\" class=\"size-full wp-image-149154\" src=\"https:\/\/www.uv.mx\/prensa\/files\/2024\/11\/121124-PAOLA-Estudiantes-medicina-2-100k.jpg\" alt=\"Axhell Aleid Cornejo, profesora de la Facultad de Medicina \" width=\"722\" height=\"482\" srcset=\"https:\/\/www.uv.mx\/prensa\/files\/2024\/11\/121124-PAOLA-Estudiantes-medicina-2-100k.jpg 722w, https:\/\/www.uv.mx\/prensa\/files\/2024\/11\/121124-PAOLA-Estudiantes-medicina-2-100k-300x200.jpg 300w\" sizes=\"auto, (max-width: 722px) 100vw, 722px\" \/><p id=\"caption-attachment-149154\" class=\"wp-caption-text\">Axhell Aleid Cornejo, profesora de la Facultad de Medicina<\/p><\/div>\n<p>&nbsp;<\/p>\n<p><span data-contrast=\"auto\">La profesora de la Facultad de Medicina cont\u00f3 que invit\u00f3 a Said Hern\u00e1ndez, quien acept\u00f3 y juntos reunieron al equipo para asistir al marat\u00f3n. Se prepararon durante meses en temas sobre bacteriolog\u00eda, micolog\u00eda, virolog\u00eda y parasitolog\u00eda.<\/span><span data-ccp-props=\"{&quot;335559731&quot;:708}\">\u00a0<\/span><\/p>\n<p><span data-contrast=\"auto\">\u201cParticiparon seis equipos y obtuvieron el segundo lugar; es satisfactorio saber que surgi\u00f3 en ellos el inter\u00e9s de investigar y estudiar por su cuenta despu\u00e9s de haberles impartido las experiencias educativas de Microbiolog\u00eda y Parasitolog\u00eda, as\u00ed es digno de reconocer su esfuerzo.\u201d<\/span><\/p>\n<div id=\"attachment_149155\" style=\"width: 732px\" class=\"wp-caption aligncenter\"><img loading=\"lazy\" decoding=\"async\" aria-describedby=\"caption-attachment-149155\" class=\"size-full wp-image-149155\" src=\"https:\/\/www.uv.mx\/prensa\/files\/2024\/11\/121124-PAOLA-Estudiantes-medicina-3-100k.jpg\" alt=\"Vanessa Herrera, estudiantes de la Facultad de Medicina \" width=\"722\" height=\"482\" srcset=\"https:\/\/www.uv.mx\/prensa\/files\/2024\/11\/121124-PAOLA-Estudiantes-medicina-3-100k.jpg 722w, https:\/\/www.uv.mx\/prensa\/files\/2024\/11\/121124-PAOLA-Estudiantes-medicina-3-100k-300x200.jpg 300w\" sizes=\"auto, (max-width: 722px) 100vw, 722px\" \/><p id=\"caption-attachment-149155\" class=\"wp-caption-text\">Vanessa Herrera, estudiantes de la Facultad de Medicina<\/p><\/div>\n<p>&nbsp;<\/p>\n<p><span data-contrast=\"auto\">Vanessa Herrera dijo que participar en el marat\u00f3n fue una experiencia muy divertida, a pesar de estudiar durante varios meses; consider\u00f3 que un factor positivo del equipo fue la buena sinergia que lograron, esto les permiti\u00f3 enviarse videos o datos curiosos.<\/span><span data-ccp-props=\"{&quot;335559731&quot;:708}\">\u00a0<\/span><\/p>\n<p><span data-contrast=\"auto\">\u201cMe sent\u00ed muy seguro con ellos, porque la verdad son estudiantes impresionantes que me apoyaron demasiado en el campo de la microbiolog\u00eda. Nos preparamos de la mejor manera y esto nos dio mucha seguridad para obtener el segundo lugar, lo que demuestra que recibimos una buena formaci\u00f3n en estos temas\u201d, expres\u00f3 Said Hern\u00e1ndez.<\/span><\/p>\n<div id=\"attachment_149156\" style=\"width: 732px\" class=\"wp-caption aligncenter\"><img loading=\"lazy\" decoding=\"async\" aria-describedby=\"caption-attachment-149156\" class=\"size-full wp-image-149156\" src=\"https:\/\/www.uv.mx\/prensa\/files\/2024\/11\/121124-PAOLA-Estudiantes-medicina-4-100k.jpg\" alt=\"Said Hern\u00e1ndez, estudiante que particip\u00f3 en el marat\u00f3n \" width=\"722\" height=\"482\" srcset=\"https:\/\/www.uv.mx\/prensa\/files\/2024\/11\/121124-PAOLA-Estudiantes-medicina-4-100k.jpg 722w, https:\/\/www.uv.mx\/prensa\/files\/2024\/11\/121124-PAOLA-Estudiantes-medicina-4-100k-300x200.jpg 300w\" sizes=\"auto, (max-width: 722px) 100vw, 722px\" \/><p id=\"caption-attachment-149156\" class=\"wp-caption-text\">Said Hern\u00e1ndez, estudiante que particip\u00f3 en el marat\u00f3n<\/p><\/div>\n<p>&nbsp;<\/p>\n<p><span data-contrast=\"auto\">Afirm\u00f3 que cada uno de los integrantes fueron importantes para lograr la meta. \u201cSabemos que hay mejores universidades, con mejores instalaciones, pero obtener este logro como equipo vale a\u00fan m\u00e1s\u201d.<\/span><span data-ccp-props=\"{&quot;335559731&quot;:708}\">\u00a0<\/span><\/p>\n<p><span data-contrast=\"auto\">Por \u00faltimo, Cristian Rodr\u00edguez expuso\u00a0que el mayor impacto fue enfrentarse a facultades de instituciones reconocidas, como de la Universidad Nacional Aut\u00f3noma de M\u00e9xico (UNAM), porque sabr\u00edan si estaban a la par en cuanto a formaci\u00f3n profesional.<\/span><\/p>\n<div id=\"attachment_149157\" style=\"width: 732px\" class=\"wp-caption aligncenter\"><img loading=\"lazy\" decoding=\"async\" aria-describedby=\"caption-attachment-149157\" class=\"size-full wp-image-149157\" src=\"https:\/\/www.uv.mx\/prensa\/files\/2024\/11\/121124-PAOLA-Estudiantes-medicina-5-100k.jpg\" alt=\"Cristian Rodr\u00edguez dijo que el mayor impacto fue competir contra universidades altamente competitivas \" width=\"722\" height=\"482\" srcset=\"https:\/\/www.uv.mx\/prensa\/files\/2024\/11\/121124-PAOLA-Estudiantes-medicina-5-100k.jpg 722w, https:\/\/www.uv.mx\/prensa\/files\/2024\/11\/121124-PAOLA-Estudiantes-medicina-5-100k-300x200.jpg 300w\" sizes=\"auto, (max-width: 722px) 100vw, 722px\" \/><p id=\"caption-attachment-149157\" class=\"wp-caption-text\">Cristian Rodr\u00edguez dijo que el mayor impacto fue competir contra universidades altamente competitivas<\/p><\/div>\n<p>&nbsp;<\/p>\n<p><span data-contrast=\"auto\">\u201cSe siente muy bien ver que nuestra Universidad est\u00e1 al nivel de la UNAM, porque llegamos a la final con ellos y se decidi\u00f3 por quien apret\u00f3 m\u00e1s r\u00e1pido el bot\u00f3n para responder. Ahora sabemos que tenemos las capacidades y los conocimientos para enfrentarte a cualquier situaci\u00f3n\u201d, puntualiz\u00f3.<\/span><span data-ccp-props=\"{&quot;335559731&quot;:708}\">\u00a0<\/span><\/p>\n","protected":false},"excerpt":{"rendered":"<p>Expresaron sentirse satisfechos porque se dieron cuenta de que su formaci\u00f3n est\u00e1 al nivel de la UNAM <\/p>\n","protected":false},"author":1775,"featured_media":149236,"comment_status":"closed","ping_status":"closed","sticky":false,"template":"","format":"standard","meta":{"footnotes":""},"categories":[15423,1,61],"tags":[19853,19846,19849,19848,872,19852,6592,19845,4164,19851,15610,19850,19847],"class_list":["post-149233","post","type-post","status-publish","format-standard","has-post-thumbnail","hentry","category-estudiantes","category-general","category-banner","tag-axhell-aleid-cornejo-baez","tag-cix-reunion-de-la-asociacion-mexicana-de-profesores-de-microbiologia-y-parasitologia","tag-cristian-rodriguez-cruz","tag-dhamar-celic-jimenez-monge","tag-facultad-de-medicina","tag-fernando-daniel-pech-mena","tag-luis-fernando-fernandez","tag-maraton-de-conocimientos-de-microbiologia-y-parasitologia","tag-paola-cortes-perez","tag-said-hernandez-canul","tag-universidad-autonoma-de-guerrero","tag-vanessa-herrera-hernandez","tag-xx-congreso-nacional-de-estudiantes-de-microbiologia-y-parasitologia"],"_links":{"self":[{"href":"https:\/\/www.uv.mx\/prensa\/wp-json\/wp\/v2\/posts\/149233","targetHints":{"allow":["GET"]}}],"collection":[{"href":"https:\/\/www.uv.mx\/prensa\/wp-json\/wp\/v2\/posts"}],"about":[{"href":"https:\/\/www.uv.mx\/prensa\/wp-json\/wp\/v2\/types\/post"}],"author":[{"embeddable":true,"href":"https:\/\/www.uv.mx\/prensa\/wp-json\/wp\/v2\/users\/1775"}],"replies":[{"embeddable":true,"href":"https:\/\/www.uv.mx\/prensa\/wp-json\/wp\/v2\/comments?post=149233"}],"version-history":[{"count":1,"href":"https:\/\/www.uv.mx\/prensa\/wp-json\/wp\/v2\/posts\/149233\/revisions"}],"predecessor-version":[{"id":149237,"href":"https:\/\/www.uv.mx\/prensa\/wp-json\/wp\/v2\/posts\/149233\/revisions\/149237"}],"wp:featuredmedia":[{"embeddable":true,"href":"https:\/\/www.uv.mx\/prensa\/wp-json\/wp\/v2\/media\/149236"}],"wp:attachment":[{"href":"https:\/\/www.uv.mx\/prensa\/wp-json\/wp\/v2\/media?parent=149233"}],"wp:term":[{"taxonomy":"category","embeddable":true,"href":"https:\/\/www.uv.mx\/prensa\/wp-json\/wp\/v2\/categories?post=149233"},{"taxonomy":"post_tag","embeddable":true,"href":"https:\/\/www.uv.mx\/prensa\/wp-json\/wp\/v2\/tags?post=149233"}],"curies":[{"name":"wp","href":"https:\/\/api.w.org\/{rel}","templated":true}]}}