{"id":149192,"date":"2024-11-13T19:43:48","date_gmt":"2024-11-14T01:43:48","guid":{"rendered":"https:\/\/www.uv.mx\/prensa\/?p=149192"},"modified":"2024-11-13T19:43:48","modified_gmt":"2024-11-14T01:43:48","slug":"uv-organizo-ii-congreso-las-revoluciones-de-la-region-sur-sureste-de-america","status":"publish","type":"post","link":"https:\/\/www.uv.mx\/prensa\/general\/uv-organizo-ii-congreso-las-revoluciones-de-la-region-sur-sureste-de-america\/","title":{"rendered":"UV organiz\u00f3 II Congreso \u201cLas revoluciones de la regi\u00f3n sur-sureste de Am\u00e9rica\u201d"},"content":{"rendered":"<ul>\n<li data-leveltext=\"\uf0b7\" data-font=\"Symbol\" data-listid=\"1\" data-list-defn-props=\"{&quot;335551671&quot;:12,&quot;335552541&quot;:1,&quot;335559685&quot;:720,&quot;335559991&quot;:360,&quot;469769226&quot;:&quot;Symbol&quot;,&quot;469769242&quot;:[8226],&quot;469777803&quot;:&quot;left&quot;,&quot;469777804&quot;:&quot;\uf0b7&quot;,&quot;469777815&quot;:&quot;hybridMultilevel&quot;}\" data-aria-posinset=\"12\" data-aria-level=\"1\"><i><span data-contrast=\"auto\">Investigadores de Espa\u00f1a y Chile participan virtualmente<\/span><\/i><span data-ccp-props=\"{&quot;201341983&quot;:0,&quot;335559739&quot;:0,&quot;335559740&quot;:240}\">\u00a0<\/span><\/li>\n<\/ul>\n<ul>\n<li data-leveltext=\"\uf0b7\" data-font=\"Symbol\" data-listid=\"1\" data-list-defn-props=\"{&quot;335551671&quot;:12,&quot;335552541&quot;:1,&quot;335559685&quot;:720,&quot;335559991&quot;:360,&quot;469769226&quot;:&quot;Symbol&quot;,&quot;469769242&quot;:[8226],&quot;469777803&quot;:&quot;left&quot;,&quot;469777804&quot;:&quot;\uf0b7&quot;,&quot;469777815&quot;:&quot;hybridMultilevel&quot;}\" data-aria-posinset=\"13\" data-aria-level=\"1\"><i><span data-contrast=\"auto\">Ra\u00fal Romero Ram\u00edrez, director de la Facultad de Historia, se\u00f1al\u00f3 la necesaria reflexi\u00f3n sobre estos fen\u00f3menos sociales<\/span><\/i><span data-ccp-props=\"{&quot;201341983&quot;:0,&quot;335559739&quot;:0,&quot;335559740&quot;:240}\">\u00a0<\/span><\/li>\n<\/ul>\n<p><span data-ccp-props=\"{&quot;201341983&quot;:0,&quot;335559739&quot;:0,&quot;335559740&quot;:240}\">\u00a0<\/span><\/p>\n<div id=\"attachment_149126\" style=\"width: 732px\" class=\"wp-caption aligncenter\"><img loading=\"lazy\" decoding=\"async\" aria-describedby=\"caption-attachment-149126\" class=\"size-full wp-image-149126\" src=\"https:\/\/www.uv.mx\/prensa\/files\/2024\/11\/12-11-2024-PACHECO-Congreso-Las-Revoluciones-Foto-1.jpg\" alt=\"Integrantes del pres\u00eddium en el Sal\u00f3n Azul de la Unidad de Humanidades UV \" width=\"722\" height=\"410\" srcset=\"https:\/\/www.uv.mx\/prensa\/files\/2024\/11\/12-11-2024-PACHECO-Congreso-Las-Revoluciones-Foto-1.jpg 722w, https:\/\/www.uv.mx\/prensa\/files\/2024\/11\/12-11-2024-PACHECO-Congreso-Las-Revoluciones-Foto-1-300x170.jpg 300w\" sizes=\"auto, (max-width: 722px) 100vw, 722px\" \/><p id=\"caption-attachment-149126\" class=\"wp-caption-text\">Integrantes del pres\u00eddium en el Sal\u00f3n Azul de la Unidad de Humanidades UV<\/p><\/div>\n<p>&nbsp;<\/p>\n<p><b><i><span data-contrast=\"auto\">Jorge V\u00e1zquez Pacheco<\/span><\/i><\/b><span data-ccp-props=\"{&quot;201341983&quot;:0,&quot;335559739&quot;:0,&quot;335559740&quot;:240}\">\u00a0<\/span><\/p>\n<p><b><i><span data-contrast=\"auto\">Fotos: Luis Fernando Fern\u00e1ndez Carrillo<\/span><\/i><\/b><\/p>\n<p><b><i><span data-contrast=\"auto\">13\/11\/2024, Xalapa, Ver.- <\/span><\/i><\/b><span data-contrast=\"auto\">La Direcci\u00f3n General del \u00c1rea Acad\u00e9mica de Humanidades de la Universidad Veracruzana (UV), desarroll\u00f3 las actividades del II Congreso Internacional \u201cLas revoluciones de la regi\u00f3n sur-sureste de Am\u00e9rica. Revolucionarios: adinerados, intelectuales y revoltosos\u201d, con el objetivo conocer las distintas miradas sobre los sujetos hist\u00f3ricos y sectores sociales que participaron en la defensa de los derechos individuales y colectivos.<\/span><span data-ccp-props=\"{&quot;201341983&quot;:0,&quot;335559739&quot;:0,&quot;335559740&quot;:240}\">\u00a0<\/span><\/p>\n<p><span data-contrast=\"auto\">En el Sal\u00f3n Azul de la Unidad de Humanidades, el pres\u00eddium estuvo integrado por Alberto Montero Garc\u00eda, del Instituto Nacional de Antropolog\u00eda e Historia; Raymundo Marcos Hern\u00e1ndez, director de la Facultad de Idiomas; Hubonor Ayala Flores, coordinador de Historia Contempor\u00e1nea en la Facultad de Historia, y Ra\u00fal Romero Ram\u00edrez, director de la Facultad de Historia, entre otros acad\u00e9micos.<\/span><span data-ccp-props=\"{&quot;201341983&quot;:0,&quot;335559739&quot;:0,&quot;335559740&quot;:240}\">\u00a0<\/span><\/p>\n<p><span data-contrast=\"auto\">A distancia, se cont\u00f3 con la asistencia de Pedro P\u00e9rez Herrero, de la Universidad de Alcal\u00e1, Espa\u00f1a, y Rodrigo Escribano Roca, de la Universidad \u201cAdolfo Ib\u00e1\u00f1ez\u201d, de Chile.<\/span><span data-ccp-props=\"{&quot;201341983&quot;:0,&quot;335559739&quot;:0,&quot;335559740&quot;:240}\">\u00a0<\/span><\/p>\n<p><span data-contrast=\"auto\">En el acto, Ra\u00fal Romero precis\u00f3 que estas actividades no son s\u00f3lo acad\u00e9micas ya que es una reflexi\u00f3n en torno de una realidad, pues las revoluciones presentes son un fen\u00f3meno que impacta a la sociedad y que involucra actores sociales, normalmente invisibilizados o apartados del poder en busca de un sistema pol\u00edtico m\u00e1s justo.<\/span><\/p>\n<div id=\"attachment_149125\" style=\"width: 732px\" class=\"wp-caption aligncenter\"><img loading=\"lazy\" decoding=\"async\" aria-describedby=\"caption-attachment-149125\" class=\"size-full wp-image-149125\" src=\"https:\/\/www.uv.mx\/prensa\/files\/2024\/11\/12-11-2024-PACHECO-Congreso-Las-Revoluciones-Foto-2.jpg\" alt=\"Ra\u00fal Romero Ram\u00edrez, director de la Facultad de Historia, declar\u00f3 formalmente inaugurado el congreso \" width=\"722\" height=\"440\" srcset=\"https:\/\/www.uv.mx\/prensa\/files\/2024\/11\/12-11-2024-PACHECO-Congreso-Las-Revoluciones-Foto-2.jpg 722w, https:\/\/www.uv.mx\/prensa\/files\/2024\/11\/12-11-2024-PACHECO-Congreso-Las-Revoluciones-Foto-2-300x183.jpg 300w\" sizes=\"auto, (max-width: 722px) 100vw, 722px\" \/><p id=\"caption-attachment-149125\" class=\"wp-caption-text\">Ra\u00fal Romero Ram\u00edrez, director de la Facultad de Historia, declar\u00f3 formalmente inaugurado el congreso<\/p><\/div>\n<p><span data-ccp-props=\"{&quot;201341983&quot;:0,&quot;335559731&quot;:708,&quot;335559739&quot;:0,&quot;335559740&quot;:240}\">\u00a0<\/span><\/p>\n<p><span data-contrast=\"auto\">P\u00e9rez Herrero se\u00f1al\u00f3 que un evento como \u00e9ste es muy importante en un momento de fuertes turbulencias humanas y naturales. \u201cNosotros en la ciudad de Valencia estamos sufriendo los efectos del cambio clim\u00e1tico, que es consecuencia de una acci\u00f3n del ser humano sobre la naturaleza\u201d, lament\u00f3.<\/span><span data-ccp-props=\"{&quot;201341983&quot;:0,&quot;335559731&quot;:708,&quot;335559739&quot;:0,&quot;335559740&quot;:240}\">\u00a0<\/span><\/p>\n<p><span data-contrast=\"auto\">En tanto, Escribano Roca elogi\u00f3 el esp\u00edritu que se le ha dado a este congreso al servicio de una discusi\u00f3n pol\u00edtica sustantiva respecto al futuro de las revoluciones que, \u201cpara que acaben bien, deben existir proyectos aglutinantes desde la academia\u201d.<\/span><span data-ccp-props=\"{&quot;201341983&quot;:0,&quot;335559731&quot;:708,&quot;335559739&quot;:0,&quot;335559740&quot;:240}\">\u00a0<\/span><\/p>\n<p><span data-contrast=\"auto\">Carmen Bl\u00e1zquez Dom\u00ednguez, acad\u00e9mica del Instituto de Investigaciones Hist\u00f3ricos-Sociales (IIH-S) de la UV, ofreci\u00f3 una conferencia magistral, moderada por Fabi\u00e1n Fuentes Navarro, investigador en la Universidad Pedag\u00f3gica Veracruzana.<\/span><\/p>\n<div id=\"attachment_149124\" style=\"width: 732px\" class=\"wp-caption aligncenter\"><img loading=\"lazy\" decoding=\"async\" aria-describedby=\"caption-attachment-149124\" class=\"size-full wp-image-149124\" src=\"https:\/\/www.uv.mx\/prensa\/files\/2024\/11\/12-11-2024-PACHECO-Congreso-Las-Revoluciones-Foto-3.jpg\" alt=\"Rodrigo Escribano Roca, de la Universidad \u201cAdolfo Ib\u00e1\u00f1ez\u201d de Chile \" width=\"722\" height=\"406\" srcset=\"https:\/\/www.uv.mx\/prensa\/files\/2024\/11\/12-11-2024-PACHECO-Congreso-Las-Revoluciones-Foto-3.jpg 722w, https:\/\/www.uv.mx\/prensa\/files\/2024\/11\/12-11-2024-PACHECO-Congreso-Las-Revoluciones-Foto-3-300x169.jpg 300w\" sizes=\"auto, (max-width: 722px) 100vw, 722px\" \/><p id=\"caption-attachment-149124\" class=\"wp-caption-text\">Rodrigo Escribano Roca, de la Universidad \u201cAdolfo Ib\u00e1\u00f1ez\u201d de Chile<\/p><\/div>\n<p>&nbsp;<\/p>\n<p><span data-contrast=\"auto\">La ponente inici\u00f3 con la necesidad de reflexionar y repensar sobre lo que significa una revoluci\u00f3n en pleno siglo XXI. \u201cPodemos afirmar que las grandes revoluciones abrieron el camino de la libertad, de modo que este evento es una buena manera de recorrer el universo de ideas, valores y estructuras a\u00fan vigentes\u201d.<\/span><span data-ccp-props=\"{&quot;201341983&quot;:0,&quot;335559731&quot;:708,&quot;335559739&quot;:0,&quot;335559740&quot;:240}\">\u00a0<\/span><\/p>\n<p><span data-contrast=\"auto\">Continu\u00f3 con las definiciones que han construido historiadores, polit\u00f3logos y otros especialistas en el campo de las ciencias sociales, aunque, en general, \u201clas revoluciones las hemos tenido como movimientos colectivos disruptivos del orden social y jur\u00eddico, que intentan reemplazar el poder supremo existente por otro con el componente de violencia\u201d.<\/span><span data-ccp-props=\"{&quot;201341983&quot;:0,&quot;335559731&quot;:708,&quot;335559739&quot;:0,&quot;335559740&quot;:240}\">\u00a0<\/span><\/p>\n<p><span data-contrast=\"auto\">En un sentido m\u00e1s amplio, constituyen la transformaci\u00f3n de estructuras econ\u00f3micas, sociales y pol\u00edticas de una sociedad, como la Revoluci\u00f3n Industrial de los siglos XVIII y XIX.<\/span><\/p>\n<div id=\"attachment_149123\" style=\"width: 732px\" class=\"wp-caption aligncenter\"><img loading=\"lazy\" decoding=\"async\" aria-describedby=\"caption-attachment-149123\" class=\"size-full wp-image-149123\" src=\"https:\/\/www.uv.mx\/prensa\/files\/2024\/11\/12-11-2024-PACHECO-Congreso-Las-Revoluciones-Foto-4.jpg\" alt=\"La disertaci\u00f3n magistral de Carmen Bl\u00e1zquez Dom\u00ednguez, investigadora en el IIH-S UV \" width=\"722\" height=\"481\" srcset=\"https:\/\/www.uv.mx\/prensa\/files\/2024\/11\/12-11-2024-PACHECO-Congreso-Las-Revoluciones-Foto-4.jpg 722w, https:\/\/www.uv.mx\/prensa\/files\/2024\/11\/12-11-2024-PACHECO-Congreso-Las-Revoluciones-Foto-4-300x200.jpg 300w\" sizes=\"auto, (max-width: 722px) 100vw, 722px\" \/><p id=\"caption-attachment-149123\" class=\"wp-caption-text\">La disertaci\u00f3n magistral de Carmen Bl\u00e1zquez Dom\u00ednguez, investigadora en el IIH-S UV<\/p><\/div>\n<p>&nbsp;<\/p>\n<p><span data-contrast=\"auto\">Mencion\u00f3 las revoluciones que transcurrieron desde finales del siglo XVII, las francesas y la norteamericana de 1776, a las que siguieron la de R\u00edo de La Plata, Ecuador, Venezuela, Colombia, M\u00e9xico, Chile, Uruguay y Per\u00fa, entre otras, y se\u00f1al\u00f3 las reflexiones de Luis Villoro como conceptos clave para comprender la \u00e9poca moderna.<\/span><span data-ccp-props=\"{&quot;201341983&quot;:0,&quot;335559731&quot;:708,&quot;335559739&quot;:0,&quot;335559740&quot;:240}\">\u00a0<\/span><\/p>\n","protected":false},"excerpt":{"rendered":"<p>Acontecimiento importante en un momento de turbulencias de todo orden. Las revoluciones abrieron el camino de la libertad, de modo que merecen una gran reflexi\u00f3n <\/p>\n","protected":false},"author":1775,"featured_media":149122,"comment_status":"closed","ping_status":"closed","sticky":false,"template":"","format":"standard","meta":{"footnotes":""},"categories":[1,61],"tags":[19807,19811,999,19810,19813,247,19809,19812,19808,4158,6249,14732,11720,8690,15373,2935,18426],"class_list":["post-149192","post","type-post","status-publish","format-standard","has-post-thumbnail","hentry","category-general","category-banner","tag-alberto-montero-garcia","tag-de-chile-carmen-blazquez-dominguez","tag-direccion-general-del-area-academica-de-humanidades","tag-espana-rodrigo-escribano-roca","tag-fabian-fuentes-navarro","tag-facultad-de-historia","tag-facultad-de-idiomas-hubonor-ayala-flores","tag-instituto-de-investigaciones-historicos-sociales","tag-instituto-nacional-de-antropologia-e-historia-raymundo-marcos-hernandez","tag-jorge-vazquez-pacheco","tag-luis-fernando-fernandez-carrillo","tag-pedro-perez-herrero","tag-raul-romero-ramirez","tag-salon-azul-de-la-unidad-de-humanidades","tag-universidad-adolfo-ibanez","tag-universidad-de-alcala","tag-universidad-pedagogica-veracruzana"],"_links":{"self":[{"href":"https:\/\/www.uv.mx\/prensa\/wp-json\/wp\/v2\/posts\/149192","targetHints":{"allow":["GET"]}}],"collection":[{"href":"https:\/\/www.uv.mx\/prensa\/wp-json\/wp\/v2\/posts"}],"about":[{"href":"https:\/\/www.uv.mx\/prensa\/wp-json\/wp\/v2\/types\/post"}],"author":[{"embeddable":true,"href":"https:\/\/www.uv.mx\/prensa\/wp-json\/wp\/v2\/users\/1775"}],"replies":[{"embeddable":true,"href":"https:\/\/www.uv.mx\/prensa\/wp-json\/wp\/v2\/comments?post=149192"}],"version-history":[{"count":1,"href":"https:\/\/www.uv.mx\/prensa\/wp-json\/wp\/v2\/posts\/149192\/revisions"}],"predecessor-version":[{"id":149193,"href":"https:\/\/www.uv.mx\/prensa\/wp-json\/wp\/v2\/posts\/149192\/revisions\/149193"}],"wp:featuredmedia":[{"embeddable":true,"href":"https:\/\/www.uv.mx\/prensa\/wp-json\/wp\/v2\/media\/149122"}],"wp:attachment":[{"href":"https:\/\/www.uv.mx\/prensa\/wp-json\/wp\/v2\/media?parent=149192"}],"wp:term":[{"taxonomy":"category","embeddable":true,"href":"https:\/\/www.uv.mx\/prensa\/wp-json\/wp\/v2\/categories?post=149192"},{"taxonomy":"post_tag","embeddable":true,"href":"https:\/\/www.uv.mx\/prensa\/wp-json\/wp\/v2\/tags?post=149192"}],"curies":[{"name":"wp","href":"https:\/\/api.w.org\/{rel}","templated":true}]}}