{"id":149183,"date":"2024-11-13T17:20:21","date_gmt":"2024-11-13T23:20:21","guid":{"rendered":"https:\/\/www.uv.mx\/prensa\/?p=149183"},"modified":"2024-11-13T17:20:21","modified_gmt":"2024-11-13T23:20:21","slug":"pedagogia-uv-promueve-lectura-en-iii-jornada-del-dia-nacional-del-libro","status":"publish","type":"post","link":"https:\/\/www.uv.mx\/prensa\/general\/pedagogia-uv-promueve-lectura-en-iii-jornada-del-dia-nacional-del-libro\/","title":{"rendered":"Pedagog\u00eda UV promueve lectura en III Jornada del D\u00eda Nacional del Libro"},"content":{"rendered":"<ul>\n<li data-leveltext=\"\uf0b7\" data-font=\"Symbol\" data-listid=\"3\" data-list-defn-props=\"{&quot;335552541&quot;:1,&quot;335559685&quot;:720,&quot;335559991&quot;:360,&quot;469769226&quot;:&quot;Symbol&quot;,&quot;469769242&quot;:[8226],&quot;469777803&quot;:&quot;left&quot;,&quot;469777804&quot;:&quot;\uf0b7&quot;,&quot;469777815&quot;:&quot;hybridMultilevel&quot;}\" data-aria-posinset=\"1\" data-aria-level=\"1\"><i><span data-contrast=\"auto\">Hablar del libro es hablar de una herramienta que tiene el potencial del conocimiento<\/span><\/i><span data-ccp-props=\"{&quot;134233117&quot;:false,&quot;134233118&quot;:false,&quot;201341983&quot;:0,&quot;335559738&quot;:0,&quot;335559739&quot;:0,&quot;335559740&quot;:240}\">\u00a0<\/span><\/li>\n<\/ul>\n<ul>\n<li data-leveltext=\"\uf0b7\" data-font=\"Symbol\" data-listid=\"3\" data-list-defn-props=\"{&quot;335552541&quot;:1,&quot;335559685&quot;:720,&quot;335559991&quot;:360,&quot;469769226&quot;:&quot;Symbol&quot;,&quot;469769242&quot;:[8226],&quot;469777803&quot;:&quot;left&quot;,&quot;469777804&quot;:&quot;\uf0b7&quot;,&quot;469777815&quot;:&quot;hybridMultilevel&quot;}\" data-aria-posinset=\"2\" data-aria-level=\"1\"><i><span data-contrast=\"auto\">Dijo Maribel Dom\u00ednguez, directora de la Facultad de Pedagog\u00eda<\/span><\/i><span data-ccp-props=\"{&quot;134233117&quot;:false,&quot;134233118&quot;:false,&quot;201341983&quot;:0,&quot;335559738&quot;:0,&quot;335559739&quot;:0,&quot;335559740&quot;:240}\">\u00a0<\/span><\/li>\n<\/ul>\n<ul>\n<li data-leveltext=\"\uf0b7\" data-font=\"Symbol\" data-listid=\"3\" data-list-defn-props=\"{&quot;335552541&quot;:1,&quot;335559685&quot;:720,&quot;335559991&quot;:360,&quot;469769226&quot;:&quot;Symbol&quot;,&quot;469769242&quot;:[8226],&quot;469777803&quot;:&quot;left&quot;,&quot;469777804&quot;:&quot;\uf0b7&quot;,&quot;469777815&quot;:&quot;hybridMultilevel&quot;}\" data-aria-posinset=\"3\" data-aria-level=\"1\"><i><span data-contrast=\"auto\">A trav\u00e9s de talleres y conferencias magistrales se abordaron temas como la capacitaci\u00f3n para padres<\/span><\/i><span data-ccp-props=\"{&quot;134233117&quot;:false,&quot;134233118&quot;:false,&quot;201341983&quot;:0,&quot;335559738&quot;:0,&quot;335559739&quot;:0,&quot;335559740&quot;:240}\">\u00a0<\/span><\/li>\n<\/ul>\n<p><span data-ccp-props=\"{&quot;134233117&quot;:false,&quot;134233118&quot;:false,&quot;201341983&quot;:0,&quot;335559738&quot;:0,&quot;335559739&quot;:0,&quot;335559740&quot;:240}\">\u00a0<\/span><\/p>\n<div id=\"attachment_149119\" style=\"width: 732px\" class=\"wp-caption aligncenter\"><img loading=\"lazy\" decoding=\"async\" aria-describedby=\"caption-attachment-149119\" class=\"size-full wp-image-149119\" src=\"https:\/\/www.uv.mx\/prensa\/files\/2024\/11\/12112024-DAVID-Jornada-del-Dia-del-Libro-Pedagogia-1.jpg\" alt=\"Maribel Dom\u00ednguez, directora de la Facultad de Pedagog\u00eda, inaugur\u00f3 la III Jornada del D\u00eda Nacional del Libro \" width=\"722\" height=\"481\" srcset=\"https:\/\/www.uv.mx\/prensa\/files\/2024\/11\/12112024-DAVID-Jornada-del-Dia-del-Libro-Pedagogia-1.jpg 722w, https:\/\/www.uv.mx\/prensa\/files\/2024\/11\/12112024-DAVID-Jornada-del-Dia-del-Libro-Pedagogia-1-300x200.jpg 300w\" sizes=\"auto, (max-width: 722px) 100vw, 722px\" \/><p id=\"caption-attachment-149119\" class=\"wp-caption-text\">Maribel Dom\u00ednguez, directora de la Facultad de Pedagog\u00eda, inaugur\u00f3 la III Jornada del D\u00eda Nacional del Libro<\/p><\/div>\n<p>&nbsp;<\/p>\n<p><b><i><span data-contrast=\"auto\">David Sandoval Rodr\u00edguez<\/span><\/i><\/b><span data-ccp-props=\"{&quot;134233117&quot;:false,&quot;134233118&quot;:false,&quot;201341983&quot;:0,&quot;335559738&quot;:0,&quot;335559739&quot;:0,&quot;335559740&quot;:240}\">\u00a0<\/span><\/p>\n<p><b><i><span data-contrast=\"auto\">Fotos: C\u00e9sar Pisil Ramos<\/span><\/i><\/b><\/p>\n<p><b><i><span data-contrast=\"auto\">13\/11\/2024, Xalapa, Ver.-<\/span><\/i><\/b><span data-contrast=\"auto\"> La Facultad de Pedagog\u00eda de la Universidad Veracruzana (UV) celebr\u00f3 por tercer a\u00f1o consecutivo la III Jornada del D\u00eda Nacional del Libro, sum\u00e1ndose a la conmemoraci\u00f3n del natalicio de Juana de Asbaje, Sor Juana In\u00e9s de la Cruz, con un grupo de actividades que abarcaron talleres, c\u00edrculos de lectura y escritura, adem\u00e1s de conferencias.<\/span><span data-ccp-props=\"{&quot;134233117&quot;:false,&quot;134233118&quot;:false,&quot;201341983&quot;:0,&quot;335559738&quot;:0,&quot;335559739&quot;:0,&quot;335559740&quot;:240}\">\u00a0<\/span><\/p>\n<p><span data-contrast=\"auto\">En su mensaje de bienvenida al encuentro, Maribel Dom\u00ednguez Basurto, directora de la Facultad, dijo que hablar del libro es hablar de una herramienta que concentra el potencial del conocimiento.<\/span><span data-ccp-props=\"{&quot;134233117&quot;:false,&quot;134233118&quot;:false,&quot;201341983&quot;:0,&quot;335559731&quot;:705,&quot;335559738&quot;:0,&quot;335559739&quot;:0,&quot;335559740&quot;:240}\">\u00a0<\/span><\/p>\n<p><span data-contrast=\"auto\">\u201cQueremos unirnos a este D\u00eda Nacional del Libro, en honor a la poeta mexicana Juana de Asbaje, y para ello tenemos cinco actividades fundamentales como el taller para padres y maestros, c\u00edrculos de lectura y conferencias.\u201d<\/span><span data-ccp-props=\"{&quot;134233117&quot;:false,&quot;134233118&quot;:false,&quot;201341983&quot;:0,&quot;335559731&quot;:705,&quot;335559738&quot;:0,&quot;335559739&quot;:0,&quot;335559740&quot;:240}\">\u00a0<\/span><\/p>\n<p><span data-contrast=\"auto\">En ese sentido, se dirigi\u00f3 al alumnado a quienes destac\u00f3 la importancia de su participaci\u00f3n, de sumarse a acercar la lectura a ni\u00f1as y ni\u00f1os, lo que fomentar\u00e1 su creatividad, esencial en su vida profesional.<\/span><span data-ccp-props=\"{&quot;134233117&quot;:false,&quot;134233118&quot;:false,&quot;201341983&quot;:0,&quot;335559731&quot;:705,&quot;335559738&quot;:0,&quot;335559739&quot;:0,&quot;335559740&quot;:240}\">\u00a0<\/span><\/p>\n<p><span data-contrast=\"auto\">El evento tiene como objetivo promover el h\u00e1bito de la lectura y reconocer su importancia en el desarrollo del aprendizaje, que no solamente fortalece la formaci\u00f3n integral del alumnado, tambi\u00e9n sus habilidades cognitivas como la memoria y el pensamiento cr\u00edtico, estimulando adem\u00e1s la empat\u00eda, el desarrollo emocional y las estrategias socioafectivas que pueden apoyar en la promoci\u00f3n de la lectura.<\/span><\/p>\n<div id=\"attachment_149118\" style=\"width: 732px\" class=\"wp-caption aligncenter\"><img loading=\"lazy\" decoding=\"async\" aria-describedby=\"caption-attachment-149118\" class=\"size-full wp-image-149118\" src=\"https:\/\/www.uv.mx\/prensa\/files\/2024\/11\/12112024-DAVID-Jornada-del-Dia-del-Libro-Pedagogia-2.jpg\" alt=\"Uzziel Maldonado, Maribel Basurto y Mar\u00eda de los \u00c1ngeles Pe\u00f1a al momento de iniciar el evento \" width=\"722\" height=\"481\" srcset=\"https:\/\/www.uv.mx\/prensa\/files\/2024\/11\/12112024-DAVID-Jornada-del-Dia-del-Libro-Pedagogia-2.jpg 722w, https:\/\/www.uv.mx\/prensa\/files\/2024\/11\/12112024-DAVID-Jornada-del-Dia-del-Libro-Pedagogia-2-300x200.jpg 300w\" sizes=\"auto, (max-width: 722px) 100vw, 722px\" \/><p id=\"caption-attachment-149118\" class=\"wp-caption-text\">Uzziel Maldonado, Maribel Basurto y Mar\u00eda de los \u00c1ngeles Pe\u00f1a al momento de iniciar el evento<\/p><\/div>\n<p>&nbsp;<\/p>\n<p><span data-contrast=\"auto\">Se busca fomentar la participaci\u00f3n de toda la comunidad en actividades que promuevan la apreciaci\u00f3n y el gusto por la literatura; a trav\u00e9s de talleres, conferencias, c\u00edrculos de lectura, escritura para incentivar a alumnos y docentes de la entidad universitaria.<\/span><span data-ccp-props=\"{&quot;134233117&quot;:false,&quot;134233118&quot;:false,&quot;201341983&quot;:0,&quot;335559731&quot;:705,&quot;335559738&quot;:0,&quot;335559739&quot;:0,&quot;335559740&quot;:240}\">\u00a0<\/span><\/p>\n<p><span data-contrast=\"auto\">En la ceremonia inicial estuvieron presentes Mar\u00eda de los \u00c1ngeles Pe\u00f1a Hern\u00e1ndez, jefa de carrera de la Licenciatura en Desarrollo Integral de las Personas con Discapacidad, y Uzziel Maldonado Vela, acad\u00e9mico responsable del \u00e1rea de vinculaci\u00f3n y coordinador del evento.<\/span><\/p>\n<p><b><span data-contrast=\"auto\">Incentivar la lectura de infantes en casa es un reto<\/span><\/b><span data-ccp-props=\"{&quot;134233117&quot;:false,&quot;134233118&quot;:false,&quot;201341983&quot;:0,&quot;335559738&quot;:0,&quot;335559739&quot;:0,&quot;335559740&quot;:240}\"><br \/>\n<\/span><span data-contrast=\"auto\">Teresa Hern\u00e1ndez Contreras y H\u00e9ctor Romero D\u00edaz, integrantes del programa Medici\u00f3n Independiente de Aprendizaje (MIA), fueron los facilitadores del taller \u201cTips de lectura para padres y maestros\u201d, que sigui\u00f3 al evento inaugural.<\/span><\/p>\n<div id=\"attachment_149121\" style=\"width: 732px\" class=\"wp-caption aligncenter\"><img loading=\"lazy\" decoding=\"async\" aria-describedby=\"caption-attachment-149121\" class=\"size-full wp-image-149121\" src=\"https:\/\/www.uv.mx\/prensa\/files\/2024\/11\/12112024-DAVID-Jornada-del-Dia-del-Libro-Pedagogia-3.jpg\" alt=\"Teresa Hern\u00e1ndez y H\u00e9ctor Romero, miembros del programa Medici\u00f3n Independiente de Aprendizaje y facilitadores del taller \" width=\"722\" height=\"481\" srcset=\"https:\/\/www.uv.mx\/prensa\/files\/2024\/11\/12112024-DAVID-Jornada-del-Dia-del-Libro-Pedagogia-3.jpg 722w, https:\/\/www.uv.mx\/prensa\/files\/2024\/11\/12112024-DAVID-Jornada-del-Dia-del-Libro-Pedagogia-3-300x200.jpg 300w\" sizes=\"auto, (max-width: 722px) 100vw, 722px\" \/><p id=\"caption-attachment-149121\" class=\"wp-caption-text\">Teresa Hern\u00e1ndez y H\u00e9ctor Romero, miembros del programa Medici\u00f3n Independiente de Aprendizaje y facilitadores del taller<\/p><\/div>\n<p>&nbsp;<\/p>\n<p><span data-contrast=\"auto\">Ambos explicaron a los estudiantes y acad\u00e9micos que se busca apoyar a los adultos en la adquisici\u00f3n de herramientas para mejorar la lectura de ni\u00f1as y ni\u00f1os bajo su cuidado, aun con las distracciones que puedan tener para trabajar con los ni\u00f1os desde casa.<\/span><span data-ccp-props=\"{&quot;134233117&quot;:false,&quot;134233118&quot;:false,&quot;201341983&quot;:0,&quot;335559731&quot;:705,&quot;335559738&quot;:0,&quot;335559739&quot;:0,&quot;335559740&quot;:240}\">\u00a0<\/span><\/p>\n<p><span data-contrast=\"auto\">Agrupados por equipos, comenzaron las din\u00e1micas con preguntas generadoras de distintas reflexiones en las que cada grupo expres\u00f3 a la colectividad su opini\u00f3n.<\/span><span data-ccp-props=\"{&quot;134233117&quot;:false,&quot;134233118&quot;:false,&quot;201341983&quot;:0,&quot;335559731&quot;:705,&quot;335559738&quot;:0,&quot;335559739&quot;:0,&quot;335559740&quot;:240}\">\u00a0<\/span><\/p>\n<p><span data-contrast=\"auto\">Dichas cuestiones tienen el prop\u00f3sito de generar una reflexi\u00f3n acerca de las diferentes fases que abarcan c\u00f3mo acercarse y fomentar la lectura en los hogares de los infantes.<\/span><\/p>\n<div id=\"attachment_149120\" style=\"width: 732px\" class=\"wp-caption aligncenter\"><img loading=\"lazy\" decoding=\"async\" aria-describedby=\"caption-attachment-149120\" class=\"size-full wp-image-149120\" src=\"https:\/\/www.uv.mx\/prensa\/files\/2024\/11\/121124-DAVID-III-Jornada-dia-del-Libro-Pedagogia-4.jpg\" alt=\"Alumnas, alumnos, acad\u00e9micos y funcionarios participaron en las din\u00e1micas que realizaron los facilitadores \" width=\"722\" height=\"481\" srcset=\"https:\/\/www.uv.mx\/prensa\/files\/2024\/11\/121124-DAVID-III-Jornada-dia-del-Libro-Pedagogia-4.jpg 722w, https:\/\/www.uv.mx\/prensa\/files\/2024\/11\/121124-DAVID-III-Jornada-dia-del-Libro-Pedagogia-4-300x200.jpg 300w\" sizes=\"auto, (max-width: 722px) 100vw, 722px\" \/><p id=\"caption-attachment-149120\" class=\"wp-caption-text\">Alumnas, alumnos, acad\u00e9micos y funcionarios participaron en las din\u00e1micas que realizaron los facilitadores<\/p><\/div>\n<p>&nbsp;<\/p>\n<p><span data-contrast=\"auto\">Las y los estudiantes que participaron vivieron la experiencia de colaborar para consensuar sus respuestas a trav\u00e9s del di\u00e1logo, adem\u00e1s de conocer qu\u00e9 actividades pueden aplicar en casa.<\/span><span data-ccp-props=\"{&quot;134233117&quot;:false,&quot;134233118&quot;:false,&quot;201341983&quot;:0,&quot;335559731&quot;:705,&quot;335559738&quot;:0,&quot;335559739&quot;:0,&quot;335559740&quot;:240}\">\u00a0<\/span><\/p>\n","protected":false},"excerpt":{"rendered":"<p>Est\u00e1 dirigida a incentivar la lectura entre el estudiantado de la Facultad, adem\u00e1s de capacitarlos para su promoci\u00f3n fuera de la Universidad <\/p>\n","protected":false},"author":1775,"featured_media":149117,"comment_status":"closed","ping_status":"closed","sticky":false,"template":"","format":"standard","meta":{"footnotes":""},"categories":[1,61],"tags":[6263,4159,637,19796,7862,19794,5407,19795],"class_list":["post-149183","post","type-post","status-publish","format-standard","has-post-thumbnail","hentry","category-general","category-banner","tag-cesar-pisil-ramos","tag-david-sandoval-rodriguez","tag-facultad-de-pedagogia","tag-iii-jornada-del-dia-nacional-del-libro","tag-licenciatura-en-desarrollo-integral-de-las-personas-con-discapacidad","tag-maria-de-los-angeles-pena-hernandez","tag-maribel-dominguez-basurto","tag-uzziel-maldonado-vela"],"_links":{"self":[{"href":"https:\/\/www.uv.mx\/prensa\/wp-json\/wp\/v2\/posts\/149183","targetHints":{"allow":["GET"]}}],"collection":[{"href":"https:\/\/www.uv.mx\/prensa\/wp-json\/wp\/v2\/posts"}],"about":[{"href":"https:\/\/www.uv.mx\/prensa\/wp-json\/wp\/v2\/types\/post"}],"author":[{"embeddable":true,"href":"https:\/\/www.uv.mx\/prensa\/wp-json\/wp\/v2\/users\/1775"}],"replies":[{"embeddable":true,"href":"https:\/\/www.uv.mx\/prensa\/wp-json\/wp\/v2\/comments?post=149183"}],"version-history":[{"count":1,"href":"https:\/\/www.uv.mx\/prensa\/wp-json\/wp\/v2\/posts\/149183\/revisions"}],"predecessor-version":[{"id":149184,"href":"https:\/\/www.uv.mx\/prensa\/wp-json\/wp\/v2\/posts\/149183\/revisions\/149184"}],"wp:featuredmedia":[{"embeddable":true,"href":"https:\/\/www.uv.mx\/prensa\/wp-json\/wp\/v2\/media\/149117"}],"wp:attachment":[{"href":"https:\/\/www.uv.mx\/prensa\/wp-json\/wp\/v2\/media?parent=149183"}],"wp:term":[{"taxonomy":"category","embeddable":true,"href":"https:\/\/www.uv.mx\/prensa\/wp-json\/wp\/v2\/categories?post=149183"},{"taxonomy":"post_tag","embeddable":true,"href":"https:\/\/www.uv.mx\/prensa\/wp-json\/wp\/v2\/tags?post=149183"}],"curies":[{"name":"wp","href":"https:\/\/api.w.org\/{rel}","templated":true}]}}