{"id":14890,"date":"2016-09-02T15:55:13","date_gmt":"2016-09-02T20:55:13","guid":{"rendered":"https:\/\/www.uv.mx\/prensa\/?p=14890"},"modified":"2016-09-02T15:55:13","modified_gmt":"2016-09-02T20:55:13","slug":"prioritario-reorganizar-las-finanzas-en-veracruz-participantes-en-foro-del-pvd","status":"publish","type":"post","link":"https:\/\/www.uv.mx\/prensa\/general\/prioritario-reorganizar-las-finanzas-en-veracruz-participantes-en-foro-del-pvd\/","title":{"rendered":"Prioritario reorganizar las finanzas en Veracruz: participantes en foro del PVD"},"content":{"rendered":"<ul>\n<li><i><em>Filiberto Medina inst\u00f3 al gobierno actual a pagar la deuda que mantiene con el IPE y reintegrar la reserva t\u00e9cnica<\/em><\/i><\/li>\n<\/ul>\n<div id=\"attachment_14892\" style=\"width: 732px\" class=\"wp-caption aligncenter\"><a href=\"https:\/\/www.uv.mx\/prensa\/files\/2016\/09\/20918.-Gobierno-nuevo-1-ok.jpg\"><img loading=\"lazy\" decoding=\"async\" aria-describedby=\"caption-attachment-14892\" class=\"size-full wp-image-14892\" src=\"https:\/\/www.uv.mx\/prensa\/files\/2016\/09\/20918.-Gobierno-nuevo-1-ok.jpg\" alt=\"Ciudadanos presentaron propuestas para la mejora de las finanzas p\u00fablicas\" width=\"722\" height=\"482\" srcset=\"https:\/\/www.uv.mx\/prensa\/files\/2016\/09\/20918.-Gobierno-nuevo-1-ok.jpg 722w, https:\/\/www.uv.mx\/prensa\/files\/2016\/09\/20918.-Gobierno-nuevo-1-ok-300x200.jpg 300w\" sizes=\"auto, (max-width: 722px) 100vw, 722px\" \/><\/a><p id=\"caption-attachment-14892\" class=\"wp-caption-text\">Ciudadanos presentaron propuestas para la mejora de las finanzas p\u00fablicas<\/p><\/div>\n<p>&nbsp;<\/p>\n<p><strong><em>Carlos Hermida y Alma Mart\u00ednez<\/em><\/strong><\/p>\n<p>&nbsp;<\/p>\n<p><strong><em>Boca del R\u00edo, Ver.-<\/em><\/strong> <strong><em>2\/09\/2016.-<\/em><\/strong> En la segunda sesi\u00f3n de los Foros de Consulta Ciudadana para el Plan Veracruzano de Desarrollo (PVD) 2016-2018, realizado por la Universidad Veracruzana (UV), realizada la tarde del jueves 1 de septiembre, se generaron propuestas, acciones concretas y estrategias para impulsar un gobierno nuevo para los veracruzanos.<\/p>\n<p>Los ponentes definieron este foro como \u201cun espacio plural donde las voces son escuchadas\u201d, asimismo manifestaron su inter\u00e9s de que \u00e9stas realmente sean tomadas en cuenta y ejecutadas.<\/p>\n<p>Alfonso P\u00e9rez Morales, vicerrector de la regi\u00f3n Veracruz, destac\u00f3 la trascendencia de las propuestas, en un \u00e1mbito que busca salvaguardar la seguridad de la poblaci\u00f3n en diversos sentidos.<\/p>\n<p>Las mesas de trabajo fueron dirigidas por la directora de la Facultad de Contadur\u00eda, Mar\u00eda Eugenia Sent\u00edes Santos, junto con su equipo de acad\u00e9micos expertos; el director de la Facultad de Ciencias de la Comunicaci\u00f3n, Marco Agust\u00edn Malpica Rivera; la acad\u00e9mica Magaly Corona Garc\u00eda y otros maestros especialistas en el \u00e1rea, as\u00ed como investigadores del Centro de Investigaci\u00f3n en Micro y Nanotecnolog\u00eda (<em>Microna<\/em>) junto con su coordinador Enrique Morales Gonz\u00e1lez.<\/p>\n<div id=\"attachment_14894\" style=\"width: 732px\" class=\"wp-caption aligncenter\"><a href=\"https:\/\/www.uv.mx\/prensa\/files\/2016\/09\/90216.-Gobierno-nuevo-2-ok.jpg\"><img loading=\"lazy\" decoding=\"async\" aria-describedby=\"caption-attachment-14894\" class=\"size-full wp-image-14894\" src=\"https:\/\/www.uv.mx\/prensa\/files\/2016\/09\/90216.-Gobierno-nuevo-2-ok.jpg\" alt=\"Se mencionaron estrategias para la optimizaci\u00f3n de la comunicaci\u00f3n social\" width=\"722\" height=\"481\" srcset=\"https:\/\/www.uv.mx\/prensa\/files\/2016\/09\/90216.-Gobierno-nuevo-2-ok.jpg 722w, https:\/\/www.uv.mx\/prensa\/files\/2016\/09\/90216.-Gobierno-nuevo-2-ok-300x200.jpg 300w\" sizes=\"auto, (max-width: 722px) 100vw, 722px\" \/><\/a><p id=\"caption-attachment-14894\" class=\"wp-caption-text\">Se mencionaron estrategias para la optimizaci\u00f3n de la comunicaci\u00f3n social<\/p><\/div>\n<p><strong>Reorganizar finanzas p\u00fablicas <\/strong><\/p>\n<p>Marco Antonio N\u00fa\u00f1ez, diputado electo por el Partido Acci\u00f3n Nacional, manifest\u00f3 su inter\u00e9s por establecer mecanismos para una fiscalizaci\u00f3n efectiva en el estado, mediante una desconcentraci\u00f3n de las retenciones de los empleados municipales y de las cuentas bancarias de los ayuntamientos. Indic\u00f3 que la Secretar\u00eda de Finanzas y Planeaci\u00f3n (<em>Sefiplan<\/em>) debe dejar de tener el control absoluto del dinero de los municipios.<\/p>\n<p>Abel Cuevas Melo propuso una reingenier\u00eda de gobierno a trav\u00e9s de la erradicaci\u00f3n de los niveles de subdirecci\u00f3n de \u00e1reas. Asimismo, Alejandro Salas expuso los beneficios que tendr\u00edan los municipios si tuvieran una cartograf\u00eda actualizada que muestre las zonas de desarrollo que favorezcan la generaci\u00f3n de empleos y la planeaci\u00f3n urbana, as\u00ed como el establecimiento de industrias.<\/p>\n<p><strong>Regenerar competitividad gubernamental<\/strong><\/p>\n<p>Las propuestas de este factor se dirigieron en dos vertientes: hacia la situaci\u00f3n por la cual atraviesa el Instituto de Pensiones del Estado y la reactivaci\u00f3n del deporte.<\/p>\n<p>Filiberto Medina inst\u00f3 al gobierno actual a pagar la deuda que mantiene con el IPE y reintegrar la reserva t\u00e9cnica; al gobierno entrante lo exhort\u00f3 a sancionar a los culpables del desfalco financiero y vigilar la transparencia en la rendici\u00f3n de cuentas.<\/p>\n<div id=\"attachment_14897\" style=\"width: 732px\" class=\"wp-caption aligncenter\"><a href=\"https:\/\/www.uv.mx\/prensa\/files\/2016\/09\/20916.-Gobierno-nuevo-3-ok.jpg\"><img loading=\"lazy\" decoding=\"async\" aria-describedby=\"caption-attachment-14897\" class=\"size-full wp-image-14897\" src=\"https:\/\/www.uv.mx\/prensa\/files\/2016\/09\/20916.-Gobierno-nuevo-3-ok.jpg\" alt=\"Una cultura donde se le d\u00e9 importancia a la protecci\u00f3n civil, subrayaron los ponentes\" width=\"722\" height=\"482\" srcset=\"https:\/\/www.uv.mx\/prensa\/files\/2016\/09\/20916.-Gobierno-nuevo-3-ok.jpg 722w, https:\/\/www.uv.mx\/prensa\/files\/2016\/09\/20916.-Gobierno-nuevo-3-ok-300x200.jpg 300w\" sizes=\"auto, (max-width: 722px) 100vw, 722px\" \/><\/a><p id=\"caption-attachment-14897\" class=\"wp-caption-text\">Una cultura donde se le d\u00e9 importancia a la protecci\u00f3n civil, subrayaron los ponentes<\/p><\/div>\n<p>En tanto Julio Enrique Ponce, en representaci\u00f3n de la Academia de Ciencias Aplicadas al Deporte, abog\u00f3 por una atenci\u00f3n integral a los atletas, becas para ellos en una sola emisi\u00f3n, dotarlos de equipamiento y hacer una selecci\u00f3n rigurosa de los eventos deportivos que se apoyar\u00e1n.<\/p>\n<p><strong>Redefinir comunicaci\u00f3n social y propaganda<\/strong><\/p>\n<p>La moderaci\u00f3n de este tema estuvo a cargo de Marco Agust\u00edn Malpica y Magaly Corona, mientras que la relator\u00eda fue realizada por Antonio Mar\u00edn Card\u00edn y Alicia Elena Urbina Gonz\u00e1lez.<\/p>\n<p>Oscar Francisco Calahorra Fuentes present\u00f3 el proyecto de un sistema veracruzano de radio cultural, que rescate el talento de m\u00fasicos locales y las tradiciones del estado; asimismo, que est\u00e9 relacionado con radiodifusoras culturales de todo el pa\u00eds.<\/p>\n<p>Rosa Mar\u00eda Hern\u00e1ndez Espejo propuso la creaci\u00f3n de una Comisi\u00f3n Estatal de Atenci\u00f3n a Periodistas Aut\u00f3noma, integrada no s\u00f3lo por periodistas sino tambi\u00e9n por abogados expertos en el tema de la libertad de expresi\u00f3n.<\/p>\n<p><strong>Protecci\u00f3n civil y urbana<\/strong><\/p>\n<p>Los trabajos fueron abiertos por Isidro Cano Luna, quien resalt\u00f3 la importancia de la prevenci\u00f3n en materia de protecci\u00f3n civil, ante eventos inesperados como las cat\u00e1strofes naturales.<\/p>\n<p>La moderaci\u00f3n corri\u00f3 a cargo de Agust\u00edn Herrera May y Jaime Mart\u00ednez Castillo, mientras que en la relator\u00eda acompa\u00f1\u00f3 a Isidro Cano, Margarita D\u00edaz Olaldez.<\/p>\n<p>Carlos Cer\u00f3n \u00c1lvarez present\u00f3 una aplicaci\u00f3n multiplataforma para protecci\u00f3n civil estatal, la cual brindar\u00e1 a la poblaci\u00f3n informaci\u00f3n relacionada a la protecci\u00f3n civil del estado y estar\u00e1 integrada al sector salud para notificar las regiones dentro de la entidad que presenten epidemias o pandemias.<\/p>\n<p>Omar Cort\u00e9s propuso un servicio estatal de bomberos, dentro del cual se aprovechen los conocimientos y experiencia de los cuerpos de bomberos presentes en la entidad, para que \u00e9stos atiendan las cat\u00e1strofes ocasionadas por fen\u00f3menos meteorol\u00f3gicos.<\/p>\n<p>En Veracruz los foros contin\u00faan el s\u00e1bado 3 de septiembre, los d\u00edas 7 y 8 se llevar\u00e1n a cabo en la regi\u00f3n Orizaba-C\u00f3rdoba; en la regi\u00f3n Poza Rica-Tuxpan se realizar\u00e1n los d\u00edas 9 y 10; en Coatzacoalcos-Minatitl\u00e1n los d\u00edas 12 y 13, para finalizar el s\u00e1bado 17, en P\u00e1nuco.<\/p>\n<p>Todas las sesiones se transmiten en vivo por Tele UV en <a href=\"https:\/\/www.uv.mx\/television\/\">https:\/\/www.uv.mx\/television\/<\/a><\/p>\n<p>Para conocer el programa, registrar propuestas o consultar las ya existentes, visitar la p\u00e1gina <em>web<\/em> <a href=\"http:\/\/consultapvd.uv.mx\/\">http:\/\/consultapvd.uv.mx\/<\/a>. El registro de propuestas en l\u00ednea estar\u00e1 abierto hasta el 17 de septiembre.<\/p>\n","protected":false},"excerpt":{"rendered":"<p><strong><em> Carlos Hermida y Alma Mart\u00ednez.-<\/em><\/strong> Boca del R\u00edo, Ver.- En la segunda sesi\u00f3n de los Foros de Consulta Ciudadana para el Plan Veracruzano de Desarrollo (PVD) 2016-2018, realizado por la Universidad Veracruzana (UV), realizada la tarde del jueves 1 de septiembre, se generaron propuestas, acciones concretas y estrategias para impulsar un gobierno nuevo para los veracruzanos.<\/p>\n","protected":false},"author":1809,"featured_media":14899,"comment_status":"closed","ping_status":"closed","sticky":false,"template":"","format":"standard","meta":{"footnotes":""},"categories":[1],"tags":[3],"class_list":["post-14890","post","type-post","status-publish","format-standard","has-post-thumbnail","hentry","category-general","tag-secundarias"],"_links":{"self":[{"href":"https:\/\/www.uv.mx\/prensa\/wp-json\/wp\/v2\/posts\/14890","targetHints":{"allow":["GET"]}}],"collection":[{"href":"https:\/\/www.uv.mx\/prensa\/wp-json\/wp\/v2\/posts"}],"about":[{"href":"https:\/\/www.uv.mx\/prensa\/wp-json\/wp\/v2\/types\/post"}],"author":[{"embeddable":true,"href":"https:\/\/www.uv.mx\/prensa\/wp-json\/wp\/v2\/users\/1809"}],"replies":[{"embeddable":true,"href":"https:\/\/www.uv.mx\/prensa\/wp-json\/wp\/v2\/comments?post=14890"}],"version-history":[{"count":0,"href":"https:\/\/www.uv.mx\/prensa\/wp-json\/wp\/v2\/posts\/14890\/revisions"}],"wp:featuredmedia":[{"embeddable":true,"href":"https:\/\/www.uv.mx\/prensa\/wp-json\/wp\/v2\/media\/14899"}],"wp:attachment":[{"href":"https:\/\/www.uv.mx\/prensa\/wp-json\/wp\/v2\/media?parent=14890"}],"wp:term":[{"taxonomy":"category","embeddable":true,"href":"https:\/\/www.uv.mx\/prensa\/wp-json\/wp\/v2\/categories?post=14890"},{"taxonomy":"post_tag","embeddable":true,"href":"https:\/\/www.uv.mx\/prensa\/wp-json\/wp\/v2\/tags?post=14890"}],"curies":[{"name":"wp","href":"https:\/\/api.w.org\/{rel}","templated":true}]}}