{"id":148697,"date":"2024-10-31T11:13:32","date_gmt":"2024-10-31T17:13:32","guid":{"rendered":"https:\/\/www.uv.mx\/prensa\/?p=148697"},"modified":"2024-10-31T11:13:32","modified_gmt":"2024-10-31T17:13:32","slug":"investigadores-uv-abordaron-desaparicion-de-estudiantes-de-ayotzinapa","status":"publish","type":"post","link":"https:\/\/www.uv.mx\/prensa\/cultura\/investigadores-uv-abordaron-desaparicion-de-estudiantes-de-ayotzinapa\/","title":{"rendered":"Investigadores UV abordaron desaparici\u00f3n de estudiantes de Ayotzinapa"},"content":{"rendered":"<ul>\n<li data-leveltext=\"\uf0b7\" data-font=\"Symbol\" data-listid=\"6\" data-list-defn-props=\"{&quot;335552541&quot;:1,&quot;335559685&quot;:720,&quot;335559991&quot;:360,&quot;469769226&quot;:&quot;Symbol&quot;,&quot;469769242&quot;:[8226],&quot;469777803&quot;:&quot;left&quot;,&quot;469777804&quot;:&quot;\uf0b7&quot;,&quot;469777815&quot;:&quot;hybridMultilevel&quot;}\" data-aria-posinset=\"1\" data-aria-level=\"1\"><i><span data-contrast=\"auto\">Francisco de Parres y Ed\u00e9n Bastida dialogaron sobre el uso de manifestaciones art\u00edsticas para visibilizar el caso, y mostraron acciones de colectivos argentinos ante situaciones similares<\/span><\/i><span data-ccp-props=\"{}\">\u00a0<\/span><\/li>\n<\/ul>\n<p><span data-ccp-props=\"{}\">\u00a0<\/span><\/p>\n<div id=\"attachment_148661\" style=\"width: 732px\" class=\"wp-caption aligncenter\"><img aria-describedby=\"caption-attachment-148661\" decoding=\"async\" loading=\"lazy\" class=\"size-full wp-image-148661\" src=\"https:\/\/www.uv.mx\/prensa\/files\/2024\/10\/301024-CARLOS-Jornadas-funerarias-CECC-1.jpg\" alt=\"\" width=\"722\" height=\"481\" srcset=\"https:\/\/www.uv.mx\/prensa\/files\/2024\/10\/301024-CARLOS-Jornadas-funerarias-CECC-1.jpg 722w, https:\/\/www.uv.mx\/prensa\/files\/2024\/10\/301024-CARLOS-Jornadas-funerarias-CECC-1-300x200.jpg 300w\" sizes=\"(max-width: 722px) 100vw, 722px\" \/><p id=\"caption-attachment-148661\" class=\"wp-caption-text\">Las Jornadas Funerarias contaron con la participaci\u00f3n y asistencia de docentes, investigadores y estudiantes<\/p><\/div>\n<p><span data-ccp-props=\"{}\">\u00a0<\/span><\/p>\n<p><b><i><span data-contrast=\"auto\">Carlos Hugo Hermida Rosales<\/span><\/i><\/b><span data-ccp-props=\"{}\">\u00a0<\/span><\/p>\n<p><b><i><span data-contrast=\"auto\">Fotos: Omar Portilla Palacios<\/span><\/i><\/b><span data-ccp-props=\"{}\">\u00a0<\/span><\/p>\n<p><span data-ccp-props=\"{}\">\u00a0<\/span><\/p>\n<p><b><i><span data-contrast=\"auto\">31\/10\/2024, Xalapa, Ver.-<\/span><\/i><\/b><span data-contrast=\"auto\"> Investigadores de distintas entidades acad\u00e9micas disertaron en torno a la desaparici\u00f3n de los estudiantes de la Escuela Normal Rural \u201cRa\u00fal Isidro Burgos\u201d \u2013conocida como Normal Rural de Ayotzinapa\u2013, en el primer d\u00eda de actividades de las Jornadas Funerarias 2024 \u201cCultura funeraria y necropol\u00edtica: reflexiones sobre la muerte y la desaparici\u00f3n\u201d, del Centro de Estudios de la Cultura y la Comunicaci\u00f3n (CECC) de la Universidad Veracruzana (UV).<\/span><span data-ccp-props=\"{}\">\u00a0<\/span><\/p>\n<p><span data-contrast=\"auto\">La inauguraci\u00f3n del evento, dedicado este a\u00f1o a la conmemoraci\u00f3n del suceso citado, ocurrido en septiembre de 2014, fue realizada por Rafael Figueroa Hern\u00e1ndez, coordinador del CECC, quien dio la bienvenida a los asistentes y participantes.<\/span><span data-ccp-props=\"{&quot;335559731&quot;:708}\">\u00a0<\/span><\/p>\n<p><span data-contrast=\"auto\">Francisco de Parres G\u00f3mez, del Instituto de Investigaciones en Educaci\u00f3n, expuso el tema \u201cDestellos de la memoria. Sobre las artes a los 10 a\u00f1os de Ayotzinapa\u201d, en donde habl\u00f3 de distintas iniciativas que se han llevado a cabo para visibilizar el hecho, como carteles y videoclips.<\/span><\/p>\n<p>&nbsp;<\/p>\n<div id=\"attachment_148660\" style=\"width: 732px\" class=\"wp-caption aligncenter\"><img aria-describedby=\"caption-attachment-148660\" decoding=\"async\" loading=\"lazy\" class=\"size-full wp-image-148660\" src=\"https:\/\/www.uv.mx\/prensa\/files\/2024\/10\/301024-CARLOS-Jornadas-funerarias-CECC-2.jpg\" alt=\"\" width=\"722\" height=\"481\" srcset=\"https:\/\/www.uv.mx\/prensa\/files\/2024\/10\/301024-CARLOS-Jornadas-funerarias-CECC-2.jpg 722w, https:\/\/www.uv.mx\/prensa\/files\/2024\/10\/301024-CARLOS-Jornadas-funerarias-CECC-2-300x200.jpg 300w\" sizes=\"(max-width: 722px) 100vw, 722px\" \/><p id=\"caption-attachment-148660\" class=\"wp-caption-text\">Rafael Figueroa Hern\u00e1ndez, coordinador del CECC<\/p><\/div>\n<p>&nbsp;<\/p>\n<p><span data-contrast=\"auto\">El investigador coment\u00f3 que estas acciones responden al acto de solidarizarse con las familias y compa\u00f1eros de los estudiantes, y a la exigencia internacional de encontrarlos con vida.<\/span><span data-ccp-props=\"{&quot;335559731&quot;:708}\">\u00a0<\/span><\/p>\n<p><span data-contrast=\"auto\">Adem\u00e1s, sensibilizan por medio de m\u00fasica, texto o im\u00e1genes en torno a la gravedad del caso, y la importancia de esclarecerlo y dar castigo a los autores materiales e intelectuales.<\/span><\/p>\n<p><span data-contrast=\"auto\">Francisco de Parres destac\u00f3 que en M\u00e9xico existen m\u00e1s de 130 mil personas desaparecidas reconocidas por el Estado, aunque la cifra pudiera ser mayor; en Veracruz, hay m\u00e1s de 30 colectivos de b\u00fasqueda, lo cual habla de la magnitud del problema.<\/span><\/p>\n<p>&nbsp;<\/p>\n<div id=\"attachment_148663\" style=\"width: 732px\" class=\"wp-caption aligncenter\"><img aria-describedby=\"caption-attachment-148663\" decoding=\"async\" loading=\"lazy\" class=\"size-full wp-image-148663\" src=\"https:\/\/www.uv.mx\/prensa\/files\/2024\/10\/301024-CARLOS-Jornadas-funerarias-CECC-3.jpg\" alt=\"\" width=\"722\" height=\"481\" srcset=\"https:\/\/www.uv.mx\/prensa\/files\/2024\/10\/301024-CARLOS-Jornadas-funerarias-CECC-3.jpg 722w, https:\/\/www.uv.mx\/prensa\/files\/2024\/10\/301024-CARLOS-Jornadas-funerarias-CECC-3-300x200.jpg 300w\" sizes=\"(max-width: 722px) 100vw, 722px\" \/><p id=\"caption-attachment-148663\" class=\"wp-caption-text\">Francisco de Parres G\u00f3mez, docente del Instituto de Investigaciones en Educaci\u00f3n<\/p><\/div>\n<p><span data-contrast=\"auto\">\u00a0<\/span><span data-ccp-props=\"{&quot;335559731&quot;:708}\">\u00a0<\/span><\/p>\n<p><span data-contrast=\"auto\">Enfatiz\u00f3 que los actos de memoria promovidos desde el activismo y la pr\u00e1ctica art\u00edstica, si bien persiguen la procuraci\u00f3n de justicia, no dejan de constituir rituales para la transformaci\u00f3n de fuerzas emocionales dolorosas.<\/span><\/p>\n<p><span data-contrast=\"auto\">En su intervenci\u00f3n, Ed\u00e9n Bastida Kullick, investigador del Instituto de Artes Pl\u00e1sticas, comparti\u00f3 algunas semejanzas entre los colectivos de b\u00fasqueda nacionales y los de Buenos Aires, Argentina, ciudad con experiencia en el tema, debido a las dictaduras militares que sufri\u00f3 el pa\u00eds sudamericano.<\/span><\/p>\n<p>&nbsp;<\/p>\n<div id=\"attachment_148662\" style=\"width: 732px\" class=\"wp-caption aligncenter\"><img aria-describedby=\"caption-attachment-148662\" decoding=\"async\" loading=\"lazy\" class=\"size-full wp-image-148662\" src=\"https:\/\/www.uv.mx\/prensa\/files\/2024\/10\/301024-CARLOS-Jornadas-funerarias-CECC-4.jpg\" alt=\"\" width=\"722\" height=\"481\" srcset=\"https:\/\/www.uv.mx\/prensa\/files\/2024\/10\/301024-CARLOS-Jornadas-funerarias-CECC-4.jpg 722w, https:\/\/www.uv.mx\/prensa\/files\/2024\/10\/301024-CARLOS-Jornadas-funerarias-CECC-4-300x200.jpg 300w\" sizes=\"(max-width: 722px) 100vw, 722px\" \/><p id=\"caption-attachment-148662\" class=\"wp-caption-text\">Ed\u00e9n Bastida Kullick, investigador adscrito al Instituto de Artes Pl\u00e1sticas<\/p><\/div>\n<p>&nbsp;<\/p>\n<p><span data-contrast=\"auto\">Un ejemplo de ello son las Madres de Plaza de Mayo, asociaci\u00f3n formada en 1977 durante el mandato de Rafael Videla, que tiene por finalidad la recuperaci\u00f3n con vida de personas detenidas y desaparecidas, adem\u00e1s de establecer qui\u00e9nes fueron los responsables de cr\u00edmenes de lesa humanidad a fin de promover su enjuiciamiento.<\/span><span data-ccp-props=\"{&quot;335559731&quot;:708}\">\u00a0<\/span><\/p>\n<p><span data-contrast=\"auto\">El investigador mencion\u00f3 que, al comparar la situaci\u00f3n argentina con la mexicana, es posible descubrir que existen gestos solidarios permanentes en cualquier tipo de lucha, tanto en el \u00e1mbito de desapariciones como en cuestiones coyunturalmente pol\u00edticas m\u00e1s amplias.<\/span><span data-ccp-props=\"{&quot;335559731&quot;:708}\">\u00a0<\/span><\/p>\n<p><span data-contrast=\"auto\">\u201cLos movimientos sociales de ambos pa\u00edses pueden aprender mutuamente de la forma en que han afrontado sus respectivas situaciones, en temas de difusi\u00f3n, militancias puras y art\u00edsticas, estrategias, e incluso exigencias legales\u201d, puntualiz\u00f3.<\/span><span data-ccp-props=\"{&quot;335559731&quot;:708}\">\u00a0<\/span><\/p>\n","protected":false},"excerpt":{"rendered":"<p>En el primer d\u00eda de actividades de las Jornadas Funerarias 2024 del Centro de Estudios de la Cultura y la Comunicaci\u00f3n\u00a0\u00a0<\/p>\n","protected":false},"author":2349,"featured_media":148659,"comment_status":"closed","ping_status":"closed","sticky":false,"template":"","format":"standard","meta":[],"categories":[11,15424,61],"tags":[19589,1631,4161,19592,19593,213,12539,19590,14828,19586,19591,1121,848,19588,19594,19587,6462,13114,11041],"_links":{"self":[{"href":"https:\/\/www.uv.mx\/prensa\/wp-json\/wp\/v2\/posts\/148697"}],"collection":[{"href":"https:\/\/www.uv.mx\/prensa\/wp-json\/wp\/v2\/posts"}],"about":[{"href":"https:\/\/www.uv.mx\/prensa\/wp-json\/wp\/v2\/types\/post"}],"author":[{"embeddable":true,"href":"https:\/\/www.uv.mx\/prensa\/wp-json\/wp\/v2\/users\/2349"}],"replies":[{"embeddable":true,"href":"https:\/\/www.uv.mx\/prensa\/wp-json\/wp\/v2\/comments?post=148697"}],"version-history":[{"count":1,"href":"https:\/\/www.uv.mx\/prensa\/wp-json\/wp\/v2\/posts\/148697\/revisions"}],"predecessor-version":[{"id":148698,"href":"https:\/\/www.uv.mx\/prensa\/wp-json\/wp\/v2\/posts\/148697\/revisions\/148698"}],"wp:featuredmedia":[{"embeddable":true,"href":"https:\/\/www.uv.mx\/prensa\/wp-json\/wp\/v2\/media\/148659"}],"wp:attachment":[{"href":"https:\/\/www.uv.mx\/prensa\/wp-json\/wp\/v2\/media?parent=148697"}],"wp:term":[{"taxonomy":"category","embeddable":true,"href":"https:\/\/www.uv.mx\/prensa\/wp-json\/wp\/v2\/categories?post=148697"},{"taxonomy":"post_tag","embeddable":true,"href":"https:\/\/www.uv.mx\/prensa\/wp-json\/wp\/v2\/tags?post=148697"}],"curies":[{"name":"wp","href":"https:\/\/api.w.org\/{rel}","templated":true}]}}