{"id":148646,"date":"2024-10-30T11:20:46","date_gmt":"2024-10-30T17:20:46","guid":{"rendered":"https:\/\/www.uv.mx\/prensa\/?p=148646"},"modified":"2024-10-30T11:20:46","modified_gmt":"2024-10-30T17:20:46","slug":"historia-de-la-medicina-analiza-la-salud-en-el-puerto-de-veracruz","status":"publish","type":"post","link":"https:\/\/www.uv.mx\/prensa\/cultura\/historia-de-la-medicina-analiza-la-salud-en-el-puerto-de-veracruz\/","title":{"rendered":"Historia de la medicina analiza la salud en el puerto de Veracruz"},"content":{"rendered":"<ul>\n<li data-leveltext=\"\uf0b7\" data-font=\"Symbol\" data-listid=\"1\" data-list-defn-props=\"{&quot;335551671&quot;:28,&quot;335552541&quot;:1,&quot;335559685&quot;:720,&quot;335559991&quot;:360,&quot;469769226&quot;:&quot;Symbol&quot;,&quot;469769242&quot;:[8226],&quot;469777803&quot;:&quot;left&quot;,&quot;469777804&quot;:&quot;\uf0b7&quot;,&quot;469777815&quot;:&quot;hybridMultilevel&quot;}\" data-aria-posinset=\"28\" data-aria-level=\"1\"><i><span data-contrast=\"auto\">El compilador, Federico Roesch Dietlen, present\u00f3 el volumen publicado por Editorial UV<\/span><\/i><span data-ccp-props=\"{&quot;201341983&quot;:0,&quot;335559739&quot;:0,&quot;335559740&quot;:240}\">\u00a0<\/span><\/li>\n<\/ul>\n<ul>\n<li data-leveltext=\"\uf0b7\" data-font=\"Symbol\" data-listid=\"1\" data-list-defn-props=\"{&quot;335551671&quot;:28,&quot;335552541&quot;:1,&quot;335559685&quot;:720,&quot;335559991&quot;:360,&quot;469769226&quot;:&quot;Symbol&quot;,&quot;469769242&quot;:[8226],&quot;469777803&quot;:&quot;left&quot;,&quot;469777804&quot;:&quot;\uf0b7&quot;,&quot;469777815&quot;:&quot;hybridMultilevel&quot;}\" data-aria-posinset=\"29\" data-aria-level=\"1\"><i><span data-contrast=\"auto\">Datos y detalles en torno de epidemias, condiciones sanitarias y hospitales desaparecidos<\/span><\/i><span data-ccp-props=\"{&quot;201341983&quot;:0,&quot;335559739&quot;:0,&quot;335559740&quot;:240}\">\u00a0<\/span><\/li>\n<\/ul>\n<p><span data-ccp-props=\"{&quot;201341983&quot;:0,&quot;335559739&quot;:0,&quot;335559740&quot;:240}\">\u00a0<\/span><\/p>\n<div id=\"attachment_148551\" style=\"width: 732px\" class=\"wp-caption aligncenter\"><img loading=\"lazy\" decoding=\"async\" aria-describedby=\"caption-attachment-148551\" class=\"size-full wp-image-148551\" src=\"https:\/\/www.uv.mx\/prensa\/files\/2024\/10\/28-10-2024-PACHECO-Historia-medicina-Foto-1.-100k.jpg\" alt=\"\" width=\"722\" height=\"482\" srcset=\"https:\/\/www.uv.mx\/prensa\/files\/2024\/10\/28-10-2024-PACHECO-Historia-medicina-Foto-1.-100k.jpg 722w, https:\/\/www.uv.mx\/prensa\/files\/2024\/10\/28-10-2024-PACHECO-Historia-medicina-Foto-1.-100k-300x200.jpg 300w\" sizes=\"auto, (max-width: 722px) 100vw, 722px\" \/><p id=\"caption-attachment-148551\" class=\"wp-caption-text\">Federico Roesch Dietlen, primero a la derecha, con Alicia Imelda Lagunes y Julio C\u00e9sar Vi\u00f1as<\/p><\/div>\n<p><span data-ccp-props=\"{&quot;201341983&quot;:0,&quot;335559739&quot;:0,&quot;335559740&quot;:240}\">\u00a0<\/span><\/p>\n<p><b><i><span data-contrast=\"auto\">Jorge V\u00e1zquez Pacheco<\/span><\/i><\/b><span data-ccp-props=\"{&quot;201341983&quot;:0,&quot;335559739&quot;:0,&quot;335559740&quot;:240}\">\u00a0<\/span><\/p>\n<p><b><i><span data-contrast=\"auto\">Fotos: Luis Fernando Fern\u00e1ndez Carrillo<\/span><\/i><\/b><\/p>\n<p><b><i><span data-contrast=\"auto\">30\/10\/2024, Xalapa, Ver.- <\/span><\/i><\/b><span data-contrast=\"auto\">El libro <\/span><i><span data-contrast=\"auto\">La historia de la medicina en Veracruz<\/span><\/i><span data-contrast=\"auto\"> representa un reconocimiento y agradecimiento a las instituciones y los m\u00e9dicos que con su diario quehacer han beneficiado a habitantes del puerto de Veracruz, expres\u00f3 Federico Roesch Dietlen, compilador del volumen publicado por la Editorial de la Universidad Veracruzana (UV).<\/span><span data-ccp-props=\"{&quot;201341983&quot;:0,&quot;335559739&quot;:0,&quot;335559740&quot;:240}\">\u00a0<\/span><\/p>\n<p><span data-contrast=\"auto\">Alicia Imelda Lagunes y Julio C\u00e9sar Vi\u00f1as, acad\u00e9micos de la Facultad de Medicina regi\u00f3n Veracruz, hablaron de las aportaciones como investigador y docente de Roesch Dietlen, <\/span><span data-contrast=\"none\">nacido en 1940 en la ciudad de Xalapa e hijo de inmigrantes alemanes.<\/span><span data-ccp-props=\"{&quot;201341983&quot;:0,&quot;335559731&quot;:708,&quot;335559739&quot;:0,&quot;335559740&quot;:240}\">\u00a0<\/span><\/p>\n<p><span data-contrast=\"auto\">Vi\u00f1as destac\u00f3 su labor como cirujano y docente en la Facultad de Medicina desde 1968 y su autor\u00eda de 15 libros, as\u00ed como centenares de art\u00edculos especializados.<\/span><\/p>\n<p>&nbsp;<\/p>\n<div id=\"attachment_148552\" style=\"width: 732px\" class=\"wp-caption aligncenter\"><img loading=\"lazy\" decoding=\"async\" aria-describedby=\"caption-attachment-148552\" class=\"size-full wp-image-148552\" src=\"https:\/\/www.uv.mx\/prensa\/files\/2024\/10\/28-10-2024-PACHECO-Historia-medicina-Foto-2.-100k.jpg\" alt=\"\" width=\"722\" height=\"482\" srcset=\"https:\/\/www.uv.mx\/prensa\/files\/2024\/10\/28-10-2024-PACHECO-Historia-medicina-Foto-2.-100k.jpg 722w, https:\/\/www.uv.mx\/prensa\/files\/2024\/10\/28-10-2024-PACHECO-Historia-medicina-Foto-2.-100k-300x200.jpg 300w\" sizes=\"auto, (max-width: 722px) 100vw, 722px\" \/><p id=\"caption-attachment-148552\" class=\"wp-caption-text\">Los antecedentes en la regulaci\u00f3n del ejercicio m\u00e9dico a trav\u00e9s del Tribunal del Protomedicato<\/p><\/div>\n<p><span data-ccp-props=\"{&quot;201341983&quot;:0,&quot;335559739&quot;:0,&quot;335559740&quot;:240}\">\u00a0<\/span><\/p>\n<p><span data-contrast=\"auto\">Los or\u00edgenes de la obra presentada parten de 1996 y de su revisi\u00f3n en 2015 surgieron dos libros: <\/span><i><span data-contrast=\"auto\">La historia de la medicina en Veracruz<\/span><\/i><span data-contrast=\"auto\"> y <\/span><i><span data-contrast=\"auto\">Biograf\u00edas de m\u00e9dicos veracruzanos distinguidos<\/span><\/i><span data-contrast=\"auto\">.<\/span><span data-ccp-props=\"{&quot;201341983&quot;:0,&quot;335559739&quot;:0,&quot;335559740&quot;:240}\">\u00a0<\/span><\/p>\n<p><i><span data-contrast=\"auto\">La historia de la medicina en Veracruz<\/span><\/i><span data-contrast=\"auto\"> contiene la colaboraci\u00f3n de 80 m\u00e9dicos, 16 de ellos fallecidos durante la pandemia. A lo largo de los 11 cap\u00edtulos da amplio seguimiento a la medicina prehisp\u00e1nica, los antecedentes de regulaci\u00f3n del ejercicio m\u00e9dico y la desastrosa sanidad en el puerto durante sus primeros 200 a\u00f1os, lo que le identific\u00f3 como \u201ccementerio de los espa\u00f1oles\u201d.<\/span><\/p>\n<p>&nbsp;<\/p>\n<div id=\"attachment_148553\" style=\"width: 732px\" class=\"wp-caption aligncenter\"><img loading=\"lazy\" decoding=\"async\" aria-describedby=\"caption-attachment-148553\" class=\"size-full wp-image-148553\" src=\"https:\/\/www.uv.mx\/prensa\/files\/2024\/10\/28-10-2024-PACHECO-Historia-medicina-Foto-3.-100k.jpg\" alt=\"\" width=\"722\" height=\"482\" srcset=\"https:\/\/www.uv.mx\/prensa\/files\/2024\/10\/28-10-2024-PACHECO-Historia-medicina-Foto-3.-100k.jpg 722w, https:\/\/www.uv.mx\/prensa\/files\/2024\/10\/28-10-2024-PACHECO-Historia-medicina-Foto-3.-100k-300x200.jpg 300w\" sizes=\"auto, (max-width: 722px) 100vw, 722px\" \/><p id=\"caption-attachment-148553\" class=\"wp-caption-text\">Datos espec\u00edficos sobre el portador de la viruela, enfermedad que result\u00f3 gran aliada de los conquistadores<\/p><\/div>\n<p><span data-ccp-props=\"{&quot;201341983&quot;:0,&quot;335559731&quot;:708,&quot;335559739&quot;:0,&quot;335559740&quot;:240}\">\u00a0<\/span><\/p>\n<p><span data-contrast=\"auto\">Menci\u00f3n importante merecieron las grandes epidemias, con la minuciosidad de presentar incluso el nombre de quien trajo a Am\u00e9rica la viruela (el esclavo Francisco de Egu\u00eda), la aparici\u00f3n de la fiebre amarilla en 1725, la peste bub\u00f3nica \u2013tra\u00edda desde Nueva Orle\u00e1ns por un nav\u00edo cargado de ratas portadoras\u2013, as\u00ed como el paludismo, mal que pese a las medidas adoptadas result\u00f3 la primera causa de mortandad durante la d\u00e9cada de 1940. En el libro se indica que posiblemente la tuberculosis exist\u00eda desde la \u00e9poca precolombina, aunque la informaci\u00f3n es muy escasa entre los siglos XVII y XVIII.<\/span><span data-ccp-props=\"{&quot;201341983&quot;:0,&quot;335559731&quot;:708,&quot;335559739&quot;:0,&quot;335559740&quot;:240}\">\u00a0<\/span><\/p>\n<p><span data-contrast=\"auto\">Respecto a los hospitales, habl\u00f3 del \u201cFray Juan de Zum\u00e1rraga\u201d, que brind\u00f3 servicio de 1524 a 1599; el de \u201cSan Juan de Ul\u00faa\u201d, de 1524 a 1614; y el \u201cBenito Coquet\u201d, de 1995 a 2006.<\/span><span data-ccp-props=\"{&quot;201341983&quot;:0,&quot;335559739&quot;:0,&quot;335559740&quot;:240}\">\u00a0<\/span><\/p>\n<p><span data-contrast=\"auto\">Tambi\u00e9n mencion\u00f3 el Sistema M\u00e9dico Familiar, los hospitales de Ferrocarrileros, el ISSSTE, el Naval, de Pemex y la Cruz Roja, hasta desembocar en la Facultad de Medicina, fundada en 1952, el Instituto de Investigaciones M\u00e9dico-Biol\u00f3gicas y la Sociedad M\u00e9dica Veracruzana.<\/span><\/p>\n<p>&nbsp;<\/p>\n<div id=\"attachment_148554\" style=\"width: 732px\" class=\"wp-caption aligncenter\"><img loading=\"lazy\" decoding=\"async\" aria-describedby=\"caption-attachment-148554\" class=\"size-full wp-image-148554\" src=\"https:\/\/www.uv.mx\/prensa\/files\/2024\/10\/28-10-2024-PACHECO-Historia-medicina-Foto-4.-100k.jpg\" alt=\"\" width=\"722\" height=\"482\" srcset=\"https:\/\/www.uv.mx\/prensa\/files\/2024\/10\/28-10-2024-PACHECO-Historia-medicina-Foto-4.-100k.jpg 722w, https:\/\/www.uv.mx\/prensa\/files\/2024\/10\/28-10-2024-PACHECO-Historia-medicina-Foto-4.-100k-300x200.jpg 300w\" sizes=\"auto, (max-width: 722px) 100vw, 722px\" \/><p id=\"caption-attachment-148554\" class=\"wp-caption-text\">Seguimiento al registro hist\u00f3rico de la Facultad de Medicina UV<\/p><\/div>\n","protected":false},"excerpt":{"rendered":"<p>Producto del esfuerzo compilador de Federico Roesch Dietlen, el volumen contiene la aportaci\u00f3n de 80 m\u00e9dicos<\/p>\n","protected":false},"author":1869,"featured_media":148555,"comment_status":"closed","ping_status":"closed","sticky":false,"template":"","format":"standard","meta":{"footnotes":""},"categories":[11,47,32,55],"tags":[16151,2061,156,872,2093,4158,586,6249,9393,14441],"class_list":["post-148646","post","type-post","status-publish","format-standard","has-post-thumbnail","hentry","category-cultura","category-eventos","category-regiones","category-veracruz","tag-biografias","tag-colaboracion","tag-editorial-uv","tag-facultad-de-medicina","tag-historia","tag-jorge-vazquez-pacheco","tag-libro","tag-luis-fernando-fernandez-carrillo","tag-presentacion","tag-puerto-de-veracruz"],"_links":{"self":[{"href":"https:\/\/www.uv.mx\/prensa\/wp-json\/wp\/v2\/posts\/148646","targetHints":{"allow":["GET"]}}],"collection":[{"href":"https:\/\/www.uv.mx\/prensa\/wp-json\/wp\/v2\/posts"}],"about":[{"href":"https:\/\/www.uv.mx\/prensa\/wp-json\/wp\/v2\/types\/post"}],"author":[{"embeddable":true,"href":"https:\/\/www.uv.mx\/prensa\/wp-json\/wp\/v2\/users\/1869"}],"replies":[{"embeddable":true,"href":"https:\/\/www.uv.mx\/prensa\/wp-json\/wp\/v2\/comments?post=148646"}],"version-history":[{"count":1,"href":"https:\/\/www.uv.mx\/prensa\/wp-json\/wp\/v2\/posts\/148646\/revisions"}],"predecessor-version":[{"id":148652,"href":"https:\/\/www.uv.mx\/prensa\/wp-json\/wp\/v2\/posts\/148646\/revisions\/148652"}],"wp:featuredmedia":[{"embeddable":true,"href":"https:\/\/www.uv.mx\/prensa\/wp-json\/wp\/v2\/media\/148555"}],"wp:attachment":[{"href":"https:\/\/www.uv.mx\/prensa\/wp-json\/wp\/v2\/media?parent=148646"}],"wp:term":[{"taxonomy":"category","embeddable":true,"href":"https:\/\/www.uv.mx\/prensa\/wp-json\/wp\/v2\/categories?post=148646"},{"taxonomy":"post_tag","embeddable":true,"href":"https:\/\/www.uv.mx\/prensa\/wp-json\/wp\/v2\/tags?post=148646"}],"curies":[{"name":"wp","href":"https:\/\/api.w.org\/{rel}","templated":true}]}}