{"id":148485,"date":"2024-10-25T15:04:42","date_gmt":"2024-10-25T20:04:42","guid":{"rendered":"https:\/\/www.uv.mx\/prensa\/?p=148485"},"modified":"2024-10-25T15:05:24","modified_gmt":"2024-10-25T20:05:24","slug":"uv-sede-del-iii-encuentro-de-la-red-nacional-para-la-paz-de-la-anuies","status":"publish","type":"post","link":"https:\/\/www.uv.mx\/prensa\/banner\/uv-sede-del-iii-encuentro-de-la-red-nacional-para-la-paz-de-la-anuies\/","title":{"rendered":"UV, sede del III Encuentro de la Red Nacional para la Paz de la ANUIES"},"content":{"rendered":"<ul>\n<li data-leveltext=\"\uf0b7\" data-font=\"Symbol\" data-listid=\"3\" data-list-defn-props=\"{&quot;335552541&quot;:1,&quot;335559685&quot;:720,&quot;335559991&quot;:360,&quot;469769226&quot;:&quot;Symbol&quot;,&quot;469769242&quot;:[8226],&quot;469777803&quot;:&quot;left&quot;,&quot;469777804&quot;:&quot;\uf0b7&quot;,&quot;469777815&quot;:&quot;hybridMultilevel&quot;}\" data-aria-posinset=\"1\" data-aria-level=\"1\"><i><span data-contrast=\"auto\">La Facultad de Filosof\u00eda recibe a acad\u00e9micos de varias universidades, bajo la tem\u00e1tica \u201cPensar interdisciplinariamente la paz\u201d<\/span><\/i><span data-ccp-props=\"{&quot;134233117&quot;:false,&quot;134233118&quot;:false,&quot;201341983&quot;:0,&quot;335559738&quot;:0,&quot;335559739&quot;:0,&quot;335559740&quot;:240}\">\u00a0<\/span><\/li>\n<\/ul>\n<ul>\n<li data-leveltext=\"\uf0b7\" data-font=\"Symbol\" data-listid=\"3\" data-list-defn-props=\"{&quot;335552541&quot;:1,&quot;335559685&quot;:720,&quot;335559991&quot;:360,&quot;469769226&quot;:&quot;Symbol&quot;,&quot;469769242&quot;:[8226],&quot;469777803&quot;:&quot;left&quot;,&quot;469777804&quot;:&quot;\uf0b7&quot;,&quot;469777815&quot;:&quot;hybridMultilevel&quot;}\" data-aria-posinset=\"2\" data-aria-level=\"1\"><i><span data-contrast=\"auto\">Participantes reconocen el aporte de la m\u00e1xima casa de estudios en la organizaci\u00f3n y con pensamiento cr\u00edtico<\/span><\/i><span data-ccp-props=\"{&quot;134233117&quot;:false,&quot;134233118&quot;:false,&quot;201341983&quot;:0,&quot;335559738&quot;:0,&quot;335559739&quot;:0,&quot;335559740&quot;:240}\">\u00a0<\/span><\/li>\n<\/ul>\n<p><span data-ccp-props=\"{&quot;134233117&quot;:false,&quot;134233118&quot;:false,&quot;201341983&quot;:0,&quot;335559738&quot;:0,&quot;335559739&quot;:0,&quot;335559740&quot;:240}\">\u00a0<\/span><\/p>\n<div id=\"attachment_148469\" style=\"width: 732px\" class=\"wp-caption aligncenter\"><img aria-describedby=\"caption-attachment-148469\" decoding=\"async\" loading=\"lazy\" class=\"size-full wp-image-148469\" src=\"https:\/\/www.uv.mx\/prensa\/files\/2024\/10\/251024-DAVID-III-Encuentro-de-la-Red-Nacional-para-la-Paz-de-la-ANUIES-1.jpg\" alt=\"\" width=\"722\" height=\"437\" srcset=\"https:\/\/www.uv.mx\/prensa\/files\/2024\/10\/251024-DAVID-III-Encuentro-de-la-Red-Nacional-para-la-Paz-de-la-ANUIES-1.jpg 722w, https:\/\/www.uv.mx\/prensa\/files\/2024\/10\/251024-DAVID-III-Encuentro-de-la-Red-Nacional-para-la-Paz-de-la-ANUIES-1-300x182.jpg 300w\" sizes=\"(max-width: 722px) 100vw, 722px\" \/><p id=\"caption-attachment-148469\" class=\"wp-caption-text\">La Facultad de Filosof\u00eda es sede del III Encuentro de la Red Nacional para la Paz de la ANUIES<\/p><\/div>\n<p><span data-ccp-props=\"{&quot;134233117&quot;:false,&quot;134233118&quot;:false,&quot;201341983&quot;:0,&quot;335559738&quot;:0,&quot;335559739&quot;:0,&quot;335559740&quot;:240}\">\u00a0<\/span><\/p>\n<p><b><i><span data-contrast=\"auto\">David Sandoval Rodr\u00edguez<\/span><\/i><\/b><span data-ccp-props=\"{&quot;134233117&quot;:false,&quot;134233118&quot;:false,&quot;201341983&quot;:0,&quot;335559738&quot;:0,&quot;335559739&quot;:0,&quot;335559740&quot;:240}\">\u00a0<\/span><\/p>\n<p><b><i><span data-contrast=\"auto\">Fotos: Luis Fernando Fern\u00e1ndez<\/span><\/i><\/b><span data-ccp-props=\"{&quot;134233117&quot;:false,&quot;134233118&quot;:false,&quot;201341983&quot;:0,&quot;335559738&quot;:0,&quot;335559739&quot;:0,&quot;335559740&quot;:240}\">\u00a0<\/span><\/p>\n<p><b><i><span data-contrast=\"auto\">25\/10\/2024, Xalapa, Ver.-<\/span><\/i><\/b><span data-contrast=\"auto\"> La Universidad Veracruzana (UV) fortalece sus esfuerzos para una cultura de paz a nivel institucional y con las universidades nacionales al ser sede del III Encuentro de la Red Nacional para la Paz de la ANUIES \u201cPensar interdisciplinariamente la paz\u201d, que del 24 al 27 de octubre se lleva a cabo en la Unidad de Humanidades.<\/span><span data-ccp-props=\"{&quot;134233117&quot;:false,&quot;134233118&quot;:false,&quot;201341983&quot;:0,&quot;335559738&quot;:0,&quot;335559739&quot;:0,&quot;335559740&quot;:240}\">\u00a0<\/span><\/p>\n<p><span data-contrast=\"auto\">Esta es la segunda ocasi\u00f3n que la m\u00e1xima casa de estudios de Veracruz, a trav\u00e9s de la Facultad de Filosof\u00eda, recibe a acad\u00e9micos, investigadores y alumnos que participar\u00e1n en talleres, conferencias, seminarios, presentaciones de libros y eventos art\u00edsticos.<\/span><span data-ccp-props=\"{&quot;134233117&quot;:false,&quot;134233118&quot;:false,&quot;201341983&quot;:0,&quot;335559738&quot;:0,&quot;335559739&quot;:0,&quot;335559740&quot;:240}\">\u00a0<\/span><\/p>\n<p><span data-contrast=\"auto\">Luis Antonio Romero Garc\u00eda, director de la Facultad, dio la bienvenida a participantes, asistentes e invitados especiales, reiterando el apoyo institucional para facilitar el encuentro.<\/span><\/p>\n<p>&nbsp;<\/p>\n<div id=\"attachment_148470\" style=\"width: 732px\" class=\"wp-caption aligncenter\"><img aria-describedby=\"caption-attachment-148470\" decoding=\"async\" loading=\"lazy\" class=\"size-full wp-image-148470\" src=\"https:\/\/www.uv.mx\/prensa\/files\/2024\/10\/251024-DAVID-III-Encuentro-de-la-Red-Nacional-para-la-Paz-de-la-ANUIES-2.jpg\" alt=\"\" width=\"722\" height=\"480\" srcset=\"https:\/\/www.uv.mx\/prensa\/files\/2024\/10\/251024-DAVID-III-Encuentro-de-la-Red-Nacional-para-la-Paz-de-la-ANUIES-2.jpg 722w, https:\/\/www.uv.mx\/prensa\/files\/2024\/10\/251024-DAVID-III-Encuentro-de-la-Red-Nacional-para-la-Paz-de-la-ANUIES-2-300x199.jpg 300w\" sizes=\"(max-width: 722px) 100vw, 722px\" \/><p id=\"caption-attachment-148470\" class=\"wp-caption-text\">Abel Terrazas, coordinador de Planes y Programas de Estudios del \u00c1rea Acad\u00e9mica de Humanidades, inaugur\u00f3 el encuentro<\/p><\/div>\n<p>&nbsp;<\/p>\n<p><span data-contrast=\"auto\">\u201cLa cultura de paz es uno de los ejes del Programa de Trabajo actual, pero no s\u00f3lo eso, considero que la paz es vital para muchas cosas, es un derecho humano y condici\u00f3n de posibilidad de otros derechos; si no hay paz, no hay educaci\u00f3n, por ejemplo.\u201d<\/span><span data-ccp-props=\"{&quot;134233117&quot;:false,&quot;134233118&quot;:false,&quot;201341983&quot;:0,&quot;335559731&quot;:705,&quot;335559738&quot;:0,&quot;335559739&quot;:0,&quot;335559740&quot;:240}\">\u00a0<\/span><\/p>\n<p><span data-contrast=\"auto\">Resalt\u00f3 tambi\u00e9n el elemento interdisciplinar del evento, al hacer necesario el abordaje desde una variedad de disciplinas acad\u00e9micas, ya que esto favorece para una mejor comprensi\u00f3n de la cultura de paz.<\/span><span data-ccp-props=\"{&quot;134233117&quot;:false,&quot;134233118&quot;:false,&quot;201341983&quot;:0,&quot;335559731&quot;:705,&quot;335559738&quot;:0,&quot;335559739&quot;:0,&quot;335559740&quot;:240}\">\u00a0<\/span><\/p>\n<p><span data-contrast=\"auto\">Abel Rogelio Terrazas, coordinador de Planes y Programas de Estudios de la Direcci\u00f3n General de \u00c1rea Acad\u00e9mica de Humanidades, comparti\u00f3 el reconocimiento de parte de su titular, Yolanda Gonz\u00e1lez Molohua, a la entidad acad\u00e9mica por ser la sede y l\u00edder de la red interinstitucional en la materia.<\/span><span data-ccp-props=\"{&quot;134233117&quot;:false,&quot;134233118&quot;:false,&quot;201341983&quot;:0,&quot;335559731&quot;:705,&quot;335559738&quot;:0,&quot;335559739&quot;:0,&quot;335559740&quot;:240}\">\u00a0<\/span><\/p>\n<p><span data-contrast=\"auto\">\u201cHay que pensar metodol\u00f3gicamente la paz\u201d, observ\u00f3 el funcionario al hacer referencia a los temas y el tratamiento que se le dar\u00e1 en el encuentro; \u201chay que ver c\u00f3mo nos ciudadanizamos cada vez m\u00e1s para actuar de manera congruente\u201d, concluy\u00f3.<\/span><\/p>\n<p>&nbsp;<\/p>\n<div id=\"attachment_148471\" style=\"width: 732px\" class=\"wp-caption aligncenter\"><img aria-describedby=\"caption-attachment-148471\" decoding=\"async\" loading=\"lazy\" class=\"size-full wp-image-148471\" src=\"https:\/\/www.uv.mx\/prensa\/files\/2024\/10\/251024-DAVID-III-Encuentro-de-la-Red-Nacional-para-la-Paz-de-la-ANUIES-3.jpg\" alt=\"\" width=\"722\" height=\"492\" srcset=\"https:\/\/www.uv.mx\/prensa\/files\/2024\/10\/251024-DAVID-III-Encuentro-de-la-Red-Nacional-para-la-Paz-de-la-ANUIES-3.jpg 722w, https:\/\/www.uv.mx\/prensa\/files\/2024\/10\/251024-DAVID-III-Encuentro-de-la-Red-Nacional-para-la-Paz-de-la-ANUIES-3-300x204.jpg 300w\" sizes=\"(max-width: 722px) 100vw, 722px\" \/><p id=\"caption-attachment-148471\" class=\"wp-caption-text\">Hortensia Sierra, directora de Misi\u00f3n Micelio, agradeci\u00f3 la hospitalidad y el aporte del pensamiento cr\u00edtico a la red por parte de la UV<\/p><\/div>\n<p><span data-ccp-props=\"{&quot;134233117&quot;:false,&quot;134233118&quot;:false,&quot;201341983&quot;:0,&quot;335559731&quot;:705,&quot;335559738&quot;:0,&quot;335559739&quot;:0,&quot;335559740&quot;:240}\">\u00a0<\/span><\/p>\n<p><span data-contrast=\"auto\">Ra\u00fal Homero L\u00f3pez Espinosa, acad\u00e9mico de Filosof\u00eda y coordinador de la reuni\u00f3n, se\u00f1al\u00f3 la presencia de acad\u00e9micos y expertos de otras universidades, quienes compartir\u00e1n sus conocimientos en una serie de conferencias.<\/span><span data-ccp-props=\"{&quot;134233117&quot;:false,&quot;134233118&quot;:false,&quot;201341983&quot;:0,&quot;335559731&quot;:705,&quot;335559738&quot;:0,&quot;335559739&quot;:0,&quot;335559740&quot;:240}\">\u00a0<\/span><\/p>\n<p><span data-contrast=\"auto\">Record\u00f3 que el objetivo de este encuentro es generar una visi\u00f3n cr\u00edtica y prospectiva por medio de un di\u00e1logo interdisciplinario para la comprensi\u00f3n del papel de las universidades en la construcci\u00f3n de paz en M\u00e9xico.<\/span><span data-ccp-props=\"{&quot;134233117&quot;:false,&quot;134233118&quot;:false,&quot;201341983&quot;:0,&quot;335559731&quot;:705,&quot;335559738&quot;:0,&quot;335559739&quot;:0,&quot;335559740&quot;:240}\">\u00a0<\/span><\/p>\n<p><span data-contrast=\"auto\">Agradeci\u00f3 el apoyo de la Secretar\u00eda Acad\u00e9mica, de la Direcci\u00f3n General del \u00c1rea Acad\u00e9mica de Humanidades y la Direcci\u00f3n General de Desarrollo Acad\u00e9mico e Innovaci\u00f3n Educativa.<\/span><span data-ccp-props=\"{&quot;134233117&quot;:false,&quot;134233118&quot;:false,&quot;201341983&quot;:0,&quot;335559731&quot;:705,&quot;335559738&quot;:0,&quot;335559739&quot;:0,&quot;335559740&quot;:240}\">\u00a0<\/span><\/p>\n<p><span data-contrast=\"auto\">Hortensia Sierra Hern\u00e1ndez, directora de Misi\u00f3n Micelio, una de las organizadoras y ponente, agradeci\u00f3 la recepci\u00f3n a los participantes e integrantes de la red, de la cual resalt\u00f3 su fortaleza, su intenci\u00f3n y su \u201cvoluntad de construir una paz m\u00e1s estructurada, dado que es muy importante dar el reconocimiento a lo que construye y a lo que tenemos\u201d.<\/span><\/p>\n<p>&nbsp;<\/p>\n<div id=\"attachment_148472\" style=\"width: 732px\" class=\"wp-caption aligncenter\"><img aria-describedby=\"caption-attachment-148472\" decoding=\"async\" loading=\"lazy\" class=\"size-full wp-image-148472\" src=\"https:\/\/www.uv.mx\/prensa\/files\/2024\/10\/251024-DAVID-III-Encuentro-de-la-Red-Nacional-para-la-Paz-de-la-ANUIES-4.jpg\" alt=\"\" width=\"722\" height=\"435\" srcset=\"https:\/\/www.uv.mx\/prensa\/files\/2024\/10\/251024-DAVID-III-Encuentro-de-la-Red-Nacional-para-la-Paz-de-la-ANUIES-4.jpg 722w, https:\/\/www.uv.mx\/prensa\/files\/2024\/10\/251024-DAVID-III-Encuentro-de-la-Red-Nacional-para-la-Paz-de-la-ANUIES-4-300x181.jpg 300w\" sizes=\"(max-width: 722px) 100vw, 722px\" \/><p id=\"caption-attachment-148472\" class=\"wp-caption-text\">El evento se desarrollar\u00e1 en la Unidad de Humanidades principalmente, hasta el 27 de octubre<\/p><\/div>\n<p><span data-ccp-props=\"{&quot;134233117&quot;:false,&quot;134233118&quot;:false,&quot;201341983&quot;:0,&quot;335559731&quot;:705,&quot;335559738&quot;:0,&quot;335559739&quot;:0,&quot;335559740&quot;:240}\">\u00a0<\/span><\/p>\n<p><span data-contrast=\"auto\">Destac\u00f3 el aporte de la UV, a trav\u00e9s de la Facultad de Filosof\u00eda, a nivel nacional para beneficio del colectivo: \u201cHan nutrido a la Red Nacional para la Paz de pensamiento cr\u00edtico porque es muy importante dialogar cr\u00edticamente, eso no lo podemos perder; la construcci\u00f3n de paz tiene que pasar por el cuerpo, la mente y la reflexi\u00f3n\u201d.<\/span><span data-ccp-props=\"{&quot;134233117&quot;:false,&quot;134233118&quot;:false,&quot;201341983&quot;:0,&quot;335559731&quot;:705,&quot;335559738&quot;:0,&quot;335559739&quot;:0,&quot;335559740&quot;:240}\">\u00a0<\/span><\/p>\n<p><span data-contrast=\"auto\">Luego de la inauguraci\u00f3n, la acad\u00e9mica, quien fue coordinadora del Programa de Cultura de Paz de la ANUIES, detall\u00f3 la importancia de que la UV dote de sentido cr\u00edtico a la red.<\/span><span data-ccp-props=\"{&quot;134233117&quot;:false,&quot;134233118&quot;:false,&quot;201341983&quot;:0,&quot;335559731&quot;:705,&quot;335559738&quot;:0,&quot;335559739&quot;:0,&quot;335559740&quot;:240}\">\u00a0<\/span><\/p>\n<p><span data-contrast=\"auto\">\u201cHemos salido de las aulas y empezamos a tener discusiones hil\u00e1ndolas con la vida cotidiana, con preguntas muy genuinas desde lo que cada quien vive; este tipo de reflexi\u00f3n y de permitirnos ir m\u00e1s profundamente nos ha tra\u00eddo diferentes elementos que van construyendo paz\u201d, coment\u00f3 respecto a los seminarios previos que ha efectuado la red bajo la coordinaci\u00f3n de Ra\u00fal Homero L\u00f3pez.<\/span><span data-ccp-props=\"{&quot;134233117&quot;:false,&quot;134233118&quot;:false,&quot;201341983&quot;:0,&quot;335559731&quot;:705,&quot;335559738&quot;:0,&quot;335559739&quot;:0,&quot;335559740&quot;:240}\">\u00a0<\/span><\/p>\n<p><span data-contrast=\"auto\">Esto les ha posibilitado crear espacios seguros para disentir, para tener ideas distintas, que permiten la creatividad, diversidad e inclusi\u00f3n en las interacciones y que construyen una red m\u00e1s s\u00f3lida.<\/span><\/p>\n","protected":false},"excerpt":{"rendered":"<p>Autoridades universitarias dieron la bienvenida a los asistentes al evento que se realizar\u00e1 hasta el 27 de octubre<\/p>\n","protected":false},"author":1869,"featured_media":148473,"comment_status":"closed","ping_status":"closed","sticky":false,"template":"","format":"standard","meta":[],"categories":[15424,61,5174],"tags":[12375,4159,19463,829,171,19462,6592,19464,13634,17020,2459,19465,4827],"_links":{"self":[{"href":"https:\/\/www.uv.mx\/prensa\/wp-json\/wp\/v2\/posts\/148485"}],"collection":[{"href":"https:\/\/www.uv.mx\/prensa\/wp-json\/wp\/v2\/posts"}],"about":[{"href":"https:\/\/www.uv.mx\/prensa\/wp-json\/wp\/v2\/types\/post"}],"author":[{"embeddable":true,"href":"https:\/\/www.uv.mx\/prensa\/wp-json\/wp\/v2\/users\/1869"}],"replies":[{"embeddable":true,"href":"https:\/\/www.uv.mx\/prensa\/wp-json\/wp\/v2\/comments?post=148485"}],"version-history":[{"count":1,"href":"https:\/\/www.uv.mx\/prensa\/wp-json\/wp\/v2\/posts\/148485\/revisions"}],"predecessor-version":[{"id":148491,"href":"https:\/\/www.uv.mx\/prensa\/wp-json\/wp\/v2\/posts\/148485\/revisions\/148491"}],"wp:featuredmedia":[{"embeddable":true,"href":"https:\/\/www.uv.mx\/prensa\/wp-json\/wp\/v2\/media\/148473"}],"wp:attachment":[{"href":"https:\/\/www.uv.mx\/prensa\/wp-json\/wp\/v2\/media?parent=148485"}],"wp:term":[{"taxonomy":"category","embeddable":true,"href":"https:\/\/www.uv.mx\/prensa\/wp-json\/wp\/v2\/categories?post=148485"},{"taxonomy":"post_tag","embeddable":true,"href":"https:\/\/www.uv.mx\/prensa\/wp-json\/wp\/v2\/tags?post=148485"}],"curies":[{"name":"wp","href":"https:\/\/api.w.org\/{rel}","templated":true}]}}