{"id":148324,"date":"2024-10-22T17:32:04","date_gmt":"2024-10-22T22:32:04","guid":{"rendered":"https:\/\/www.uv.mx\/prensa\/?p=148324"},"modified":"2024-10-22T17:32:04","modified_gmt":"2024-10-22T22:32:04","slug":"politicas-publicas-esenciales-ante-el-cambio-climatico-y-desastres","status":"publish","type":"post","link":"https:\/\/www.uv.mx\/prensa\/banner\/politicas-publicas-esenciales-ante-el-cambio-climatico-y-desastres\/","title":{"rendered":"Pol\u00edticas p\u00fablicas, esenciales ante el cambio clim\u00e1tico y desastres"},"content":{"rendered":"<ul>\n<li data-leveltext=\"\uf0b7\" data-font=\"Symbol\" data-listid=\"3\" data-list-defn-props=\"{&quot;335552541&quot;:1,&quot;335559685&quot;:720,&quot;335559991&quot;:360,&quot;469769226&quot;:&quot;Symbol&quot;,&quot;469769242&quot;:[8226],&quot;469777803&quot;:&quot;left&quot;,&quot;469777804&quot;:&quot;\uf0b7&quot;,&quot;469777815&quot;:&quot;hybridMultilevel&quot;}\" data-aria-posinset=\"1\" data-aria-level=\"1\"><i><span data-contrast=\"auto\">Shirley Merch\u00e1n, de la Fundaci\u00f3n Universitaria del \u00c1rea Andina de Colombia, imparti\u00f3 conferencia en la Universidad Veracruzana<\/span><\/i><span data-ccp-props=\"{&quot;134233117&quot;:false,&quot;134233118&quot;:false,&quot;201341983&quot;:0,&quot;335559738&quot;:0,&quot;335559739&quot;:0,&quot;335559740&quot;:240}\">\u00a0<\/span><\/li>\n<\/ul>\n<ul>\n<li data-leveltext=\"\uf0b7\" data-font=\"Symbol\" data-listid=\"3\" data-list-defn-props=\"{&quot;335552541&quot;:1,&quot;335559685&quot;:720,&quot;335559991&quot;:360,&quot;469769226&quot;:&quot;Symbol&quot;,&quot;469769242&quot;:[8226],&quot;469777803&quot;:&quot;left&quot;,&quot;469777804&quot;:&quot;\uf0b7&quot;,&quot;469777815&quot;:&quot;hybridMultilevel&quot;}\" data-aria-posinset=\"2\" data-aria-level=\"1\"><i><span data-contrast=\"auto\">Colabora con el Instituto de Salud P\u00fablica para desarrollar el concepto de ciudadan\u00eda saludable<\/span><\/i><span data-ccp-props=\"{&quot;134233117&quot;:false,&quot;134233118&quot;:false,&quot;201341983&quot;:0,&quot;335559738&quot;:0,&quot;335559739&quot;:0,&quot;335559740&quot;:240}\">\u00a0<\/span><\/li>\n<\/ul>\n<p><span data-ccp-props=\"{&quot;134233117&quot;:false,&quot;134233118&quot;:false,&quot;201341983&quot;:0,&quot;335559738&quot;:0,&quot;335559739&quot;:0,&quot;335559740&quot;:240}\">\u00a0<\/span><\/p>\n<div id=\"attachment_148305\" style=\"width: 732px\" class=\"wp-caption aligncenter\"><img aria-describedby=\"caption-attachment-148305\" decoding=\"async\" loading=\"lazy\" class=\"size-full wp-image-148305\" src=\"https:\/\/www.uv.mx\/prensa\/files\/2024\/10\/22102024-DAVID-Conf-academica-Areandina-ciudadanias-saludables-1-ok.jpg\" alt=\"\" width=\"722\" height=\"513\" srcset=\"https:\/\/www.uv.mx\/prensa\/files\/2024\/10\/22102024-DAVID-Conf-academica-Areandina-ciudadanias-saludables-1-ok.jpg 722w, https:\/\/www.uv.mx\/prensa\/files\/2024\/10\/22102024-DAVID-Conf-academica-Areandina-ciudadanias-saludables-1-ok-300x213.jpg 300w\" sizes=\"(max-width: 722px) 100vw, 722px\" \/><p id=\"caption-attachment-148305\" class=\"wp-caption-text\">Shirley Merch\u00e1n de Las Salas, profesora de la Fundaci\u00f3n Universitaria del \u00c1rea Andina de Bogot\u00e1, Colombia<\/p><\/div>\n<p><span data-ccp-props=\"{&quot;134233117&quot;:false,&quot;134233118&quot;:false,&quot;201341983&quot;:0,&quot;335559738&quot;:0,&quot;335559739&quot;:0,&quot;335559740&quot;:240}\">\u00a0<\/span><\/p>\n<p><b><i><span data-contrast=\"auto\">David Sandoval Rodr\u00edguez<\/span><\/i><\/b><span data-ccp-props=\"{&quot;134233117&quot;:false,&quot;134233118&quot;:false,&quot;201341983&quot;:0,&quot;335559738&quot;:0,&quot;335559739&quot;:0,&quot;335559740&quot;:240}\">\u00a0<\/span><\/p>\n<p><b><i><span data-contrast=\"auto\">Fotos: Luis Fernando Fern\u00e1ndez<\/span><\/i><\/b><span data-ccp-props=\"{&quot;134233117&quot;:false,&quot;134233118&quot;:false,&quot;201341983&quot;:0,&quot;335559738&quot;:0,&quot;335559739&quot;:0,&quot;335559740&quot;:240}\">\u00a0<\/span><\/p>\n<p><span data-ccp-props=\"{&quot;134233117&quot;:false,&quot;134233118&quot;:false,&quot;201341983&quot;:0,&quot;335559738&quot;:0,&quot;335559739&quot;:0,&quot;335559740&quot;:240}\">\u00a0<\/span><\/p>\n<p><b><i><span data-contrast=\"auto\">22\/10\/2024, Xalapa, Ver.-<\/span><\/i><\/b><span data-contrast=\"auto\"> Para un buen funcionamiento de la sociedad se requieren pol\u00edticas p\u00fablicas adecuadas que consideren la emergencia de la variabilidad clim\u00e1tica, as\u00ed como la atenci\u00f3n a las enfermedades y los fen\u00f3menos naturales, expuso Shirley Merch\u00e1n de Las Salas, catedr\u00e1tica de la Fundaci\u00f3n Universitaria del \u00c1rea Andina (<\/span><i><span data-contrast=\"auto\">Areandina<\/span><\/i><span data-contrast=\"auto\">) de Bogot\u00e1, Colombia, en su visita a la Universidad Veracruzana (UV).<\/span><span data-ccp-props=\"{&quot;134233117&quot;:false,&quot;134233118&quot;:false,&quot;201341983&quot;:0,&quot;335559738&quot;:0,&quot;335559739&quot;:0,&quot;335559740&quot;:240}\">\u00a0<\/span><\/p>\n<p><span data-contrast=\"auto\">Invitada por el Instituto de Salud P\u00fablica (ISP) y la Coordinaci\u00f3n Universitaria para la Sustentabilidad (<\/span><i><span data-contrast=\"auto\">Cosustenta<\/span><\/i><span data-contrast=\"auto\">), la profesora, quien tiene una formaci\u00f3n en recursos h\u00eddricos, gesti\u00f3n ambiental y desarrollo sostenible, particip\u00f3 con la conferencia \u201cCiudadan\u00edas saludables, estrategia ante el cambio clim\u00e1tico y los desastres\u201d, en el marco de la iniciativa \u201cJ\u00f3venes UV por la acci\u00f3n clim\u00e1tica\u201d.<\/span><span data-ccp-props=\"{&quot;134233117&quot;:false,&quot;134233118&quot;:false,&quot;201341983&quot;:0,&quot;335559738&quot;:0,&quot;335559739&quot;:0,&quot;335559740&quot;:240}\">\u00a0<\/span><\/p>\n<p><span data-contrast=\"auto\">En el Auditorio \u201cMario V\u00e1zquez Torres\u201d de la Facultad de Biolog\u00eda, alumnos de la Licenciatura en Agronom\u00eda y de la referida entidad, escucharon a la ponente destacar la necesidad de tomar en cuenta para la planeaci\u00f3n y toma de decisiones, tanto en las ciudades como en los pa\u00edses, los efectos del cambio clim\u00e1tico, la variabilidad clim\u00e1tica, las enfermedades no transmisibles y los desastres.<\/span><\/p>\n<p>&nbsp;<\/p>\n<div id=\"attachment_148306\" style=\"width: 732px\" class=\"wp-caption aligncenter\"><img aria-describedby=\"caption-attachment-148306\" decoding=\"async\" loading=\"lazy\" class=\"size-full wp-image-148306\" src=\"https:\/\/www.uv.mx\/prensa\/files\/2024\/10\/22102024-DAVID-Conf-academica-Areandina-ciudadanias-saludables-2-ok.jpg\" alt=\"\" width=\"722\" height=\"481\" \/><p id=\"caption-attachment-148306\" class=\"wp-caption-text\">Alumnos de las Facultades de Agronom\u00eda y Biolog\u00eda asistieron a la conferencia<\/p><\/div>\n<p>&nbsp;<\/p>\n<p><span data-contrast=\"auto\">Expres\u00f3 que la complejidad de los problemas que genera el cambio clim\u00e1tico une a las disciplinas cient\u00edficas en la b\u00fasqueda de soluciones, ya que se vuelve esencial atender a los ciudadanos de forma humana, adem\u00e1s de proponer soluciones orientadas a generar nuevas conductas que se enfoquen a los desaf\u00edos de cuidar la salud ante amenazas como la inseguridad alimentaria o ante un desastre.<\/span><span data-ccp-props=\"{&quot;134233117&quot;:false,&quot;134233118&quot;:false,&quot;201341983&quot;:0,&quot;335559731&quot;:705,&quot;335559738&quot;:0,&quot;335559739&quot;:0,&quot;335559740&quot;:240}\">\u00a0<\/span><\/p>\n<p><span data-contrast=\"auto\">\u201cSon desaf\u00edos para la supervivencia humana y para nosotros en el campo de la salud se relacionan con ciudadan\u00edas saludables, como para dar respuesta a las enfermedades que surgen por el aumento de la temperatura, que es una tendencia a nivel mundial.\u201d<\/span><span data-ccp-props=\"{&quot;134233117&quot;:false,&quot;134233118&quot;:false,&quot;201341983&quot;:0,&quot;335559731&quot;:705,&quot;335559738&quot;:0,&quot;335559739&quot;:0,&quot;335559740&quot;:240}\">\u00a0<\/span><\/p>\n<p><span data-contrast=\"auto\">Tambi\u00e9n recalc\u00f3 la importancia de dise\u00f1ar sistemas de salud eficientes y eficaces, preparados frente a las nuevas condiciones de vida, de salud de las poblaciones y las enfermedades, tanto las emergentes como las reemergentes, \u201cpor eso es importante tener claro este razonamiento de ser sustentable o sostenible con la salud, primero como un derecho y a su vez para poderla disfrutar, desarrollarse en todos sus escenarios y en todas sus condiciones\u201d.<\/span><\/p>\n<p>&nbsp;<\/p>\n<div id=\"attachment_148307\" style=\"width: 732px\" class=\"wp-caption aligncenter\"><img aria-describedby=\"caption-attachment-148307\" decoding=\"async\" loading=\"lazy\" class=\"size-full wp-image-148307\" src=\"https:\/\/www.uv.mx\/prensa\/files\/2024\/10\/22102024-DAVID-Conf-academica-Areandina-ciudadanias-saludables-3-ok.jpg\" alt=\"\" width=\"722\" height=\"481\" srcset=\"https:\/\/www.uv.mx\/prensa\/files\/2024\/10\/22102024-DAVID-Conf-academica-Areandina-ciudadanias-saludables-3-ok.jpg 722w, https:\/\/www.uv.mx\/prensa\/files\/2024\/10\/22102024-DAVID-Conf-academica-Areandina-ciudadanias-saludables-3-ok-300x200.jpg 300w\" sizes=\"(max-width: 722px) 100vw, 722px\" \/><p id=\"caption-attachment-148307\" class=\"wp-caption-text\">La acad\u00e9mica se\u00f1al\u00f3 los desaf\u00edos de la salud y el cambio clim\u00e1tico como los m\u00e1s importantes<\/p><\/div>\n<p><span data-ccp-props=\"{&quot;134233117&quot;:false,&quot;134233118&quot;:false,&quot;201341983&quot;:0,&quot;335559731&quot;:705,&quot;335559738&quot;:0,&quot;335559739&quot;:0,&quot;335559740&quot;:240}\">\u00a0<\/span><\/p>\n<p><span data-contrast=\"auto\">En este aspecto, exhort\u00f3 a los j\u00f3venes a familiarizarse con los Objetivos del Desarrollo Sostenible (ODS) de la ONU y conocer el plan de acci\u00f3n nacional ante el cambio clim\u00e1tico, as\u00ed como los planes estatal y local, dado que ello les permitir\u00e1 tener una formaci\u00f3n que contemple la salud y la alimentaci\u00f3n como derechos humanos y, en particular, de la ciudadan\u00eda.<\/span><span data-ccp-props=\"{&quot;134233117&quot;:false,&quot;134233118&quot;:false,&quot;201341983&quot;:0,&quot;335559731&quot;:705,&quot;335559738&quot;:0,&quot;335559739&quot;:0,&quot;335559740&quot;:240}\">\u00a0<\/span><\/p>\n<p><span data-contrast=\"auto\">Les record\u00f3 que para el 2060 posiblemente a ellos les tocar\u00e1 enfrentar nuevas enfermedades, otras necesidades que atender al interior de las ciudades y, sobre todo, tomar las decisiones adecuadas para poder resolver en los escenarios de riesgo futuros.<\/span><span data-ccp-props=\"{&quot;134233117&quot;:false,&quot;134233118&quot;:false,&quot;201341983&quot;:0,&quot;335559731&quot;:705,&quot;335559738&quot;:0,&quot;335559739&quot;:0,&quot;335559740&quot;:240}\">\u00a0<\/span><\/p>\n<p><span data-contrast=\"auto\">En colaboraci\u00f3n con el ISP iniciaron un intercambio acad\u00e9mico para fomentar la construcci\u00f3n de \u201cciudadan\u00edas saludables\u201d, concepto que implica a los ciudadanos y sus derechos, al formar parte de un Estado y un territorio.<\/span><\/p>\n<p>&nbsp;<\/p>\n<div id=\"attachment_148308\" style=\"width: 732px\" class=\"wp-caption aligncenter\"><img aria-describedby=\"caption-attachment-148308\" decoding=\"async\" loading=\"lazy\" class=\"size-full wp-image-148308\" src=\"https:\/\/www.uv.mx\/prensa\/files\/2024\/10\/22102024-DAVID-Conf-academica-Areandina-ciudadanias-saludables-4-ok.jpg\" alt=\"\" width=\"722\" height=\"481\" srcset=\"https:\/\/www.uv.mx\/prensa\/files\/2024\/10\/22102024-DAVID-Conf-academica-Areandina-ciudadanias-saludables-4-ok.jpg 722w, https:\/\/www.uv.mx\/prensa\/files\/2024\/10\/22102024-DAVID-Conf-academica-Areandina-ciudadanias-saludables-4-ok-300x200.jpg 300w\" sizes=\"(max-width: 722px) 100vw, 722px\" \/><p id=\"caption-attachment-148308\" class=\"wp-caption-text\">Shirley Merch\u00e1n dijo que, en colaboraci\u00f3n con el ISP, se impulsa el concepto de ciudadan\u00eda saludable<\/p><\/div>\n<p><span data-ccp-props=\"{&quot;134233117&quot;:false,&quot;134233118&quot;:false,&quot;201341983&quot;:0,&quot;335559731&quot;:705,&quot;335559738&quot;:0,&quot;335559739&quot;:0,&quot;335559740&quot;:240}\">\u00a0<\/span><\/p>\n<p><span data-contrast=\"auto\">\u201cComo ciudadanos, individual y colectivamente, \u00bfc\u00f3mo nos cuidamos la salud?, \u00bfsaben cu\u00e1les son nuestros factores de riesgo?\u201d, pregunt\u00f3 a los asistentes para recalcar la importancia de la alfabetizaci\u00f3n en salud y conocer cu\u00e1les son los factores y las condiciones de vida que impactan en la salud, porque aprendi\u00e9ndolas se pueden constituir como ciudadanos saludables.<\/span><span data-ccp-props=\"{&quot;134233117&quot;:false,&quot;134233118&quot;:false,&quot;201341983&quot;:0,&quot;335559731&quot;:705,&quot;335559738&quot;:0,&quot;335559739&quot;:0,&quot;335559740&quot;:240}\">\u00a0<\/span><\/p>\n<p><span data-contrast=\"auto\">Nuestra meta, puntualiz\u00f3, es educar para generar una ciudadan\u00eda saludable desde la infancia, que aprenda a cuidarse y evite condiciones de riesgo que le puedan generar enfermedades como hipertensi\u00f3n y diabetes, dos de las m\u00e1s comunes a nivel mundial; esto adem\u00e1s redundar\u00e1 en personas que llegar\u00e1n a su envejecimiento como individuos saludables y responsables.<\/span><span data-ccp-props=\"{&quot;134233117&quot;:false,&quot;134233118&quot;:false,&quot;201341983&quot;:0,&quot;335559731&quot;:705,&quot;335559738&quot;:0,&quot;335559739&quot;:0,&quot;335559740&quot;:240}\">\u00a0<\/span><\/p>\n","protected":false},"excerpt":{"rendered":"<p>Acad\u00e9mica colombiana imparti\u00f3 conferencia en la que subray\u00f3 la importancia de conocer los retos a la salud para los pr\u00f3ximos a\u00f1os\u00a0<\/p>\n","protected":false},"author":2349,"featured_media":148315,"comment_status":"closed","ping_status":"closed","sticky":false,"template":"","format":"standard","meta":[],"categories":[61,6299],"tags":[19392,9991,2115,1269,19391,384,10247,4159,13301,16263,15321,147,19390,10883,19393,6592,10715,13058,78,19394],"_links":{"self":[{"href":"https:\/\/www.uv.mx\/prensa\/wp-json\/wp\/v2\/posts\/148324"}],"collection":[{"href":"https:\/\/www.uv.mx\/prensa\/wp-json\/wp\/v2\/posts"}],"about":[{"href":"https:\/\/www.uv.mx\/prensa\/wp-json\/wp\/v2\/types\/post"}],"author":[{"embeddable":true,"href":"https:\/\/www.uv.mx\/prensa\/wp-json\/wp\/v2\/users\/2349"}],"replies":[{"embeddable":true,"href":"https:\/\/www.uv.mx\/prensa\/wp-json\/wp\/v2\/comments?post=148324"}],"version-history":[{"count":1,"href":"https:\/\/www.uv.mx\/prensa\/wp-json\/wp\/v2\/posts\/148324\/revisions"}],"predecessor-version":[{"id":148325,"href":"https:\/\/www.uv.mx\/prensa\/wp-json\/wp\/v2\/posts\/148324\/revisions\/148325"}],"wp:featuredmedia":[{"embeddable":true,"href":"https:\/\/www.uv.mx\/prensa\/wp-json\/wp\/v2\/media\/148315"}],"wp:attachment":[{"href":"https:\/\/www.uv.mx\/prensa\/wp-json\/wp\/v2\/media?parent=148324"}],"wp:term":[{"taxonomy":"category","embeddable":true,"href":"https:\/\/www.uv.mx\/prensa\/wp-json\/wp\/v2\/categories?post=148324"},{"taxonomy":"post_tag","embeddable":true,"href":"https:\/\/www.uv.mx\/prensa\/wp-json\/wp\/v2\/tags?post=148324"}],"curies":[{"name":"wp","href":"https:\/\/api.w.org\/{rel}","templated":true}]}}