{"id":148239,"date":"2024-10-18T12:09:21","date_gmt":"2024-10-18T17:09:21","guid":{"rendered":"https:\/\/www.uv.mx\/prensa\/?p=148239"},"modified":"2024-10-22T20:51:37","modified_gmt":"2024-10-23T01:51:37","slug":"uv-institucion-que-dia-a-dia-forja-el-camino-hacia-el-conocimiento","status":"publish","type":"post","link":"https:\/\/www.uv.mx\/prensa\/eventos\/uv-institucion-que-dia-a-dia-forja-el-camino-hacia-el-conocimiento\/","title":{"rendered":"UV, instituci\u00f3n que d\u00eda a d\u00eda forja el camino hacia el conocimiento"},"content":{"rendered":"<ul>\n<li data-leveltext=\"\uf0b7\" data-font=\"Symbol\" data-listid=\"23\" data-list-defn-props=\"{&quot;335551671&quot;:30,&quot;335552541&quot;:1,&quot;335559685&quot;:720,&quot;335559991&quot;:360,&quot;469769226&quot;:&quot;Symbol&quot;,&quot;469769242&quot;:[8226],&quot;469777803&quot;:&quot;left&quot;,&quot;469777804&quot;:&quot;\uf0b7&quot;,&quot;469777815&quot;:&quot;hybridMultilevel&quot;}\" data-aria-posinset=\"30\" data-aria-level=\"1\"><i><span data-contrast=\"auto\">Inici\u00f3 1er Congreso de la Facultad de Medicina \u201cUna mirada a la atenci\u00f3n primaria a la salud\u201d<\/span><\/i><span data-ccp-props=\"{&quot;201341983&quot;:0,&quot;335559739&quot;:0,&quot;335559740&quot;:240}\">\u00a0<\/span><\/li>\n<\/ul>\n<ul>\n<li data-leveltext=\"\uf0b7\" data-font=\"Symbol\" data-listid=\"23\" data-list-defn-props=\"{&quot;335551671&quot;:30,&quot;335552541&quot;:1,&quot;335559685&quot;:720,&quot;335559991&quot;:360,&quot;469769226&quot;:&quot;Symbol&quot;,&quot;469769242&quot;:[8226],&quot;469777803&quot;:&quot;left&quot;,&quot;469777804&quot;:&quot;\uf0b7&quot;,&quot;469777815&quot;:&quot;hybridMultilevel&quot;}\" data-aria-posinset=\"31\" data-aria-level=\"1\"><i><span data-contrast=\"auto\">Egresados comparten saberes a trav\u00e9s de conferencias y talleres<\/span><\/i><span data-ccp-props=\"{&quot;201341983&quot;:0,&quot;335559739&quot;:0,&quot;335559740&quot;:240}\">\u00a0<\/span><\/li>\n<\/ul>\n<p><span data-ccp-props=\"{&quot;201341983&quot;:0,&quot;335559739&quot;:0,&quot;335559740&quot;:240}\">\u00a0<\/span><\/p>\n<div id=\"attachment_148199\" style=\"width: 732px\" class=\"wp-caption aligncenter\"><img loading=\"lazy\" decoding=\"async\" aria-describedby=\"caption-attachment-148199\" class=\"size-full wp-image-148199\" src=\"https:\/\/www.uv.mx\/prensa\/files\/2024\/10\/171024-COUTTOLENC-Congreso-Facultad-de-Medicina-1.jpg\" alt=\"Arturo Aguilar Ye inaugur\u00f3 las actividades del 1er Congreso de la Facultad de Medicina \" width=\"722\" height=\"452\" srcset=\"https:\/\/www.uv.mx\/prensa\/files\/2024\/10\/171024-COUTTOLENC-Congreso-Facultad-de-Medicina-1.jpg 722w, https:\/\/www.uv.mx\/prensa\/files\/2024\/10\/171024-COUTTOLENC-Congreso-Facultad-de-Medicina-1-300x188.jpg 300w, https:\/\/www.uv.mx\/prensa\/files\/2024\/10\/171024-COUTTOLENC-Congreso-Facultad-de-Medicina-1-200x125.jpg 200w\" sizes=\"auto, (max-width: 722px) 100vw, 722px\" \/><p id=\"caption-attachment-148199\" class=\"wp-caption-text\">Arturo Aguilar Ye inaugur\u00f3 las actividades del 1er Congreso de la Facultad de Medicina<\/p><\/div>\n<p>&nbsp;<\/p>\n<p><b><i><span data-contrast=\"auto\">Jos\u00e9 Luis Couttolenc Soto<\/span><\/i><\/b><span data-ccp-props=\"{&quot;201341983&quot;:0,&quot;335559739&quot;:0,&quot;335559740&quot;:240}\">\u00a0<\/span><\/p>\n<p><b><i><span data-contrast=\"auto\">Fotos: Omar Portilla Palacios<\/span><\/i><\/b><\/p>\n<p><b><i><span data-contrast=\"auto\">18\/10\/2024, Xalapa, Ver.- <\/span><\/i><\/b><span data-contrast=\"auto\">En el marco de las actividades conmemorativas por sus 50 a\u00f1os, la Facultad de Medicina de la Universidad Veracruzana (UV) inici\u00f3 su 1er Congreso \u201cUna mirada a la atenci\u00f3n primaria a la salud\u201d, que inaugur\u00f3 en el Museo de Antropolog\u00eda de Xalapa (MAX) Arturo Aguilar Ye, director general del \u00c1rea Acad\u00e9mica de Ciencias de la Salud.<\/span><span data-ccp-props=\"{&quot;201341983&quot;:0,&quot;335559739&quot;:0,&quot;335559740&quot;:240}\">\u00a0<\/span><\/p>\n<p><span data-contrast=\"auto\">Guadalupe D\u00edaz del Castillo Flores, secretaria de Salud del Gobierno de Veracruz y egresada de esta casa de estudios, destac\u00f3 que la UV es una instituci\u00f3n que d\u00eda a d\u00eda forja el camino hacia el conocimiento.<\/span><span data-ccp-props=\"{&quot;201341983&quot;:0,&quot;335559731&quot;:708,&quot;335559739&quot;:0,&quot;335559740&quot;:240}\">\u00a0<\/span><\/p>\n<p><span data-contrast=\"auto\">\u201cSiempre me llena de orgullo regresar a mi alma mater y constatar que recupera y retoma la fuerza y empuje con la que fue creada\u201d, dijo la funcionaria estatal e invit\u00f3 a las y los estudiantes para que contin\u00faen con entusiasmo su preparaci\u00f3n profesional.<\/span><\/p>\n<div id=\"attachment_148200\" style=\"width: 732px\" class=\"wp-caption aligncenter\"><img loading=\"lazy\" decoding=\"async\" aria-describedby=\"caption-attachment-148200\" class=\"size-full wp-image-148200\" src=\"https:\/\/www.uv.mx\/prensa\/files\/2024\/10\/171024-COUTTOLENC-Congreso-Facultad-de-Medicina-2.jpg\" alt=\"La secretaria de Salud, Guadalupe D\u00edaz del Castillo Flores, invit\u00f3 a los estudiantes para que contin\u00faen con su preparaci\u00f3n profesional \" width=\"722\" height=\"480\" srcset=\"https:\/\/www.uv.mx\/prensa\/files\/2024\/10\/171024-COUTTOLENC-Congreso-Facultad-de-Medicina-2.jpg 722w, https:\/\/www.uv.mx\/prensa\/files\/2024\/10\/171024-COUTTOLENC-Congreso-Facultad-de-Medicina-2-300x199.jpg 300w\" sizes=\"auto, (max-width: 722px) 100vw, 722px\" \/><p id=\"caption-attachment-148200\" class=\"wp-caption-text\">La secretaria de Salud, Guadalupe D\u00edaz del Castillo Flores, invit\u00f3 a los estudiantes para que contin\u00faen con su preparaci\u00f3n profesional<\/p><\/div>\n<p>&nbsp;<\/p>\n<p><span data-contrast=\"auto\">\u201cDisfruten cada uno de esos momentos pues m\u00e1s adelante ser\u00e1n los responsables de las vidas de personas, porque es una caracter\u00edstica que los mejores sanitaristas del pa\u00eds sean veracruzanos\u201d, puntualiz\u00f3.<\/span><span data-ccp-props=\"{&quot;201341983&quot;:0,&quot;335559739&quot;:0,&quot;335559740&quot;:240}\">\u00a0<\/span><\/p>\n<p><span data-contrast=\"auto\">Por su parte M\u00f3nica Sandoval Garc\u00eda, directora de la Facultad de Medicina, en un mensaje grabado dio a conocer que a lo largo de cinco d\u00e9cadas el plantel ha sido testigo de la evoluci\u00f3n de la medicina, de los avances cient\u00edficos y tecnol\u00f3gicos, y ha formado profesionales de la salud con enfoque humanista.<\/span><\/p>\n<p><b><span data-contrast=\"auto\">DM tipo 2, grupo heterog\u00e9neo de trastornos<\/span><\/b><span data-ccp-props=\"{&quot;201341983&quot;:0,&quot;335559739&quot;:0,&quot;335559740&quot;:240}\"><br \/>\n<\/span><span data-contrast=\"auto\">Manuel Huerta Montiel, docente de la Facultad de Medicina y en la Especialidad de Enfermer\u00eda en Cuidados Intensivos del Adulto en Estado Cr\u00edtico, disert\u00f3 sobre \u201cEstrategias para la detecci\u00f3n y diagn\u00f3stico temprano de la diabetes mellitus tipo 2 (DMT2) en el primer nivel de atenci\u00f3n\u201d.<\/span><\/p>\n<div id=\"attachment_148201\" style=\"width: 732px\" class=\"wp-caption aligncenter\"><img loading=\"lazy\" decoding=\"async\" aria-describedby=\"caption-attachment-148201\" class=\"size-full wp-image-148201\" src=\"https:\/\/www.uv.mx\/prensa\/files\/2024\/10\/171024-COUTTOLENC-Congreso-Facultad-de-Medicina-3.jpg\" alt=\"Manuel Huerta Montiel ofreci\u00f3 charla sobre diagn\u00f3stico temprano de la DMT2 en el primer nivel de atenci\u00f3n \" width=\"722\" height=\"473\" srcset=\"https:\/\/www.uv.mx\/prensa\/files\/2024\/10\/171024-COUTTOLENC-Congreso-Facultad-de-Medicina-3.jpg 722w, https:\/\/www.uv.mx\/prensa\/files\/2024\/10\/171024-COUTTOLENC-Congreso-Facultad-de-Medicina-3-300x197.jpg 300w\" sizes=\"auto, (max-width: 722px) 100vw, 722px\" \/><p id=\"caption-attachment-148201\" class=\"wp-caption-text\">Manuel Huerta Montiel ofreci\u00f3 charla sobre diagn\u00f3stico temprano de la DMT2 en el primer nivel de atenci\u00f3n<\/p><\/div>\n<p>&nbsp;<\/p>\n<p><span data-contrast=\"auto\">Dijo que la DMT2 es un grupo heterog\u00e9neo de trastornos que se caracteriza por grados variables de resistencia a la insulina, menor secreci\u00f3n de dicha hormona y una mayor producci\u00f3n de glucosa hep\u00e1tica.<\/span><span data-ccp-props=\"{&quot;201341983&quot;:0,&quot;335559739&quot;:0,&quot;335559740&quot;:240}\">\u00a0<\/span><\/p>\n<p><span data-contrast=\"auto\">En tanto, la prediabetes es un periodo de deterioro progresivo de homeostasis de la glucosa, seguido del desarrollo de hiperglucemia que excede el umbral para el diagn\u00f3stico cl\u00ednico.<\/span><span data-ccp-props=\"{&quot;201341983&quot;:0,&quot;335559739&quot;:0,&quot;335559740&quot;:240}\">\u00a0<\/span><\/p>\n<p><span data-contrast=\"auto\">Refiri\u00f3 que la DMT2 generalmente se diagnostica mediante la prueba de hemoglobina glucosilada; el an\u00e1lisis indica el nivel promedio de glucosa en la sangre en los dos o tres meses recientes y <\/span><span data-contrast=\"none\">los resultados se interpretan de la siguiente manera: por debajo del 5.7% se considera normal; entre 5.7% y 6.4% se diagnostica como prediabetes; un nivel del 6.5% o m\u00e1s en dos pruebas separadas se considera diabetes.<\/span><\/p>\n<div id=\"attachment_148202\" style=\"width: 732px\" class=\"wp-caption aligncenter\"><img loading=\"lazy\" decoding=\"async\" aria-describedby=\"caption-attachment-148202\" class=\"size-full wp-image-148202\" src=\"https:\/\/www.uv.mx\/prensa\/files\/2024\/10\/171024-COUTTOLENC-Congreso-Facultad-de-Medicina-4-ok.jpg\" alt=\"En el Museo de Antropolog\u00eda de Xalapa se efect\u00faan las conferencias del 1er Congreso de la Facultad de Medicina de la UV \" width=\"722\" height=\"314\" srcset=\"https:\/\/www.uv.mx\/prensa\/files\/2024\/10\/171024-COUTTOLENC-Congreso-Facultad-de-Medicina-4-ok.jpg 722w, https:\/\/www.uv.mx\/prensa\/files\/2024\/10\/171024-COUTTOLENC-Congreso-Facultad-de-Medicina-4-ok-300x130.jpg 300w\" sizes=\"auto, (max-width: 722px) 100vw, 722px\" \/><p id=\"caption-attachment-148202\" class=\"wp-caption-text\">En el Museo de Antropolog\u00eda de Xalapa se efect\u00faan las conferencias del 1er Congreso de la Facultad de Medicina de la UV<\/p><\/div>\n<p>&nbsp;<\/p>\n<p><span data-contrast=\"none\">Entre los s\u00edntomas m\u00e1s comunes de la diabetes mencion\u00f3: aumento de la sed, micci\u00f3n frecuente por la noche (expulsar orina de la vejiga), p\u00e9rdida de peso sin intenci\u00f3n y visi\u00f3n borrosa.<\/span><span data-ccp-props=\"{&quot;201341983&quot;:0,&quot;335559739&quot;:0,&quot;335559740&quot;:240}\">\u00a0<\/span><\/p>\n<p><span data-contrast=\"none\">Durante los d\u00edas restantes del congreso (18 y 19 de octubre), las conferencias se realizan en el MAX, y los talleres tienen como sede la Facultad de Medicina.<\/span><span data-ccp-props=\"{&quot;201341983&quot;:0,&quot;335559739&quot;:0,&quot;335559740&quot;:240}\">\u00a0<\/span><\/p>\n","protected":false},"excerpt":{"rendered":"<p>A lo largo de cinco d\u00e9cadas la entidad universitaria ha formado profesionales de la salud con enfoque humanista <\/p>\n","protected":false},"author":1775,"featured_media":148203,"comment_status":"closed","ping_status":"closed","sticky":false,"template":"","format":"standard","meta":{"footnotes":""},"categories":[47,15424,61],"tags":[19342,4214,617,15334,1372,5529,7838,7840,18457,19345,19344,872,4162,102,1012,6462,78,19343],"class_list":["post-148239","post","type-post","status-publish","format-standard","has-post-thumbnail","hentry","category-eventos","category-planta-academica","category-banner","tag-1er-congreso-una-mirada-a-la-atencion-primaria-a-la-salud","tag-50-aniversario","tag-area-academica-de-ciencias-de-la-salud","tag-atencion-primaria","tag-conferencias","tag-congreso","tag-deteccion","tag-diabetes-mellitus-tipo-2","tag-diagnostico-temprano","tag-dmt2","tag-especialidad-de-enfermeria-en-cuidados-intensivos-del-adulto-en-estado-critico","tag-facultad-de-medicina","tag-jose-luis-couttolenc-soto","tag-max","tag-museo-de-antropologia-de-xalapa","tag-omar-portilla-palacios","tag-salud","tag-secretaria-de-salud-estatal"],"_links":{"self":[{"href":"https:\/\/www.uv.mx\/prensa\/wp-json\/wp\/v2\/posts\/148239","targetHints":{"allow":["GET"]}}],"collection":[{"href":"https:\/\/www.uv.mx\/prensa\/wp-json\/wp\/v2\/posts"}],"about":[{"href":"https:\/\/www.uv.mx\/prensa\/wp-json\/wp\/v2\/types\/post"}],"author":[{"embeddable":true,"href":"https:\/\/www.uv.mx\/prensa\/wp-json\/wp\/v2\/users\/1775"}],"replies":[{"embeddable":true,"href":"https:\/\/www.uv.mx\/prensa\/wp-json\/wp\/v2\/comments?post=148239"}],"version-history":[{"count":1,"href":"https:\/\/www.uv.mx\/prensa\/wp-json\/wp\/v2\/posts\/148239\/revisions"}],"predecessor-version":[{"id":148339,"href":"https:\/\/www.uv.mx\/prensa\/wp-json\/wp\/v2\/posts\/148239\/revisions\/148339"}],"wp:featuredmedia":[{"embeddable":true,"href":"https:\/\/www.uv.mx\/prensa\/wp-json\/wp\/v2\/media\/148203"}],"wp:attachment":[{"href":"https:\/\/www.uv.mx\/prensa\/wp-json\/wp\/v2\/media?parent=148239"}],"wp:term":[{"taxonomy":"category","embeddable":true,"href":"https:\/\/www.uv.mx\/prensa\/wp-json\/wp\/v2\/categories?post=148239"},{"taxonomy":"post_tag","embeddable":true,"href":"https:\/\/www.uv.mx\/prensa\/wp-json\/wp\/v2\/tags?post=148239"}],"curies":[{"name":"wp","href":"https:\/\/api.w.org\/{rel}","templated":true}]}}