{"id":14779,"date":"2016-09-01T11:12:24","date_gmt":"2016-09-01T16:12:24","guid":{"rendered":"https:\/\/www.uv.mx\/prensa\/?p=14779"},"modified":"2016-09-01T11:13:42","modified_gmt":"2016-09-01T16:13:42","slug":"coloquio-sobre-crisis-en-veracruz-posibilitara-el-dialogo-zavaleta","status":"publish","type":"post","link":"https:\/\/www.uv.mx\/prensa\/general\/coloquio-sobre-crisis-en-veracruz-posibilitara-el-dialogo-zavaleta\/","title":{"rendered":"Coloquio sobre crisis en Veracruz posibilitar\u00e1 el di\u00e1logo: Zavaleta"},"content":{"rendered":"<ul>\n<li><em>El investigador universitario conf\u00eda en que los resultados obtenidos sean incluidos en el Plan Veracruzano de Desarrollo<\/em><\/li>\n<\/ul>\n<p>&nbsp;<\/p>\n<div id=\"attachment_14780\" style=\"width: 732px\" class=\"wp-caption aligncenter\"><a href=\"https:\/\/www.uv.mx\/prensa\/files\/2016\/09\/Alfredo-Zavaleta-oko.jpg\"><img loading=\"lazy\" decoding=\"async\" aria-describedby=\"caption-attachment-14780\" class=\"size-full wp-image-14780\" src=\"https:\/\/www.uv.mx\/prensa\/files\/2016\/09\/Alfredo-Zavaleta-oko.jpg\" alt=\"Alfredo Zavaleta Betancourt, investigador del IIH-S\" width=\"722\" height=\"482\" srcset=\"https:\/\/www.uv.mx\/prensa\/files\/2016\/09\/Alfredo-Zavaleta-oko.jpg 722w, https:\/\/www.uv.mx\/prensa\/files\/2016\/09\/Alfredo-Zavaleta-oko-300x200.jpg 300w\" sizes=\"auto, (max-width: 722px) 100vw, 722px\" \/><\/a><p id=\"caption-attachment-14780\" class=\"wp-caption-text\">Alfredo Zavaleta Betancourt, investigador del IIH-S<\/p><\/div>\n<p><em>\u00a0<\/em><\/p>\n<p><strong><em>Xalapa, Ver. 01\/09\/2016.-<\/em><\/strong><em>\u00a0<\/em>El Coloquio \u201cVeracruz: crisis, alternancia y resistencia\u201d, organizado por el Instituto de Investigaciones Hist\u00f3rico-Sociales (IIH-S) de la Universidad Veracruzana (UV), ser\u00e1 un espacio que posibilite el di\u00e1logo entre investigadores y organizaciones sobre la grave crisis del estado de Veracruz, resalt\u00f3 Alfredo Zavaleta Betancourt, investigador adscrito a este instituto.<\/p>\n<p>En entrevista para el programa radiof\u00f3nico <em>Voz Universitaria<\/em>, transmitido por Radio UV, el acad\u00e9mico mencion\u00f3 que el evento es organizado por el Cuerpo Acad\u00e9mico (CA) Estudios Sociopol\u00edticos del IIH-S, y se llevar\u00e1 a cabo los d\u00edas 7 y 8 de septiembre en la Unidad de Servicios Bibliotecarios y de Informaci\u00f3n (USBI) de Xalapa.<\/p>\n<p>\u201cCon este ejercicio queremos comprender y explicar qu\u00e9 fue lo que nos pas\u00f3 para llegar a experimentar lo que conceptuamos como lo peor que nos ha pasado en Veracruz en muchos a\u00f1os, al menos generacionalmente no hab\u00edamos vivido una situaci\u00f3n tan cr\u00edtica como la de ahora; de all\u00ed nuestra preocupaci\u00f3n por abordar algunos temas como la violencia, el acceso a la justicia, el r\u00e9gimen pol\u00edtico, las pol\u00edticas sociales y las diferentes formas de organizaci\u00f3n.\u201d<\/p>\n<p>Asimismo, dijo, pretenden que sea un espacio para escuchar a las v\u00edctimas, a los afectados, a los colectivos ciudadanos y a las organizaciones no gubernamentales, con el objetivo de construir una agenda ciudadana que atienda los problemas olvidados en la agenda oficialista.<\/p>\n<p>Enfatiz\u00f3 que el coloquio es un ejercicio complementario a los Foros de Consulta Ciudadana para el Plan Veracruzano de Desarrollo (PVD) que realiza la UV en sus cinco regiones, desde el 29 de agosto y hasta el 17 de septiembre, \u201calgunos de los resultados obtenidos pueden ser recuperados en los diferentes ejes sectoriales y transversales que forman parte del programa estrat\u00e9gico del PVD\u201d.<\/p>\n<p>Por \u00faltimo, puntualiz\u00f3 que los pr\u00f3ximos gobiernos estatales tienen el reto de reconstruir las bases de las relaciones entre la clase pol\u00edtica y la ciudadan\u00eda, esto s\u00f3lo ser\u00e1 posible con el fortalecimiento de una cultura de la transparencia y rendici\u00f3n de cuentas, que ya ha sido instituido en el pa\u00eds.<\/p>\n<p>La conferencia inaugural \u201cViolencia, criminalidad organizada y democracia\u201d ser\u00e1 dictada por Andreas Schedler, acad\u00e9mico del Centro de Investigaci\u00f3n y Docencia Econ\u00f3micas (CIDE), el mi\u00e9rcoles 7 de septiembre a las 9:30 horas, en la USBI Xalapa.<\/p>\n<p>Habr\u00e1 ocho mesas de di\u00e1logo con las tem\u00e1ticas: \u201cViolencias y violaciones a derechos humanos\u201d, \u201cAcceso a la justicia y derechos humanos\u201d, \u201cColapso o ausencia de pol\u00edticas sociales\u201d, \u201cPobreza, desigualdad y crisis fiscal\u201d, \u201cR\u00e9gimen pol\u00edtico y elecciones\u201d, \u201cCorrupci\u00f3n y desempe\u00f1o en los gobiernos locales\u201d, \u201cLa crisis de la educaci\u00f3n\u201d y \u201cResistencias sociales\u201d.<\/p>\n","protected":false},"excerpt":{"rendered":"<p>El Coloquio \u201cVeracruz: crisis, alternancia y resistencia\u201d, organizado por el Instituto de Investigaciones Hist\u00f3rico-Sociales (IIH-S) de la Universidad Veracruzana (UV), ser\u00e1 un espacio que posibilite el di\u00e1logo entre investigadores y organizaciones sobre la grave crisis del estado de Veracruz, resalt\u00f3 Alfredo Zavaleta Betancourt, investigador adscrito a este instituto.<\/p>\n","protected":false},"author":1810,"featured_media":14781,"comment_status":"closed","ping_status":"closed","sticky":false,"template":"","format":"standard","meta":{"footnotes":""},"categories":[1],"tags":[3],"class_list":["post-14779","post","type-post","status-publish","format-standard","has-post-thumbnail","hentry","category-general","tag-secundarias"],"_links":{"self":[{"href":"https:\/\/www.uv.mx\/prensa\/wp-json\/wp\/v2\/posts\/14779","targetHints":{"allow":["GET"]}}],"collection":[{"href":"https:\/\/www.uv.mx\/prensa\/wp-json\/wp\/v2\/posts"}],"about":[{"href":"https:\/\/www.uv.mx\/prensa\/wp-json\/wp\/v2\/types\/post"}],"author":[{"embeddable":true,"href":"https:\/\/www.uv.mx\/prensa\/wp-json\/wp\/v2\/users\/1810"}],"replies":[{"embeddable":true,"href":"https:\/\/www.uv.mx\/prensa\/wp-json\/wp\/v2\/comments?post=14779"}],"version-history":[{"count":0,"href":"https:\/\/www.uv.mx\/prensa\/wp-json\/wp\/v2\/posts\/14779\/revisions"}],"wp:featuredmedia":[{"embeddable":true,"href":"https:\/\/www.uv.mx\/prensa\/wp-json\/wp\/v2\/media\/14781"}],"wp:attachment":[{"href":"https:\/\/www.uv.mx\/prensa\/wp-json\/wp\/v2\/media?parent=14779"}],"wp:term":[{"taxonomy":"category","embeddable":true,"href":"https:\/\/www.uv.mx\/prensa\/wp-json\/wp\/v2\/categories?post=14779"},{"taxonomy":"post_tag","embeddable":true,"href":"https:\/\/www.uv.mx\/prensa\/wp-json\/wp\/v2\/tags?post=14779"}],"curies":[{"name":"wp","href":"https:\/\/api.w.org\/{rel}","templated":true}]}}