{"id":147536,"date":"2024-09-27T16:48:40","date_gmt":"2024-09-27T21:48:40","guid":{"rendered":"https:\/\/www.uv.mx\/prensa\/?p=147536"},"modified":"2024-09-27T16:48:40","modified_gmt":"2024-09-27T21:48:40","slug":"fuentes-y-paz-relacion-de-mutua-admiracion-malva-flores","status":"publish","type":"post","link":"https:\/\/www.uv.mx\/prensa\/cultura\/fuentes-y-paz-relacion-de-mutua-admiracion-malva-flores\/","title":{"rendered":"Fuentes y Paz, relaci\u00f3n de mutua admiraci\u00f3n: Malva Flores"},"content":{"rendered":"<ul>\n<li data-leveltext=\"\uf0b7\" data-font=\"Symbol\" data-listid=\"1\" data-list-defn-props=\"{&quot;335552541&quot;:1,&quot;335559685&quot;:720,&quot;335559991&quot;:360,&quot;469769226&quot;:&quot;Symbol&quot;,&quot;469769242&quot;:[8226],&quot;469777803&quot;:&quot;left&quot;,&quot;469777804&quot;:&quot;\uf0b7&quot;,&quot;469777815&quot;:&quot;hybridMultilevel&quot;}\" data-aria-posinset=\"1\" data-aria-level=\"1\"><i><span data-contrast=\"auto\">La acad\u00e9mica, poeta y ensayista, dict\u00f3 conferencia en el marco de la C\u00e1tedra Interamericana \u201cCarlos Fuentes\u201d<\/span><\/i><span data-ccp-props=\"{&quot;201341983&quot;:0,&quot;335559739&quot;:0,&quot;335559740&quot;:240}\">\u00a0<\/span><\/li>\n<\/ul>\n<ul>\n<li data-leveltext=\"\uf0b7\" data-font=\"Symbol\" data-listid=\"1\" data-list-defn-props=\"{&quot;335552541&quot;:1,&quot;335559685&quot;:720,&quot;335559991&quot;:360,&quot;469769226&quot;:&quot;Symbol&quot;,&quot;469769242&quot;:[8226],&quot;469777803&quot;:&quot;left&quot;,&quot;469777804&quot;:&quot;\uf0b7&quot;,&quot;469777815&quot;:&quot;hybridMultilevel&quot;}\" data-aria-posinset=\"2\" data-aria-level=\"1\"><i><span data-contrast=\"auto\">\u201cLos divinos: Octavio Paz y Carlos Fuentes, dos protagonistas de la literatura mexicana\u201d, fue el t\u00edtulo de la ponencia dirigida a comunidad estudiantil y acad\u00e9mica<\/span><\/i><span data-ccp-props=\"{&quot;201341983&quot;:0,&quot;335559739&quot;:0,&quot;335559740&quot;:240}\">\u00a0<\/span><\/li>\n<\/ul>\n<p>&nbsp;<\/p>\n<div id=\"attachment_147505\" style=\"width: 732px\" class=\"wp-caption aligncenter\"><a href=\"https:\/\/www.uv.mx\/prensa\/files\/2024\/09\/270925-CLAUDIA-LOS-DIVINOS-1-1.jpg\"><img aria-describedby=\"caption-attachment-147505\" decoding=\"async\" loading=\"lazy\" class=\"size-full wp-image-147505\" src=\"https:\/\/www.uv.mx\/prensa\/files\/2024\/09\/270925-CLAUDIA-LOS-DIVINOS-1-1.jpg\" alt=\"\" width=\"722\" height=\"512\" srcset=\"https:\/\/www.uv.mx\/prensa\/files\/2024\/09\/270925-CLAUDIA-LOS-DIVINOS-1-1.jpg 722w, https:\/\/www.uv.mx\/prensa\/files\/2024\/09\/270925-CLAUDIA-LOS-DIVINOS-1-1-300x213.jpg 300w\" sizes=\"(max-width: 722px) 100vw, 722px\" \/><\/a><p id=\"caption-attachment-147505\" class=\"wp-caption-text\">La poeta y ensayista Malva Flores habl\u00f3 sobre la relaci\u00f3n de amistad y enemistad entre Octavio Paz y Carlos Fuentes<\/p><\/div>\n<p>&nbsp;<\/p>\n<p><b><i><span data-contrast=\"auto\">Claudia Peralta V\u00e1zquez<\/span><\/i><\/b><span data-ccp-props=\"{&quot;201341983&quot;:0,&quot;335559739&quot;:0,&quot;335559740&quot;:240}\">\u00a0<\/span><\/p>\n<p><b><i><span data-contrast=\"auto\">Fotos: Omar Portilla Palacios<\/span><\/i><\/b><span data-ccp-props=\"{&quot;201341983&quot;:0,&quot;335559739&quot;:0,&quot;335559740&quot;:240}\">\u00a0<\/span><\/p>\n<p><b><i><span data-contrast=\"auto\">27\/09\/2024, Xalapa, Ver.- <\/span><\/i><\/b><span data-contrast=\"auto\">Desde la \u00f3ptica de la ensayista e investigadora de la Universidad Veracruzana (UV), Malva Flores, la amistad entre los escritores Carlos Fuentes y Octavio Paz siempre se bas\u00f3 en mutua admiraci\u00f3n, aun cuando muchos cre\u00edan todo lo contrario.<\/span><span data-ccp-props=\"{&quot;201341983&quot;:0,&quot;335559739&quot;:0,&quot;335559740&quot;:240}\">\u00a0<\/span><\/p>\n<p><span data-contrast=\"auto\">Esta amistad y complicidad circunstancial inici\u00f3 en la d\u00e9cada de los cincuenta, e incluso cambi\u00f3 la historia de la literatura, no s\u00f3lo la mexicana, sino tambi\u00e9n mundial.<\/span><span data-ccp-props=\"{&quot;201341983&quot;:0,&quot;335559731&quot;:708,&quot;335559739&quot;:0,&quot;335559740&quot;:240}\">\u00a0<\/span><\/p>\n<p><span data-contrast=\"auto\">As\u00ed lo expuso la escritora y poeta al dictar el tema \u201cLos divinos: Octavio Paz y Carlos Fuentes, dos protagonistas de la literatura mexicana\u201d, en el marco del ciclo de conferencias magistrales de la C\u00e1tedra Interamericana \u201cCarlos Fuentes\u201d, previas al VIII Curso Taller de Traducci\u00f3n y Literatura: perspectivas te\u00f3ricas y pr\u00e1cticas.<\/span><span data-ccp-props=\"{&quot;201341983&quot;:0,&quot;335559731&quot;:708,&quot;335559739&quot;:0,&quot;335559740&quot;:240}\">\u00a0<\/span><\/p>\n<p><span data-contrast=\"auto\">En el Sal\u00f3n Blanco de la Unidad de Humanidades, Malva Flores hizo una relator\u00eda de cada uno de los sucesos hist\u00f3ricos, pol\u00edticos y personales que enmarcaron la relaci\u00f3n pol\u00e9mica y amistosa entre quienes fueron y a\u00fan son los m\u00e1s importantes escritores mexicanos no s\u00f3lo del siglo pasado, sino del actual.<\/span><span data-ccp-props=\"{&quot;201341983&quot;:0,&quot;335559731&quot;:708,&quot;335559739&quot;:0,&quot;335559740&quot;:240}\">\u00a0<\/span><\/p>\n<p><span data-contrast=\"auto\">Acompa\u00f1ada de Ricardo Corzo Ram\u00edrez y Norma Ang\u00e9lica Cuevas Velasco, investigadores del Instituto de Investigaciones Hist\u00f3rico-Sociales y del Instituto de Investigaciones-Literarias (IIL-L), respectivamente, dijo que siempre expresaron un cari\u00f1o mutuo, pues sus correspondencias son prueba de ello.<\/span><span data-ccp-props=\"{&quot;201341983&quot;:0,&quot;335559731&quot;:708,&quot;335559739&quot;:0,&quot;335559740&quot;:240}\">\u00a0<\/span><\/p>\n<p><span data-contrast=\"auto\">\u201cLa admiraci\u00f3n y cari\u00f1o de Fuentes por Paz eran reales, y viceversa. Para el poeta, Fuentes era su hermano menor, el que nunca tuvo y con el que pod\u00eda permitirse soltar la lengua y criticar al medio mexicano.\u201d<\/span><span data-ccp-props=\"{&quot;201341983&quot;:0,&quot;335559731&quot;:708,&quot;335559739&quot;:0,&quot;335559740&quot;:240}\">\u00a0<\/span><\/p>\n<p><span data-contrast=\"auto\">Juntos se hab\u00edan opuesto al obtuso nacionalismo, eran los rebeldes del <\/span><i><span data-contrast=\"auto\">statu quo<\/span><\/i><span data-contrast=\"auto\"> literario de ese entonces, y participaron en la creaci\u00f3n de una de las m\u00e1s importantes experiencias teatrales, dijo.<\/span><span data-ccp-props=\"{&quot;201341983&quot;:0,&quot;335559731&quot;:708,&quot;335559739&quot;:0,&quot;335559740&quot;:240}\">\u00a0<\/span><\/p>\n<p>&nbsp;<\/p>\n<div id=\"attachment_147503\" style=\"width: 732px\" class=\"wp-caption aligncenter\"><a href=\"https:\/\/www.uv.mx\/prensa\/files\/2024\/09\/270925-CLAUDIA-LOS-DIVINOS-2.jpg\"><img aria-describedby=\"caption-attachment-147503\" decoding=\"async\" loading=\"lazy\" class=\"size-full wp-image-147503\" src=\"https:\/\/www.uv.mx\/prensa\/files\/2024\/09\/270925-CLAUDIA-LOS-DIVINOS-2.jpg\" alt=\"\" width=\"722\" height=\"358\" srcset=\"https:\/\/www.uv.mx\/prensa\/files\/2024\/09\/270925-CLAUDIA-LOS-DIVINOS-2.jpg 722w, https:\/\/www.uv.mx\/prensa\/files\/2024\/09\/270925-CLAUDIA-LOS-DIVINOS-2-300x149.jpg 300w\" sizes=\"(max-width: 722px) 100vw, 722px\" \/><\/a><p id=\"caption-attachment-147503\" class=\"wp-caption-text\">Comunidad universitaria de Humanidades asisti\u00f3 a la conferencia, en el marco de la C\u00e1tedra Interamericana \u201cCarlos Fuentes\u201d<\/p><\/div>\n<p>&nbsp;<\/p>\n<p><span data-contrast=\"auto\">No obstante, pol\u00e9micos distanciamientos se registraron entre estos personajes, integrantes de la familia de la Rep\u00fablica de las Letras. Uno de ellos fue a ra\u00edz del nombramiento de Carlos Fuentes, por parte del entonces presidente Luis Echeverr\u00eda \u00c1lvarez, como embajador de M\u00e9xico en Par\u00eds, \u201clo cual pint\u00f3 una rayita m\u00e1s al tigre de su distanciamiento con Paz\u201d.<\/span><span data-ccp-props=\"{&quot;201341983&quot;:0,&quot;335559731&quot;:708,&quot;335559739&quot;:0,&quot;335559740&quot;:240}\">\u00a0<\/span><\/p>\n<p><span data-contrast=\"auto\">Quienes formaban parte de la Rep\u00fablica de las Letras llegaron a pensar que la amistad entre ellos hab\u00eda concluido dram\u00e1ticamente cuando Paz pidi\u00f3 al subdirector de su revista <\/span><i><span data-contrast=\"auto\">Plural<\/span><\/i><span data-contrast=\"auto\">, del diario <\/span><i><span data-contrast=\"auto\">Exc\u00e9lsior<\/span><\/i><span data-contrast=\"auto\">, Enrique Krauze Kleinbort, escribiera un ensayo afrentoso contra su antiguo amigo, quiz\u00e1 el m\u00e1s querido de todos.<\/span><span data-ccp-props=\"{&quot;201341983&quot;:0,&quot;335559731&quot;:708,&quot;335559739&quot;:0,&quot;335559740&quot;:240}\">\u00a0<\/span><\/p>\n<p><span data-contrast=\"auto\">\u201cLa raz\u00f3n: Paz quer\u00eda ponerle una piedra pesada al camino de Fuentes rumbo al Premio Nobel, pero no fue as\u00ed.\u201d<\/span><span data-ccp-props=\"{&quot;201341983&quot;:0,&quot;335559731&quot;:708,&quot;335559739&quot;:0,&quot;335559740&quot;:240}\">\u00a0<\/span><\/p>\n<p>&nbsp;<\/p>\n<div id=\"attachment_147504\" style=\"width: 2570px\" class=\"wp-caption aligncenter\"><a href=\"https:\/\/www.uv.mx\/prensa\/files\/2024\/09\/270925-CLAUDIA-LOS-DIVINOS-3-scaled.jpg\"><img aria-describedby=\"caption-attachment-147504\" decoding=\"async\" loading=\"lazy\" class=\"size-full wp-image-147504\" src=\"https:\/\/www.uv.mx\/prensa\/files\/2024\/09\/270925-CLAUDIA-LOS-DIVINOS-3-scaled.jpg\" alt=\"\" width=\"2560\" height=\"1475\" srcset=\"https:\/\/www.uv.mx\/prensa\/files\/2024\/09\/270925-CLAUDIA-LOS-DIVINOS-3-scaled.jpg 2560w, https:\/\/www.uv.mx\/prensa\/files\/2024\/09\/270925-CLAUDIA-LOS-DIVINOS-3-300x173.jpg 300w, https:\/\/www.uv.mx\/prensa\/files\/2024\/09\/270925-CLAUDIA-LOS-DIVINOS-3-1024x590.jpg 1024w, https:\/\/www.uv.mx\/prensa\/files\/2024\/09\/270925-CLAUDIA-LOS-DIVINOS-3-768x442.jpg 768w, https:\/\/www.uv.mx\/prensa\/files\/2024\/09\/270925-CLAUDIA-LOS-DIVINOS-3-1536x885.jpg 1536w, https:\/\/www.uv.mx\/prensa\/files\/2024\/09\/270925-CLAUDIA-LOS-DIVINOS-3-2048x1180.jpg 2048w, https:\/\/www.uv.mx\/prensa\/files\/2024\/09\/270925-CLAUDIA-LOS-DIVINOS-3-1200x691.jpg 1200w\" sizes=\"(max-width: 2560px) 100vw, 2560px\" \/><\/a><p id=\"caption-attachment-147504\" class=\"wp-caption-text\">En el Sal\u00f3n Blanco de Humanidades, Malva Flores estuvo acompa\u00f1ada de Ricardo Corzo Ram\u00edrez, investigador de la UV<\/p><\/div>\n<p>&nbsp;<\/p>\n<p><span data-contrast=\"auto\">Ante la comunidad estudiantil y acad\u00e9mica, Malva Flores se\u00f1al\u00f3 que pese a ello vale la pena recordarlos en los mejores tiempos de su amistad, cuando fueron reconocidos como los dos m\u00e1s visibles miembros del grupo Los Divinos, asociaci\u00f3n de intelectuales y escritores mexicanos, entre las d\u00e9cadas de 1950 y 1960.<\/span><span data-ccp-props=\"{&quot;201341983&quot;:0,&quot;335559731&quot;:708,&quot;335559739&quot;:0,&quot;335559740&quot;:240}\">\u00a0<\/span><\/p>\n<p><span data-contrast=\"auto\">\u201cPero no eran nada m\u00e1s Los Divinos haciendo la revoluci\u00f3n est\u00e9tica, eran tambi\u00e9n los rebeldes que protestaron contra el gobierno, con el maltrato al movimiento obrero en 1958.\u201d<\/span><span data-ccp-props=\"{&quot;201341983&quot;:0,&quot;335559731&quot;:708,&quot;335559739&quot;:0,&quot;335559740&quot;:240}\">\u00a0<\/span><\/p>\n<p><span data-contrast=\"auto\">Por tanto, sobresalieron como dos conversadores y dos amigos en busca de la verdad.<\/span><span data-ccp-props=\"{&quot;201341983&quot;:0,&quot;335559731&quot;:708,&quot;335559739&quot;:0,&quot;335559740&quot;:240}\">\u00a0<\/span><\/p>\n<p><span data-contrast=\"auto\">\u201cEs preciso decir que en aquellos a\u00f1os felices eran m\u00e1s amigos de la verdad que de sus amigos, una verdad que ambos compart\u00edan.\u201d<\/span><span data-ccp-props=\"{&quot;201341983&quot;:0,&quot;335559731&quot;:708,&quot;335559739&quot;:0,&quot;335559740&quot;:240}\">\u00a0<\/span><\/p>\n<p><span data-contrast=\"auto\">La amistad, que no es otra cosa que sufrir el dolor de tus amigos y acompa\u00f1arlos, tambi\u00e9n se alimenta de la charla constante, y eso hicieron Fuentes y Paz durante muchos a\u00f1os, subray\u00f3.<\/span><span data-ccp-props=\"{&quot;201341983&quot;:0,&quot;335559731&quot;:708,&quot;335559739&quot;:0,&quot;335559740&quot;:240}\">\u00a0<\/span><\/p>\n<p><span data-contrast=\"auto\">\u201cSi la literatura es entre otras cosas una conversaci\u00f3n, la literatura es una forma de la amistad y estos amigos la ejercieron hasta el punto de convertir esa estrella en el centro del canon que los rigi\u00f3 durante medio siglo.\u201d<\/span><span data-ccp-props=\"{&quot;201341983&quot;:0,&quot;335559731&quot;:708,&quot;335559739&quot;:0,&quot;335559740&quot;:240}\">\u00a0<\/span><\/p>\n<p><span data-ccp-props=\"{&quot;201341983&quot;:0,&quot;335559739&quot;:0,&quot;335559740&quot;:240}\">\u00a0<\/span><\/p>\n","protected":false},"excerpt":{"rendered":"<p>\u201cVale la pena recordarlos en los mejores tiempos de su amistad, cuando fueron reconocidos como los dos m\u00e1s visibles miembros del grupo Los Divinos\u201d, dijo Malva Flores<\/p>\n","protected":false},"author":1809,"featured_media":147508,"comment_status":"closed","ping_status":"closed","sticky":false,"template":"","format":"standard","meta":[],"categories":[11,47,61],"tags":[18977,2814,2861,4163,591,18976,852,18979,4649,1540,5478,4827,18978],"_links":{"self":[{"href":"https:\/\/www.uv.mx\/prensa\/wp-json\/wp\/v2\/posts\/147536"}],"collection":[{"href":"https:\/\/www.uv.mx\/prensa\/wp-json\/wp\/v2\/posts"}],"about":[{"href":"https:\/\/www.uv.mx\/prensa\/wp-json\/wp\/v2\/types\/post"}],"author":[{"embeddable":true,"href":"https:\/\/www.uv.mx\/prensa\/wp-json\/wp\/v2\/users\/1809"}],"replies":[{"embeddable":true,"href":"https:\/\/www.uv.mx\/prensa\/wp-json\/wp\/v2\/comments?post=147536"}],"version-history":[{"count":1,"href":"https:\/\/www.uv.mx\/prensa\/wp-json\/wp\/v2\/posts\/147536\/revisions"}],"predecessor-version":[{"id":147538,"href":"https:\/\/www.uv.mx\/prensa\/wp-json\/wp\/v2\/posts\/147536\/revisions\/147538"}],"wp:featuredmedia":[{"embeddable":true,"href":"https:\/\/www.uv.mx\/prensa\/wp-json\/wp\/v2\/media\/147508"}],"wp:attachment":[{"href":"https:\/\/www.uv.mx\/prensa\/wp-json\/wp\/v2\/media?parent=147536"}],"wp:term":[{"taxonomy":"category","embeddable":true,"href":"https:\/\/www.uv.mx\/prensa\/wp-json\/wp\/v2\/categories?post=147536"},{"taxonomy":"post_tag","embeddable":true,"href":"https:\/\/www.uv.mx\/prensa\/wp-json\/wp\/v2\/tags?post=147536"}],"curies":[{"name":"wp","href":"https:\/\/api.w.org\/{rel}","templated":true}]}}