{"id":147475,"date":"2024-09-26T15:57:50","date_gmt":"2024-09-26T20:57:50","guid":{"rendered":"https:\/\/www.uv.mx\/prensa\/?p=147475"},"modified":"2024-09-26T15:57:50","modified_gmt":"2024-09-26T20:57:50","slug":"paisaje-es-producto-de-la-experiencia-y-la-vida-cotidiana-academica","status":"publish","type":"post","link":"https:\/\/www.uv.mx\/prensa\/general\/paisaje-es-producto-de-la-experiencia-y-la-vida-cotidiana-academica\/","title":{"rendered":"Paisaje es producto de la experiencia y la vida cotidiana: acad\u00e9mica"},"content":{"rendered":"<ul>\n<li data-leveltext=\"\uf0b7\" data-font=\"Symbol\" data-listid=\"1\" data-list-defn-props=\"{&quot;335552541&quot;:1,&quot;335559685&quot;:720,&quot;335559991&quot;:360,&quot;469769226&quot;:&quot;Symbol&quot;,&quot;469769242&quot;:[8226],&quot;469777803&quot;:&quot;left&quot;,&quot;469777804&quot;:&quot;\uf0b7&quot;,&quot;469777815&quot;:&quot;hybridMultilevel&quot;}\" data-aria-posinset=\"1\" data-aria-level=\"1\"><i><span data-contrast=\"auto\">Expres\u00f3 Polimnia Zacar\u00edas, docente de la UV, en su participaci\u00f3n en el X Coloquio Internacional \u201cCiudades del turismo\u201d<\/span><\/i><span data-ccp-props=\"{}\">\u00a0<\/span><\/li>\n<\/ul>\n<ul>\n<li data-leveltext=\"\uf0b7\" data-font=\"Symbol\" data-listid=\"1\" data-list-defn-props=\"{&quot;335552541&quot;:1,&quot;335559685&quot;:720,&quot;335559991&quot;:360,&quot;469769226&quot;:&quot;Symbol&quot;,&quot;469769242&quot;:[8226],&quot;469777803&quot;:&quot;left&quot;,&quot;469777804&quot;:&quot;\uf0b7&quot;,&quot;469777815&quot;:&quot;hybridMultilevel&quot;}\" data-aria-posinset=\"2\" data-aria-level=\"1\"><i><span data-contrast=\"auto\">Present\u00f3 la charla intitulada \u201cLas Vigas de Ram\u00edrez: de est\u00e9ticas situadas y cartograf\u00edas de paisajes recreados\u201d<\/span><\/i><span data-ccp-props=\"{}\">\u00a0<\/span><\/li>\n<\/ul>\n<p><span data-ccp-props=\"{}\">\u00a0<\/span><\/p>\n<div id=\"attachment_147430\" style=\"width: 732px\" class=\"wp-caption aligncenter\"><img aria-describedby=\"caption-attachment-147430\" decoding=\"async\" loading=\"lazy\" class=\"size-full wp-image-147430\" src=\"https:\/\/www.uv.mx\/prensa\/files\/2024\/09\/260924-PAOLA-Las-Vigas-1-100k.jpg\" alt=\"\" width=\"722\" height=\"482\" srcset=\"https:\/\/www.uv.mx\/prensa\/files\/2024\/09\/260924-PAOLA-Las-Vigas-1-100k.jpg 722w, https:\/\/www.uv.mx\/prensa\/files\/2024\/09\/260924-PAOLA-Las-Vigas-1-100k-300x200.jpg 300w\" sizes=\"(max-width: 722px) 100vw, 722px\" \/><p id=\"caption-attachment-147430\" class=\"wp-caption-text\">Polimnia Zacar\u00edas Capistr\u00e1n, docente de la Facultad de Arquitectura<\/p><\/div>\n<p><span data-ccp-props=\"{}\">\u00a0<\/span><\/p>\n<p>&nbsp;<\/p>\n<p><b><i><span data-contrast=\"auto\">Paola Cort\u00e9s P\u00e9rez<\/span><\/i><\/b><span data-ccp-props=\"{}\">\u00a0<\/span><\/p>\n<p><b><i><span data-contrast=\"auto\">Fotos: Luis Fernando Fern\u00e1ndez<\/span><\/i><\/b><span data-ccp-props=\"{}\">\u00a0<\/span><\/p>\n<p><span data-ccp-props=\"{}\">\u00a0<\/span><\/p>\n<p><b><i><span data-contrast=\"auto\">26\/09\/2024, Xalapa, Ver.-<\/span><\/i><\/b><span data-contrast=\"auto\"> El paisaje es una producci\u00f3n est\u00e9tica que deriva de la experiencia y se gesta en la vida cotidiana de las personas que habitan un determinado lugar, plante\u00f3 Polimnia Zacar\u00edas Capistr\u00e1n, docente de la Facultad de Arquitectura de la Universidad Veracruzana (UV), en su participaci\u00f3n en el X Coloquio Internacional \u201cCiudades del turismo. Patrimonio, turismo y visiones no hegem\u00f3nicas\u201d.<\/span><span data-ccp-props=\"{}\">\u00a0<\/span><\/p>\n<p><span data-contrast=\"auto\">La acad\u00e9mica imparti\u00f3 la pl\u00e1tica \u201cLas Vigas de Ram\u00edrez: de est\u00e9ticas situadas y cartograf\u00edas de paisajes recreados\u201d, en el auditorio de la Facultad de Arquitectura; coment\u00f3 que la experiencia y gesta del paisaje son mediados por los afectos, las pr\u00e1cticas y los imaginarios, y si se arraigan en el territorio pueden ser inducidos o constre\u00f1idos a distintos prop\u00f3sitos como el consumo tur\u00edstico.<\/span><span data-ccp-props=\"{&quot;335559731&quot;:708}\">\u00a0<\/span><\/p>\n<p><span data-contrast=\"auto\">\u201cArte, est\u00e9tica y pol\u00edtica se entrelazan como recursos historiogr\u00e1ficos para interpretar la forma en que se edifica un imaginario patrimonial que se distancia del sentido convencional e instituido de patrimonio edificado, dirigido a la conservaci\u00f3n de los inmuebles que han sido reconocidos como portadores de valores hist\u00f3ricos, arquitect\u00f3nicos y culturales.\u201d<\/span><\/p>\n<p>&nbsp;<\/p>\n<div id=\"attachment_147431\" style=\"width: 732px\" class=\"wp-caption aligncenter\"><img aria-describedby=\"caption-attachment-147431\" decoding=\"async\" loading=\"lazy\" class=\"size-full wp-image-147431\" src=\"https:\/\/www.uv.mx\/prensa\/files\/2024\/09\/260924-PAOLA-Las-Vigas-2-100k.jpg\" alt=\"\" width=\"722\" height=\"406\" srcset=\"https:\/\/www.uv.mx\/prensa\/files\/2024\/09\/260924-PAOLA-Las-Vigas-2-100k.jpg 722w, https:\/\/www.uv.mx\/prensa\/files\/2024\/09\/260924-PAOLA-Las-Vigas-2-100k-300x169.jpg 300w\" sizes=\"(max-width: 722px) 100vw, 722px\" \/><p id=\"caption-attachment-147431\" class=\"wp-caption-text\">Hay registros del municipio desde la \u00e9poca de la Colonia<\/p><\/div>\n<p>&nbsp;<\/p>\n<p><span data-contrast=\"auto\">Con respecto al municipio Las Vigas de Ram\u00edrez, dijo que actualmente despierta un inter\u00e9s tur\u00edstico y para lograr su cometido se vende la pseudoexperiencia de lo que es la navidad, con un entorno con neblina y \u00e1rboles llenos de luces de colores, cre\u00e1ndose otra idea de paisaje.<\/span><span data-ccp-props=\"{&quot;335559731&quot;:708}\">\u00a0<\/span><\/p>\n<p><span data-contrast=\"auto\">\u201cSi bien la cabecera municipal quiere entrar al programa de Pueblos M\u00e1gicos para lograr la meta, el entorno sigue siendo extractivo al venderse dicha experiencia a los turistas.\u201d<\/span><span data-ccp-props=\"{&quot;335559731&quot;:708}\">\u00a0<\/span><\/p>\n<p><span data-contrast=\"auto\">Record\u00f3 que junto con sus estudiantes de la Licenciatura en Arquitectura realizaron un cat\u00e1logo del patrimonio del municipio \u2013incluidas viviendas\u2013 y observaron que mientras quer\u00edan conservar y preservar la ciudad, \u00e9sta avanza y se transforma, se sustituyen edificaciones mientras median y hablan de los materiales y los sistemas de construcci\u00f3n.<\/span><\/p>\n<p>&nbsp;<\/p>\n<div id=\"attachment_147432\" style=\"width: 732px\" class=\"wp-caption aligncenter\"><img aria-describedby=\"caption-attachment-147432\" decoding=\"async\" loading=\"lazy\" class=\"size-full wp-image-147432\" src=\"https:\/\/www.uv.mx\/prensa\/files\/2024\/09\/260924-PAOLA-Las-Vigas-3-100k.jpg\" alt=\"\" width=\"722\" height=\"406\" srcset=\"https:\/\/www.uv.mx\/prensa\/files\/2024\/09\/260924-PAOLA-Las-Vigas-3-100k.jpg 722w, https:\/\/www.uv.mx\/prensa\/files\/2024\/09\/260924-PAOLA-Las-Vigas-3-100k-300x169.jpg 300w\" sizes=\"(max-width: 722px) 100vw, 722px\" \/><p id=\"caption-attachment-147432\" class=\"wp-caption-text\">Su pl\u00e1tica fue en torno al paisaje en el municipio de Las Vigas de Ram\u00edrez<\/p><\/div>\n<p>&nbsp;<\/p>\n<p><span data-contrast=\"auto\">Cabe mencionar que hay registro de Las Vigas de Ram\u00edrez desde la \u00e9poca colonial; es narrada y descrita en los textos dejados por los cientos de viajeros que descansaron en este lugar.<\/span><span data-ccp-props=\"{&quot;335559731&quot;:708}\">\u00a0<\/span><\/p>\n<p><span data-contrast=\"auto\">Adem\u00e1s, tiene relaci\u00f3n con el inter\u00e9s literario del xalape\u00f1o Sergio Galindo, quien se inspir\u00f3 en ella para escribir dos de sus obras <\/span><i><span data-contrast=\"auto\">El bordo<\/span><\/i><span data-contrast=\"auto\"> (1960) y <\/span><i><span data-contrast=\"auto\">Otilia Rauda<\/span><\/i><span data-contrast=\"auto\"> (1986).<\/span><span data-ccp-props=\"{&quot;335559731&quot;:708}\">\u00a0<\/span><\/p>\n","protected":false},"excerpt":{"rendered":"<p>Respecto al municipio, dijo que actualmente despierta un inter\u00e9s tur\u00edstico, para lograr su cometido se vende la pseudoexperiencia de lo que es la navidad\u00a0<\/p>\n","protected":false},"author":2349,"featured_media":147433,"comment_status":"closed","ping_status":"closed","sticky":false,"template":"","format":"standard","meta":[],"categories":[47,1,15424,61],"tags":[15195,5649,18946,419,18948,13161,6592,15126,18947,4164,18949,18950,13022,18951,18945],"_links":{"self":[{"href":"https:\/\/www.uv.mx\/prensa\/wp-json\/wp\/v2\/posts\/147475"}],"collection":[{"href":"https:\/\/www.uv.mx\/prensa\/wp-json\/wp\/v2\/posts"}],"about":[{"href":"https:\/\/www.uv.mx\/prensa\/wp-json\/wp\/v2\/types\/post"}],"author":[{"embeddable":true,"href":"https:\/\/www.uv.mx\/prensa\/wp-json\/wp\/v2\/users\/2349"}],"replies":[{"embeddable":true,"href":"https:\/\/www.uv.mx\/prensa\/wp-json\/wp\/v2\/comments?post=147475"}],"version-history":[{"count":1,"href":"https:\/\/www.uv.mx\/prensa\/wp-json\/wp\/v2\/posts\/147475\/revisions"}],"predecessor-version":[{"id":147477,"href":"https:\/\/www.uv.mx\/prensa\/wp-json\/wp\/v2\/posts\/147475\/revisions\/147477"}],"wp:featuredmedia":[{"embeddable":true,"href":"https:\/\/www.uv.mx\/prensa\/wp-json\/wp\/v2\/media\/147433"}],"wp:attachment":[{"href":"https:\/\/www.uv.mx\/prensa\/wp-json\/wp\/v2\/media?parent=147475"}],"wp:term":[{"taxonomy":"category","embeddable":true,"href":"https:\/\/www.uv.mx\/prensa\/wp-json\/wp\/v2\/categories?post=147475"},{"taxonomy":"post_tag","embeddable":true,"href":"https:\/\/www.uv.mx\/prensa\/wp-json\/wp\/v2\/tags?post=147475"}],"curies":[{"name":"wp","href":"https:\/\/api.w.org\/{rel}","templated":true}]}}