{"id":147358,"date":"2024-09-24T14:52:30","date_gmt":"2024-09-24T19:52:30","guid":{"rendered":"https:\/\/www.uv.mx\/prensa\/?p=147358"},"modified":"2024-09-24T14:52:30","modified_gmt":"2024-09-24T19:52:30","slug":"el-teatro-cuestiona-las-formas-de-ver-el-mundo-doris-difarnecio","status":"publish","type":"post","link":"https:\/\/www.uv.mx\/prensa\/cultura\/el-teatro-cuestiona-las-formas-de-ver-el-mundo-doris-difarnecio\/","title":{"rendered":"El teatro cuestiona las formas de ver el mundo: Doris Difarnecio\u00a0"},"content":{"rendered":"<ul>\n<li data-leveltext=\"\uf0b7\" data-font=\"Symbol\" data-listid=\"6\" data-list-defn-props=\"{&quot;335552541&quot;:1,&quot;335559685&quot;:720,&quot;335559991&quot;:360,&quot;469769226&quot;:&quot;Symbol&quot;,&quot;469769242&quot;:[8226],&quot;469777803&quot;:&quot;left&quot;,&quot;469777804&quot;:&quot;\uf0b7&quot;,&quot;469777815&quot;:&quot;hybridMultilevel&quot;}\" data-aria-posinset=\"1\" data-aria-level=\"1\"><i><span data-contrast=\"auto\">La investigadora y activista afirm\u00f3 que esta arte esc\u00e9nica es una herramienta valiosa para romper estereotipos y fomentar la igualdad entre hombres y mujeres<\/span><\/i><span data-ccp-props=\"{}\">\u00a0<\/span><\/li>\n<\/ul>\n<p><span data-ccp-props=\"{}\">\u00a0<\/span><\/p>\n<div id=\"attachment_147323\" style=\"width: 732px\" class=\"wp-caption aligncenter\"><img loading=\"lazy\" decoding=\"async\" aria-describedby=\"caption-attachment-147323\" class=\"size-full wp-image-147323\" src=\"https:\/\/www.uv.mx\/prensa\/files\/2024\/09\/230924-CARLOS-Doris-Difarnecio-1.jpg\" alt=\"\" width=\"722\" height=\"481\" srcset=\"https:\/\/www.uv.mx\/prensa\/files\/2024\/09\/230924-CARLOS-Doris-Difarnecio-1.jpg 722w, https:\/\/www.uv.mx\/prensa\/files\/2024\/09\/230924-CARLOS-Doris-Difarnecio-1-300x200.jpg 300w\" sizes=\"auto, (max-width: 722px) 100vw, 722px\" \/><p id=\"caption-attachment-147323\" class=\"wp-caption-text\">Doris Difarnecio Mej\u00eda, activista y actriz, visit\u00f3 el CECDA de la UV<\/p><\/div>\n<p><span data-ccp-props=\"{}\">\u00a0<\/span><\/p>\n<p><b><i><span data-contrast=\"auto\">Carlos Hugo Hermida Rosales<\/span><\/i><\/b><span data-ccp-props=\"{}\">\u00a0<\/span><\/p>\n<p><b><i><span data-contrast=\"auto\">Fotos: C\u00e9sar Pisil Ramos (1) y archivo <\/span><\/i><\/b><b><span data-contrast=\"auto\">Universo<\/span><\/b><b><i><span data-contrast=\"auto\"> (2 y 3)<\/span><\/i><\/b><span data-ccp-props=\"{}\">\u00a0<\/span><\/p>\n<p><span data-ccp-props=\"{}\">\u00a0<\/span><\/p>\n<p><b><i><span data-contrast=\"auto\">24\/09\/2024, Xalapa, Ver<\/span><\/i><\/b><span data-contrast=\"auto\">. \u201cEl teatro cuestiona las formas de ver el mundo; desde mi trayectoria he visto a esta arte esc\u00e9nica propiciar transformaciones impresionantes que aportan al crecimiento social, cultural y a la autonom\u00eda de la reflexi\u00f3n\u201d, asever\u00f3 Doris Difarnecio Mej\u00eda, investigadora y activista.<\/span><span data-ccp-props=\"{}\">\u00a0<\/span><\/p>\n<p><span data-contrast=\"auto\">En su visita al Centro de Estudios, Creaci\u00f3n y Documentaci\u00f3n de las Artes (CECDA) de la Universidad Veracruzana (UV), la experta resalt\u00f3 la importancia que tiene en Latinoam\u00e9rica para decolonizar la mente y darle otra interpretaci\u00f3n a los acontecimientos hist\u00f3ricos.\u00a0<\/span><span data-ccp-props=\"{&quot;335559731&quot;:708}\">\u00a0<\/span><\/p>\n<p><span data-contrast=\"auto\">Doris Difarnecio, quien naci\u00f3 en Colombia, se cr\u00edo en Nueva York y radica en Portugal, relat\u00f3 que se desarroll\u00f3 entre dos culturas, pues mientras su padre proviene de la costa italiana, los or\u00edgenes de su abuela se remontan a \u00c1frica.\u00a0<\/span><span data-ccp-props=\"{&quot;335559731&quot;:708}\">\u00a0<\/span><\/p>\n<p><span data-contrast=\"auto\">Mencion\u00f3 que en las culturas de los pa\u00edses latinoamericanos las mujeres tienen roles espec\u00edficos preestablecidos, que las restringen a cocinar, cuidar el hogar y procrear hijos, lo cual se acent\u00faa en las comunidades ind\u00edgenas.<\/span><\/p>\n<p>&nbsp;<\/p>\n<div id=\"attachment_147324\" style=\"width: 732px\" class=\"wp-caption aligncenter\"><img loading=\"lazy\" decoding=\"async\" aria-describedby=\"caption-attachment-147324\" class=\"size-full wp-image-147324\" src=\"https:\/\/www.uv.mx\/prensa\/files\/2024\/09\/230924-CARLOS-Doris-Difarnecio-2.jpg\" alt=\"\" width=\"722\" height=\"338\" srcset=\"https:\/\/www.uv.mx\/prensa\/files\/2024\/09\/230924-CARLOS-Doris-Difarnecio-2.jpg 722w, https:\/\/www.uv.mx\/prensa\/files\/2024\/09\/230924-CARLOS-Doris-Difarnecio-2-300x140.jpg 300w\" sizes=\"auto, (max-width: 722px) 100vw, 722px\" \/><p id=\"caption-attachment-147324\" class=\"wp-caption-text\">La activista comparti\u00f3 que el teatro le ayud\u00f3 a alcanzar una sanaci\u00f3n total y absoluta<\/p><\/div>\n<p><span data-ccp-props=\"{&quot;335559731&quot;:708}\">\u00a0<\/span><\/p>\n<p><span data-contrast=\"auto\">\u201cCrec\u00ed planchando camisas para mis hermanos, porque mis pap\u00e1s afirmaban era mi responsabilidad de g\u00e9nero, y repet\u00ed esta acci\u00f3n hasta que dej\u00e9 en claro que ellos pod\u00edan hacer oficios performativos asignados a las mujeres\u201d, coment\u00f3.<\/span><span data-ccp-props=\"{&quot;335559731&quot;:708}\">\u00a0<\/span><\/p>\n<p><span data-contrast=\"auto\">La activista comparti\u00f3 que su historia familiar es complicada e incluye distintos tipos de violencias, que logr\u00f3 representar desde el teatro a fin de alcanzar una sanaci\u00f3n total y absoluta.\u00a0<\/span><span data-ccp-props=\"{&quot;335559731&quot;:708}\">\u00a0<\/span><\/p>\n<p><span data-contrast=\"auto\">Asegur\u00f3 que tambi\u00e9n es una herramienta valiosa para romper estereotipos y fomentar la igualdad entre hombres y mujeres.\u00a0<\/span><span data-ccp-props=\"{&quot;335559731&quot;:708}\">\u00a0<\/span><\/p>\n<p><span data-contrast=\"auto\">\u201cEn San Crist\u00f3bal de las Casas he visto a actrices chamulas \u2013etnia ind\u00edgena\u2013 que no se arriesgaban a levantar el rostro porque las consideraban atrevidas, encontrar su voz en el escenario y alzar la mirada\u201d, enunci\u00f3.\u00a0<\/span><span data-ccp-props=\"{&quot;335559731&quot;:708}\">\u00a0<\/span><\/p>\n<p><span data-contrast=\"auto\">Doris Difarnecio declar\u00f3 que el ser humano necesita de sus semejantes y lo que hace afecta a la vida de los dem\u00e1s, por lo cual es esencial desaprender algunas nociones para crear un mundo donde todos quepan.\u00a0<\/span><span data-ccp-props=\"{&quot;335559731&quot;:708}\">\u00a0<\/span><\/p>\n<p><span data-contrast=\"auto\">Al hablar del <\/span><i><span data-contrast=\"auto\">performance<\/span><\/i><span data-contrast=\"auto\">, mencion\u00f3 que es un arte en vivo ef\u00edmero que puede ser abordado desde la investigaci\u00f3n, usado en el activismo y para visibilizar y unir luchas sociales sin buscar el aplauso.\u00a0<\/span><span data-ccp-props=\"{&quot;335559731&quot;:708}\">\u00a0<\/span><\/p>\n<p><span data-contrast=\"auto\">\u201cRepresenta una acci\u00f3n donde se usa un cuerpo que ha heredado nociones, y resignifica el lugar que ocupa en el contexto y el mundo\u201d, manifest\u00f3.\u00a0<\/span><span data-ccp-props=\"{&quot;335559731&quot;:708}\">\u00a0<\/span><\/p>\n<p><span data-ccp-props=\"{}\">\u00a0<\/span><\/p>\n<div id=\"attachment_147325\" style=\"width: 732px\" class=\"wp-caption aligncenter\"><img loading=\"lazy\" decoding=\"async\" aria-describedby=\"caption-attachment-147325\" class=\"size-full wp-image-147325\" src=\"https:\/\/www.uv.mx\/prensa\/files\/2024\/09\/230924-CARLOS-Doris-Difarnecio-3.jpg\" alt=\"\" width=\"722\" height=\"407\" srcset=\"https:\/\/www.uv.mx\/prensa\/files\/2024\/09\/230924-CARLOS-Doris-Difarnecio-3.jpg 722w, https:\/\/www.uv.mx\/prensa\/files\/2024\/09\/230924-CARLOS-Doris-Difarnecio-3-300x169.jpg 300w\" sizes=\"auto, (max-width: 722px) 100vw, 722px\" \/><p id=\"caption-attachment-147325\" class=\"wp-caption-text\">La actriz y activista colombiana, radicada en Portugal, se\u00f1al\u00f3 que el teatro brinda oportunidad de reflexionar sobre los problemas sociales<\/p><\/div>\n","protected":false},"excerpt":{"rendered":"<p>Propicia transformaciones impresionantes que aportan al crecimiento social y cultural\u00a0<\/p>\n","protected":false},"author":1869,"featured_media":147326,"comment_status":"closed","ping_status":"closed","sticky":false,"template":"","format":"standard","meta":{"footnotes":""},"categories":[11,61],"tags":[1505,8761,4161,2330,6263,10003,18895,14235,29,10275,527,7356,4572,9658,17020,166],"class_list":["post-147358","post","type-post","status-publish","format-standard","has-post-thumbnail","hentry","category-cultura","category-banner","tag-artes-escenicas","tag-autonomia","tag-carlos-hugo-hermida-rosales","tag-centro-de-estudios","tag-cesar-pisil-ramos","tag-creacion-y-documentacion-de-las-artes-cecda","tag-crecimiento-social","tag-cuerpo","tag-cultural","tag-estereotipos","tag-genero","tag-igualdad","tag-mujeres","tag-performance","tag-reflexion","tag-teatro"],"_links":{"self":[{"href":"https:\/\/www.uv.mx\/prensa\/wp-json\/wp\/v2\/posts\/147358","targetHints":{"allow":["GET"]}}],"collection":[{"href":"https:\/\/www.uv.mx\/prensa\/wp-json\/wp\/v2\/posts"}],"about":[{"href":"https:\/\/www.uv.mx\/prensa\/wp-json\/wp\/v2\/types\/post"}],"author":[{"embeddable":true,"href":"https:\/\/www.uv.mx\/prensa\/wp-json\/wp\/v2\/users\/1869"}],"replies":[{"embeddable":true,"href":"https:\/\/www.uv.mx\/prensa\/wp-json\/wp\/v2\/comments?post=147358"}],"version-history":[{"count":1,"href":"https:\/\/www.uv.mx\/prensa\/wp-json\/wp\/v2\/posts\/147358\/revisions"}],"predecessor-version":[{"id":147360,"href":"https:\/\/www.uv.mx\/prensa\/wp-json\/wp\/v2\/posts\/147358\/revisions\/147360"}],"wp:featuredmedia":[{"embeddable":true,"href":"https:\/\/www.uv.mx\/prensa\/wp-json\/wp\/v2\/media\/147326"}],"wp:attachment":[{"href":"https:\/\/www.uv.mx\/prensa\/wp-json\/wp\/v2\/media?parent=147358"}],"wp:term":[{"taxonomy":"category","embeddable":true,"href":"https:\/\/www.uv.mx\/prensa\/wp-json\/wp\/v2\/categories?post=147358"},{"taxonomy":"post_tag","embeddable":true,"href":"https:\/\/www.uv.mx\/prensa\/wp-json\/wp\/v2\/tags?post=147358"}],"curies":[{"name":"wp","href":"https:\/\/api.w.org\/{rel}","templated":true}]}}