{"id":147284,"date":"2024-09-20T16:52:29","date_gmt":"2024-09-20T21:52:29","guid":{"rendered":"https:\/\/www.uv.mx\/prensa\/?p=147284"},"modified":"2024-09-20T17:00:52","modified_gmt":"2024-09-20T22:00:52","slug":"estudiante-uv-asistio-al-trepcamp-future-builders-experience-2024","status":"publish","type":"post","link":"https:\/\/www.uv.mx\/prensa\/regiones\/estudiante-uv-asistio-al-trepcamp-future-builders-experience-2024\/","title":{"rendered":"Estudiante UV asisti\u00f3 al TrepCamp Future Builders Experience 2024"},"content":{"rendered":"<ul>\n<li data-leveltext=\"\uf0b7\" data-font=\"Symbol\" data-listid=\"1\" data-list-defn-props=\"{&quot;335552541&quot;:1,&quot;335559685&quot;:720,&quot;335559991&quot;:360,&quot;469769226&quot;:&quot;Symbol&quot;,&quot;469769242&quot;:[8226],&quot;469777803&quot;:&quot;left&quot;,&quot;469777804&quot;:&quot;\uf0b7&quot;,&quot;469777815&quot;:&quot;hybridMultilevel&quot;}\" data-aria-posinset=\"1\" data-aria-level=\"1\"><i><span data-contrast=\"auto\">Marijose Garc\u00eda G\u00f3mez, del programa educativo Log\u00edstica Internacional y Aduanas, asisti\u00f3 al Manhattan College de Nueva York<\/span><\/i><span data-ccp-props=\"{&quot;201341983&quot;:0,&quot;335559739&quot;:0,&quot;335559740&quot;:240}\">\u00a0<\/span><\/li>\n<\/ul>\n<ul>\n<li data-leveltext=\"\uf0b7\" data-font=\"Symbol\" data-listid=\"1\" data-list-defn-props=\"{&quot;335552541&quot;:1,&quot;335559685&quot;:720,&quot;335559991&quot;:360,&quot;469769226&quot;:&quot;Symbol&quot;,&quot;469769242&quot;:[8226],&quot;469777803&quot;:&quot;left&quot;,&quot;469777804&quot;:&quot;\uf0b7&quot;,&quot;469777815&quot;:&quot;hybridMultilevel&quot;}\" data-aria-posinset=\"2\" data-aria-level=\"1\"><i><span data-contrast=\"auto\">La joven, quien incursiona en el \u00e1rea de emprendimiento, tom\u00f3 un curso para reforzar sus habilidades en competencias empresariales, liderazgo e innovaci\u00f3n<\/span><\/i><span data-ccp-props=\"{&quot;201341983&quot;:0,&quot;335559739&quot;:0,&quot;335559740&quot;:240}\">\u00a0<\/span><\/li>\n<\/ul>\n<ul>\n<li data-leveltext=\"\uf0b7\" data-font=\"Symbol\" data-listid=\"1\" data-list-defn-props=\"{&quot;335552541&quot;:1,&quot;335559685&quot;:720,&quot;335559991&quot;:360,&quot;469769226&quot;:&quot;Symbol&quot;,&quot;469769242&quot;:[8226],&quot;469777803&quot;:&quot;left&quot;,&quot;469777804&quot;:&quot;\uf0b7&quot;,&quot;469777815&quot;:&quot;hybridMultilevel&quot;}\" data-aria-posinset=\"3\" data-aria-level=\"1\"><i><span data-contrast=\"auto\">Fue posible gracias a la beca del 100% que le otorg\u00f3 el programa Santander Open Academy<\/span><\/i><span data-ccp-props=\"{&quot;201341983&quot;:0,&quot;335559739&quot;:0,&quot;335559740&quot;:240}\">\u00a0<\/span><\/li>\n<\/ul>\n<p><span data-ccp-props=\"{&quot;201341983&quot;:0,&quot;335559739&quot;:0,&quot;335559740&quot;:240}\">\u00a0<\/span><\/p>\n<div id=\"attachment_147195\" style=\"width: 732px\" class=\"wp-caption aligncenter\"><img loading=\"lazy\" decoding=\"async\" aria-describedby=\"caption-attachment-147195\" class=\"size-full wp-image-147195\" src=\"https:\/\/www.uv.mx\/prensa\/files\/2024\/09\/180924-Shuguey-Veracruz-Alumna-Logistica-Internacional-1.jpg\" alt=\"\" width=\"722\" height=\"542\" srcset=\"https:\/\/www.uv.mx\/prensa\/files\/2024\/09\/180924-Shuguey-Veracruz-Alumna-Logistica-Internacional-1.jpg 722w, https:\/\/www.uv.mx\/prensa\/files\/2024\/09\/180924-Shuguey-Veracruz-Alumna-Logistica-Internacional-1-300x225.jpg 300w\" sizes=\"auto, (max-width: 722px) 100vw, 722px\" \/><p id=\"caption-attachment-147195\" class=\"wp-caption-text\">Marijose Garc\u00eda G\u00f3mez asisti\u00f3 al Manhattan College de Nueva York<\/p><\/div>\n<p><span data-ccp-props=\"{&quot;201341983&quot;:0,&quot;335559739&quot;:0,&quot;335559740&quot;:240}\">\u00a0<\/span><\/p>\n<p><b><i><span data-contrast=\"auto\">Shuguey Enr\u00edquez Ambell<\/span><\/i><\/b><span data-ccp-props=\"{&quot;201341983&quot;:0,&quot;335559739&quot;:0,&quot;335559740&quot;:240}\">\u00a0<\/span><\/p>\n<p><b><i><span data-contrast=\"auto\">Fotos: Cortes\u00eda de Marijose Garc\u00eda G\u00f3mez<\/span><\/i><\/b><span data-ccp-props=\"{&quot;201341983&quot;:0,&quot;335559739&quot;:0,&quot;335559740&quot;:240}\">\u00a0<\/span><\/p>\n<p><span data-ccp-props=\"{&quot;201341983&quot;:0,&quot;335559739&quot;:0,&quot;335559740&quot;:240}\">\u00a0<\/span><\/p>\n<p><b><i><span data-contrast=\"auto\">20\/09\/2024, Boca del R\u00edo, Ver.-<\/span><\/i><\/b><span data-contrast=\"auto\"> Marijose Garc\u00eda G\u00f3mez, alumna del programa educativo (PE) Log\u00edstica Internacional y Aduanas, adscrito a la Facultad de Administraci\u00f3n de la Universidad Veracruzana (UV) regi\u00f3n Veracruz, asisti\u00f3 recientemente al TrepCamp Future Builders Experience 2024, en Nueva York, Estados Unidos, con el fin de capacitarse en creatividad emprendedora, liderazgo e innovaci\u00f3n.<\/span><span data-ccp-props=\"{&quot;201341983&quot;:0,&quot;335559739&quot;:0,&quot;335559740&quot;:240}\">\u00a0<\/span><\/p>\n<p><span data-contrast=\"auto\">Fundada en 2013, TrepCamp es una academia que prepara a j\u00f3venes interesados en el emprendimiento, con base en un modelo de competencias empresariales y con el apoyo de organismos aliados, mentores y emprendedores.<\/span><span data-ccp-props=\"{&quot;201341983&quot;:0,&quot;335559731&quot;:708,&quot;335559739&quot;:0,&quot;335559740&quot;:240}\">\u00a0<\/span><\/p>\n<p><span data-contrast=\"auto\">Cabe resaltar que la universitaria obtuvo una beca del 100% por parte del programa Open Academy de banco Santander, lo que le permiti\u00f3 asistir al TrepCamp en el Manhattan College.<\/span><span data-ccp-props=\"{&quot;134233117&quot;:false,&quot;134233118&quot;:false,&quot;201341983&quot;:0,&quot;335559731&quot;:708,&quot;335559738&quot;:0,&quot;335559739&quot;:0,&quot;335559740&quot;:240}\">\u00a0<\/span><\/p>\n<p><span data-contrast=\"auto\">En entrevista, Garc\u00eda G\u00f3mez explic\u00f3 que tom\u00f3 un curso de nueve d\u00edas \u201cdonde desarrollas habilidades, asistes a pl\u00e1ticas de superaci\u00f3n personal para que puedas abrirte a las oportunidades en el mercado empresarial y hacer tu empresa pr\u00e1cticamente desde cero\u201d.<\/span><\/p>\n<p>&nbsp;<\/p>\n<div id=\"attachment_147196\" style=\"width: 732px\" class=\"wp-caption aligncenter\"><img loading=\"lazy\" decoding=\"async\" aria-describedby=\"caption-attachment-147196\" class=\"size-full wp-image-147196\" src=\"https:\/\/www.uv.mx\/prensa\/files\/2024\/09\/180924-Shuguey-Veracruz-Alumna-Logistica-Internacional-2.jpg\" alt=\"\" width=\"722\" height=\"542\" srcset=\"https:\/\/www.uv.mx\/prensa\/files\/2024\/09\/180924-Shuguey-Veracruz-Alumna-Logistica-Internacional-2.jpg 722w, https:\/\/www.uv.mx\/prensa\/files\/2024\/09\/180924-Shuguey-Veracruz-Alumna-Logistica-Internacional-2-300x225.jpg 300w\" sizes=\"auto, (max-width: 722px) 100vw, 722px\" \/><p id=\"caption-attachment-147196\" class=\"wp-caption-text\">Marijose tuvo la oportunidad de conocer a destacadas personalidades, como Cynthia Hellen<\/p><\/div>\n<p>&nbsp;<\/p>\n<p><span data-contrast=\"auto\">La joven dijo que esta experiencia no s\u00f3lo ampli\u00f3 sus horizontes, \u201ctambi\u00e9n me ayud\u00f3 a reconocer el valor de creer en m\u00ed misma y en mis capacidades; fue un reto relacionarme con personas y empresas exitosas\u201d.<\/span><span data-ccp-props=\"{&quot;134233117&quot;:false,&quot;134233118&quot;:false,&quot;201341983&quot;:0,&quot;335559731&quot;:708,&quot;335559738&quot;:0,&quot;335559739&quot;:0,&quot;335559740&quot;:240}\">\u00a0<\/span><\/p>\n<p><span data-contrast=\"auto\">Una de sus motivaciones, continu\u00f3, fue escuchar a oradores como la empresaria y escritora Cynthia Hellen, \u201cquien da clases en Harvard y lidera una organizaci\u00f3n no lucrativa, as\u00ed como de un emprendedor mexicano que gestiona remesas desde Estados Unidos; gracias a ellos me di cuenta de que todos est\u00e1bamos all\u00ed por un prop\u00f3sito mayor. Aprend\u00ed much\u00edsimo de mis compa\u00f1eros, personas creativas y con habilidades impresionantes en <\/span><i><span data-contrast=\"auto\">storytelling<\/span><\/i><span data-contrast=\"auto\"> y creaci\u00f3n de negocios\u201d.<\/span><span data-ccp-props=\"{&quot;134233117&quot;:false,&quot;134233118&quot;:false,&quot;201341983&quot;:0,&quot;335559731&quot;:708,&quot;335559738&quot;:0,&quot;335559739&quot;:0,&quot;335559740&quot;:240}\">\u00a0<\/span><\/p>\n<p><span data-contrast=\"auto\">La alumna de s\u00e9ptimo periodo desarroll\u00f3 el proyecto \u201c<\/span><span data-contrast=\"none\">Cousins Planners\u201d, que consiste en un negocio de tipo familiar dedicado a la planificaci\u00f3n y coordinaci\u00f3n de eventos especiales, \u201cdesde bodas y bautizos hasta cumplea\u00f1os. Somos un equipo de primas comprometidas con la creaci\u00f3n de experiencias con enfoque personalizado, para que cada celebraci\u00f3n refleje la visi\u00f3n y estilo de los clientes\u201d.<\/span><span data-ccp-props=\"{&quot;201341983&quot;:0,&quot;335559731&quot;:708,&quot;335559739&quot;:0,&quot;335559740&quot;:240}\">\u00a0<\/span><\/p>\n<p><span data-contrast=\"auto\">Marijose Garc\u00eda aprovech\u00f3 para agradecer a la Universidad por su constante apoyo: \u201cPara m\u00ed es un orgullo ser estudiante de la UV, ya que te da la oportunidad de acceder a estos programas. Adem\u00e1s, siempre me sent\u00ed muy segura de la preparaci\u00f3n que he recibido por parte de mis maestros\u201d.<\/span><span data-ccp-props=\"{&quot;134233117&quot;:false,&quot;134233118&quot;:false,&quot;201341983&quot;:0,&quot;335559731&quot;:708,&quot;335559738&quot;:0,&quot;335559739&quot;:0,&quot;335559740&quot;:240}\">\u00a0<\/span><\/p>\n<p><span data-contrast=\"auto\">Sobre la beca otorgada por Open Academy de Santander, detall\u00f3 que aplicaron entre mil y dos mil personas, \u201cy s\u00f3lo 24 pudimos obtener el apoyo del 100%, el cual incluy\u00f3 costo del curso, vuelos, alimentaci\u00f3n, transporte y alojamiento\u201d.<\/span><\/p>\n<p>&nbsp;<\/p>\n<div id=\"attachment_147197\" style=\"width: 732px\" class=\"wp-caption aligncenter\"><img loading=\"lazy\" decoding=\"async\" aria-describedby=\"caption-attachment-147197\" class=\"size-full wp-image-147197\" src=\"https:\/\/www.uv.mx\/prensa\/files\/2024\/09\/180924-Shuguey-Veracruz-Alumna-Logistica-Internacional-3.jpg\" alt=\"\" width=\"722\" height=\"490\" srcset=\"https:\/\/www.uv.mx\/prensa\/files\/2024\/09\/180924-Shuguey-Veracruz-Alumna-Logistica-Internacional-3.jpg 722w, https:\/\/www.uv.mx\/prensa\/files\/2024\/09\/180924-Shuguey-Veracruz-Alumna-Logistica-Internacional-3-300x204.jpg 300w\" sizes=\"auto, (max-width: 722px) 100vw, 722px\" \/><p id=\"caption-attachment-147197\" class=\"wp-caption-text\">\u201cEs un orgullo ser estudiante de la UV, ya que te da la oportunidad de acceder a estos programas\u201d, dijo la universitaria<\/p><\/div>\n<p><span data-ccp-props=\"{&quot;201341983&quot;:0,&quot;335559731&quot;:708,&quot;335559739&quot;:0,&quot;335559740&quot;:240}\">\u00a0<\/span><\/p>\n<p><span data-contrast=\"auto\">Despu\u00e9s de esta gran experiencia, \u201clo que sigue es aplicar a otras becas para alguna maestr\u00eda, ya que me falta poco para salir de la carrera, adem\u00e1s deseo desarrollar m\u00e1s mi proyecto de emprendimiento\u201d.<\/span><span data-ccp-props=\"{&quot;201341983&quot;:0,&quot;335559731&quot;:708,&quot;335559739&quot;:0,&quot;335559740&quot;:240}\">\u00a0<\/span><\/p>\n<p><span data-contrast=\"auto\">En el plano personal, la estudiante tuvo la oportunidad de visitar lugares emblem\u00e1ticos de Nueva York, \u201cque s\u00f3lo hab\u00eda visto en pel\u00edculas y series. Comer la famosa pizza de d\u00f3lar, ver obras de arte como <\/span><i><span data-contrast=\"auto\">La noche estrellada<\/span><\/i><span data-contrast=\"auto\"> de Van Gogh y visitar la Estatua de la Libertad, fueron experiencias inolvidables. Tambi\u00e9n fue emocionante ver la casa de mi artista favorita, Taylor Swift, lo cual fue muy emotivo para m\u00ed\u201d.<\/span><span data-ccp-props=\"{&quot;134233117&quot;:false,&quot;134233118&quot;:false,&quot;201341983&quot;:0,&quot;335559731&quot;:708,&quot;335559738&quot;:0,&quot;335559739&quot;:0,&quot;335559740&quot;:240}\">\u00a0<\/span><\/p>\n<p><span data-contrast=\"auto\">Finalmente, envi\u00f3 un mensaje a la comunidad estudiantil: \u201cQue pierdan el miedo, no se rindan y aprovechen estas becas y oportunidades que tenemos en la UV. En esta ocasi\u00f3n fue con Open Academy de Santander, pero hay muchas m\u00e1s. Siempre habr\u00e1 obst\u00e1culos, ustedes pueden seguir intentando y mejorando sus habilidades\u201d.<\/span><span data-ccp-props=\"{&quot;134233117&quot;:false,&quot;134233118&quot;:false,&quot;201341983&quot;:0,&quot;335559731&quot;:708,&quot;335559738&quot;:0,&quot;335559739&quot;:0,&quot;335559740&quot;:240}\">\u00a0<\/span><\/p>\n","protected":false},"excerpt":{"rendered":"<p>Marijose Garc\u00eda G\u00f3mez, del programa educativo Log\u00edstica Internacional y Aduanas, se capacit\u00f3 en el \u00e1rea de emprendimiento, liderazgo e innovaci\u00f3n en el Manhattan College de Nueva York\u00a0<\/p>\n","protected":false},"author":2349,"featured_media":147198,"comment_status":"closed","ping_status":"closed","sticky":false,"template":"","format":"standard","meta":{"footnotes":""},"categories":[8454,61,32,55],"tags":[18860,7371,1235,2731,13210,18862,5179,18861,4974,18859],"class_list":["post-147284","post","type-post","status-publish","format-standard","has-post-thumbnail","hentry","category-movilidad","category-banner","category-regiones","category-veracruz","tag-competencias-empresariales","tag-emprendimiento","tag-estados-unidos","tag-facultad-de-administracion","tag-logistica-internacional-y-aduanas","tag-manhattan-college","tag-nueva-york","tag-open-academy-de-banco-santander","tag-shuguey-enriquez-ambell","tag-trepcamp-future-builders-experience-2024"],"_links":{"self":[{"href":"https:\/\/www.uv.mx\/prensa\/wp-json\/wp\/v2\/posts\/147284","targetHints":{"allow":["GET"]}}],"collection":[{"href":"https:\/\/www.uv.mx\/prensa\/wp-json\/wp\/v2\/posts"}],"about":[{"href":"https:\/\/www.uv.mx\/prensa\/wp-json\/wp\/v2\/types\/post"}],"author":[{"embeddable":true,"href":"https:\/\/www.uv.mx\/prensa\/wp-json\/wp\/v2\/users\/2349"}],"replies":[{"embeddable":true,"href":"https:\/\/www.uv.mx\/prensa\/wp-json\/wp\/v2\/comments?post=147284"}],"version-history":[{"count":1,"href":"https:\/\/www.uv.mx\/prensa\/wp-json\/wp\/v2\/posts\/147284\/revisions"}],"predecessor-version":[{"id":147287,"href":"https:\/\/www.uv.mx\/prensa\/wp-json\/wp\/v2\/posts\/147284\/revisions\/147287"}],"wp:featuredmedia":[{"embeddable":true,"href":"https:\/\/www.uv.mx\/prensa\/wp-json\/wp\/v2\/media\/147198"}],"wp:attachment":[{"href":"https:\/\/www.uv.mx\/prensa\/wp-json\/wp\/v2\/media?parent=147284"}],"wp:term":[{"taxonomy":"category","embeddable":true,"href":"https:\/\/www.uv.mx\/prensa\/wp-json\/wp\/v2\/categories?post=147284"},{"taxonomy":"post_tag","embeddable":true,"href":"https:\/\/www.uv.mx\/prensa\/wp-json\/wp\/v2\/tags?post=147284"}],"curies":[{"name":"wp","href":"https:\/\/api.w.org\/{rel}","templated":true}]}}