{"id":147282,"date":"2024-09-20T16:46:11","date_gmt":"2024-09-20T21:46:11","guid":{"rendered":"https:\/\/www.uv.mx\/prensa\/?p=147282"},"modified":"2024-09-20T17:01:00","modified_gmt":"2024-09-20T22:01:00","slug":"alumnado-de-la-fca-acudira-a-xviii-expo-emprendedora-de-la-anfeca","status":"publish","type":"post","link":"https:\/\/www.uv.mx\/prensa\/banner\/alumnado-de-la-fca-acudira-a-xviii-expo-emprendedora-de-la-anfeca\/","title":{"rendered":"Alumnado de la FCA acudir\u00e1 a XVIII Expo Emprendedora de la ANFECA"},"content":{"rendered":"<ul>\n<li data-leveltext=\"\uf0b7\" data-font=\"Symbol\" data-listid=\"6\" data-list-defn-props=\"{&quot;335552541&quot;:1,&quot;335559685&quot;:720,&quot;335559991&quot;:360,&quot;469769226&quot;:&quot;Symbol&quot;,&quot;469769242&quot;:[8226],&quot;469777803&quot;:&quot;left&quot;,&quot;469777804&quot;:&quot;\uf0b7&quot;,&quot;469777815&quot;:&quot;hybridMultilevel&quot;}\" data-aria-posinset=\"1\" data-aria-level=\"1\"><i><span data-contrast=\"auto\">Participar\u00e1n en la categor\u00eda Tradicional del certamen con el proyecto \u201cBoom cool\u201d<\/span><\/i><span data-ccp-props=\"{}\">\u00a0<\/span><\/li>\n<\/ul>\n<ul>\n<li data-leveltext=\"\uf0b7\" data-font=\"Symbol\" data-listid=\"6\" data-list-defn-props=\"{&quot;335552541&quot;:1,&quot;335559685&quot;:720,&quot;335559991&quot;:360,&quot;469769226&quot;:&quot;Symbol&quot;,&quot;469769242&quot;:[8226],&quot;469777803&quot;:&quot;left&quot;,&quot;469777804&quot;:&quot;\uf0b7&quot;,&quot;469777815&quot;:&quot;hybridMultilevel&quot;}\" data-aria-posinset=\"2\" data-aria-level=\"1\"><i><span data-contrast=\"auto\">La idea de negocio consiste en unas esferas caramelizadas que se disuelven en bebidas y les brindan sabor a michelada<\/span><\/i><span data-ccp-props=\"{}\">\u00a0<\/span><\/li>\n<\/ul>\n<p><span data-ccp-props=\"{}\">\u00a0<\/span><\/p>\n<div id=\"attachment_147177\" style=\"width: 732px\" class=\"wp-caption aligncenter\"><img aria-describedby=\"caption-attachment-147177\" decoding=\"async\" loading=\"lazy\" class=\"size-full wp-image-147177\" src=\"https:\/\/www.uv.mx\/prensa\/files\/2024\/09\/180924-CARLOS-Alumnos-proyecto-Boom-cool-1.jpg\" alt=\"\" width=\"722\" height=\"476\" srcset=\"https:\/\/www.uv.mx\/prensa\/files\/2024\/09\/180924-CARLOS-Alumnos-proyecto-Boom-cool-1.jpg 722w, https:\/\/www.uv.mx\/prensa\/files\/2024\/09\/180924-CARLOS-Alumnos-proyecto-Boom-cool-1-300x198.jpg 300w\" sizes=\"(max-width: 722px) 100vw, 722px\" \/><p id=\"caption-attachment-147177\" class=\"wp-caption-text\">J\u00f3venes que participar\u00e1n en el certamen, acompa\u00f1ados de su mentor<\/p><\/div>\n<p><span data-ccp-props=\"{}\">\u00a0<\/span><\/p>\n<p><b><i><span data-contrast=\"auto\">Carlos Hugo Hermida Rosales<\/span><\/i><\/b><span data-ccp-props=\"{}\">\u00a0<\/span><\/p>\n<p><b><i><span data-contrast=\"auto\">Fotos: Cortes\u00eda alumnos entrevistados<\/span><\/i><\/b><span data-ccp-props=\"{}\">\u00a0<\/span><\/p>\n<p><span data-ccp-props=\"{}\">\u00a0<\/span><\/p>\n<p><b><i><span data-contrast=\"auto\">20\/09\/2024, Xalapa, Ver.-<\/span><\/i><\/b><span data-contrast=\"auto\"> Alumnos de la Licenciatura en Gesti\u00f3n y Direcci\u00f3n de Negocios de la Universidad Veracruzana (UV) representar\u00e1n a la casa de estudios en la XVIII Expo Emprendedora de la Asociaci\u00f3n Nacional de Facultades y Escuelas de Contadur\u00eda y Administraci\u00f3n (ANFECA), que se llevar\u00e1 a cabo los d\u00edas 10 y 11 de octubre en la Universidad Aut\u00f3noma Benito Ju\u00e1rez de Oaxaca, con sede en esta ciudad.\u00a0<\/span><span data-ccp-props=\"{}\">\u00a0<\/span><\/p>\n<p><span data-contrast=\"auto\">Tania Cecilia Araujo Torres, Ana Karen Landa Cortez y Sergio Aram Becerra Gardu\u00f1o, asesorados por el catedr\u00e1tico C\u00e9sar Augusto Mej\u00eda Gracia, de la Facultad de Contadur\u00eda y Administraci\u00f3n, participar\u00e1n en la categor\u00eda Tradicional del certamen con el proyecto \u201cBoom cool\u201d, que consiste en unas esferas caramelizadas que se disuelven en bebidas y les brindan sabor a michelada.<\/span><span data-ccp-props=\"{&quot;335559731&quot;:708}\">\u00a0<\/span><\/p>\n<p><span data-contrast=\"auto\">Cecilia Araujo relat\u00f3 que la idea surgi\u00f3 y tom\u00f3 forma gracias a los conocimientos adquiridos en las Experiencias Educativas (EE) Fundamentos de Mercadotecnia y Dise\u00f1o y Plan de Negocios.\u00a0<\/span><span data-ccp-props=\"{&quot;335559731&quot;:708}\">\u00a0<\/span><\/p>\n<p><span data-contrast=\"auto\">Explic\u00f3 que las esferas de caramelo est\u00e1n cubiertas con chile en polvo, y adentro contienen el producto que al disolverse otorga el sabor mencionado.<\/span><\/p>\n<p>&nbsp;<\/p>\n<div id=\"attachment_147178\" style=\"width: 732px\" class=\"wp-caption aligncenter\"><img aria-describedby=\"caption-attachment-147178\" decoding=\"async\" loading=\"lazy\" class=\"size-full wp-image-147178\" src=\"https:\/\/www.uv.mx\/prensa\/files\/2024\/09\/180924-CARLOS-Alumnos-proyecto-Boom-cool-2.jpg\" alt=\"\" width=\"722\" height=\"488\" srcset=\"https:\/\/www.uv.mx\/prensa\/files\/2024\/09\/180924-CARLOS-Alumnos-proyecto-Boom-cool-2.jpg 722w, https:\/\/www.uv.mx\/prensa\/files\/2024\/09\/180924-CARLOS-Alumnos-proyecto-Boom-cool-2-300x203.jpg 300w\" sizes=\"(max-width: 722px) 100vw, 722px\" \/><p id=\"caption-attachment-147178\" class=\"wp-caption-text\">El p\u00fablico les ha felicitado por su idea de negocio innovadora<\/p><\/div>\n<p><span data-contrast=\"auto\">\u00a0<\/span><span data-ccp-props=\"{&quot;335559731&quot;:708}\">\u00a0<\/span><\/p>\n<p><span data-contrast=\"auto\">Karen Landa comparti\u00f3 que para acceder a la fase nacional de la XVIII Expo Emprendedora ANFECA debieron ganar los concursos previos, que se llevaron a cabo en su Facultad y en la ciudad de Veracruz.\u00a0<\/span><span data-ccp-props=\"{&quot;335559731&quot;:708}\">\u00a0<\/span><\/p>\n<p><span data-contrast=\"auto\">\u201cNos enfrentamos a diversos retos que superamos r\u00e1pidamente, pues como gestores nos ense\u00f1an a actuar con rapidez ante circunstancias adversas\u201d, manifest\u00f3.<\/span><span data-ccp-props=\"{&quot;335559731&quot;:708}\">\u00a0<\/span><\/p>\n<p><span data-contrast=\"auto\">La joven coment\u00f3 que aunque al principio los jurados evaluadores y el p\u00fablico en general no comprend\u00edan el concepto de su idea, al final los felicitaron porque lo vieron como algo innovador con potencial de ser elevado a una escala comercial.\u00a0<\/span><span data-ccp-props=\"{&quot;335559731&quot;:708}\">\u00a0<\/span><\/p>\n<p><span data-contrast=\"auto\">Sergio Becerra mencion\u00f3 que prepararse a fin de acudir al certamen les sirve de antecedente para realizar futuros proyectos, ya que tendr\u00e1n retroalimentaci\u00f3n de expertos en emprendimiento.<\/span><span data-ccp-props=\"{&quot;335559731&quot;:708}\">\u00a0<\/span><\/p>\n<p><span data-contrast=\"auto\">\u201cLa experiencia nos ha ense\u00f1ado a adaptarnos a las circunstancias y a reducir nuestro margen de error\u201d, enfatiz\u00f3.<\/span><\/p>\n<p>&nbsp;<\/p>\n<div id=\"attachment_147179\" style=\"width: 732px\" class=\"wp-caption aligncenter\"><img aria-describedby=\"caption-attachment-147179\" decoding=\"async\" loading=\"lazy\" class=\"size-full wp-image-147179\" src=\"https:\/\/www.uv.mx\/prensa\/files\/2024\/09\/180924-CARLOS-Alumnos-proyecto-Boom-cool-3.jpg\" alt=\"\" width=\"722\" height=\"451\" srcset=\"https:\/\/www.uv.mx\/prensa\/files\/2024\/09\/180924-CARLOS-Alumnos-proyecto-Boom-cool-3.jpg 722w, https:\/\/www.uv.mx\/prensa\/files\/2024\/09\/180924-CARLOS-Alumnos-proyecto-Boom-cool-3-300x187.jpg 300w, https:\/\/www.uv.mx\/prensa\/files\/2024\/09\/180924-CARLOS-Alumnos-proyecto-Boom-cool-3-200x125.jpg 200w\" sizes=\"(max-width: 722px) 100vw, 722px\" \/><p id=\"caption-attachment-147179\" class=\"wp-caption-text\">Los estudiantes expusieron su proyecto ante miembros del jurado en fases previas<\/p><\/div>\n<p><span data-contrast=\"auto\">\u00a0<\/span><span data-ccp-props=\"{&quot;335559731&quot;:708}\">\u00a0<\/span><\/p>\n<p><span data-contrast=\"auto\">C\u00e9sar Mej\u00eda declar\u00f3 que al asesorar a los j\u00f3venes s\u00f3lo cumple con uno de los prop\u00f3sitos de todo acad\u00e9mico: lograr que sus alumnos trasciendan del aula a la parte pr\u00e1ctica.\u00a0<\/span><span data-ccp-props=\"{&quot;335559731&quot;:708}\">\u00a0<\/span><\/p>\n<p><span data-contrast=\"auto\">Destac\u00f3 que las y los estudiantes cuentan con muchas habilidades, pero su principal elemento diferenciador es la actitud, pues siempre est\u00e1n dispuestos a perseguir sus objetivos y a proponer soluciones ante cualquier reto, adem\u00e1s de poner en alto el nombre de la UV.\u00a0<\/span><span data-ccp-props=\"{&quot;335559731&quot;:708}\">\u00a0<\/span><\/p>\n<p><span data-contrast=\"auto\">\u201cEl trabajo en equipo ha sido clave para llegar a la fase nacional del certamen, porque estos concursos no se ganan con talento individual\u201d, enunci\u00f3.<\/span><span data-ccp-props=\"{&quot;335559731&quot;:708}\">\u00a0<\/span><\/p>\n<p><span data-contrast=\"auto\">En ese sentido, agradecieron a su maestro por apoyarles en todo momento; afirmaron que sin su constante mentor\u00eda la idea se habr\u00eda quedado en un simple proyecto escolar.\u00a0<\/span><span data-ccp-props=\"{&quot;335559731&quot;:708}\">\u00a0<\/span><\/p>\n","protected":false},"excerpt":{"rendered":"<p>Se llevar\u00e1 a cabo los d\u00edas 10 y 11 de octubre en la Universidad Aut\u00f3noma Benito Ju\u00e1rez de Oaxaca\u00a0<\/p>\n","protected":false},"author":2349,"featured_media":147180,"comment_status":"closed","ping_status":"closed","sticky":false,"template":"","format":"standard","meta":[],"categories":[15423,61],"tags":[18857,6739,4161,18856,7371,699,13084,2299,5457,18858,18855,17334,18854],"_links":{"self":[{"href":"https:\/\/www.uv.mx\/prensa\/wp-json\/wp\/v2\/posts\/147282"}],"collection":[{"href":"https:\/\/www.uv.mx\/prensa\/wp-json\/wp\/v2\/posts"}],"about":[{"href":"https:\/\/www.uv.mx\/prensa\/wp-json\/wp\/v2\/types\/post"}],"author":[{"embeddable":true,"href":"https:\/\/www.uv.mx\/prensa\/wp-json\/wp\/v2\/users\/2349"}],"replies":[{"embeddable":true,"href":"https:\/\/www.uv.mx\/prensa\/wp-json\/wp\/v2\/comments?post=147282"}],"version-history":[{"count":1,"href":"https:\/\/www.uv.mx\/prensa\/wp-json\/wp\/v2\/posts\/147282\/revisions"}],"predecessor-version":[{"id":147283,"href":"https:\/\/www.uv.mx\/prensa\/wp-json\/wp\/v2\/posts\/147282\/revisions\/147283"}],"wp:featuredmedia":[{"embeddable":true,"href":"https:\/\/www.uv.mx\/prensa\/wp-json\/wp\/v2\/media\/147180"}],"wp:attachment":[{"href":"https:\/\/www.uv.mx\/prensa\/wp-json\/wp\/v2\/media?parent=147282"}],"wp:term":[{"taxonomy":"category","embeddable":true,"href":"https:\/\/www.uv.mx\/prensa\/wp-json\/wp\/v2\/categories?post=147282"},{"taxonomy":"post_tag","embeddable":true,"href":"https:\/\/www.uv.mx\/prensa\/wp-json\/wp\/v2\/tags?post=147282"}],"curies":[{"name":"wp","href":"https:\/\/api.w.org\/{rel}","templated":true}]}}