{"id":147173,"date":"2024-09-18T14:17:45","date_gmt":"2024-09-18T19:17:45","guid":{"rendered":"https:\/\/www.uv.mx\/prensa\/?p=147173"},"modified":"2024-09-18T17:08:43","modified_gmt":"2024-09-18T22:08:43","slug":"programas-educativos-de-mariachi-atraen-a-estudiantes-hispanos","status":"publish","type":"post","link":"https:\/\/www.uv.mx\/prensa\/cultura\/programas-educativos-de-mariachi-atraen-a-estudiantes-hispanos\/","title":{"rendered":"Programas educativos de mariachi atraen a estudiantes hispanos"},"content":{"rendered":"<ul>\n<li data-leveltext=\"\uf0b7\" data-font=\"Symbol\" data-listid=\"1\" data-list-defn-props=\"{&quot;335552541&quot;:1,&quot;335559685&quot;:720,&quot;335559991&quot;:360,&quot;469769226&quot;:&quot;Symbol&quot;,&quot;469769242&quot;:[8226],&quot;469777803&quot;:&quot;left&quot;,&quot;469777804&quot;:&quot;\uf0b7&quot;,&quot;469777815&quot;:&quot;hybridMultilevel&quot;}\" data-aria-posinset=\"1\" data-aria-level=\"1\"><em>Adolfo Estrada, de Universidad de Nuevo M\u00e9xico, comparti\u00f3 una charla <\/em><i><span data-contrast=\"auto\">en el patio central de la Direcci\u00f3n General de Difusi\u00f3n Cultural de la UV<\/span><\/i><span data-ccp-props=\"{&quot;201341983&quot;:0,&quot;335559739&quot;:0,&quot;335559740&quot;:240}\">\u00a0<\/span><\/li>\n<\/ul>\n<ul>\n<li data-leveltext=\"\uf0b7\" data-font=\"Symbol\" data-listid=\"1\" data-list-defn-props=\"{&quot;335552541&quot;:1,&quot;335559685&quot;:720,&quot;335559991&quot;:360,&quot;469769226&quot;:&quot;Symbol&quot;,&quot;469769242&quot;:[8226],&quot;469777803&quot;:&quot;left&quot;,&quot;469777804&quot;:&quot;\uf0b7&quot;,&quot;469777815&quot;:&quot;hybridMultilevel&quot;}\" data-aria-posinset=\"2\" data-aria-level=\"1\"><i><span data-contrast=\"auto\">La UCLA fue la primera instituci\u00f3n norteamericana en ofrecer clases de mariachi, a iniciativa de Donald R. Borcherdt<\/span><\/i><span data-ccp-props=\"{&quot;201341983&quot;:0,&quot;335559739&quot;:0,&quot;335559740&quot;:240}\">\u00a0<\/span><\/li>\n<\/ul>\n<p><span data-ccp-props=\"{&quot;201341983&quot;:0,&quot;335559739&quot;:0,&quot;335559740&quot;:240}\">\u00a0<\/span><\/p>\n<div id=\"attachment_147152\" style=\"width: 732px\" class=\"wp-caption aligncenter\"><img aria-describedby=\"caption-attachment-147152\" decoding=\"async\" loading=\"lazy\" class=\"size-full wp-image-147152\" src=\"https:\/\/www.uv.mx\/prensa\/files\/2024\/09\/180924-PAOLA-Charla-Mariachi-1.jpg\" alt=\"El acad\u00e9mico de la de Universidad de Nuevo M\u00e9xico, Albuquerque, imparti\u00f3 la charla \" width=\"722\" height=\"416\" srcset=\"https:\/\/www.uv.mx\/prensa\/files\/2024\/09\/180924-PAOLA-Charla-Mariachi-1.jpg 722w, https:\/\/www.uv.mx\/prensa\/files\/2024\/09\/180924-PAOLA-Charla-Mariachi-1-300x173.jpg 300w\" sizes=\"(max-width: 722px) 100vw, 722px\" \/><p id=\"caption-attachment-147152\" class=\"wp-caption-text\">El acad\u00e9mico de la Universidad de Nuevo M\u00e9xico, Albuquerque, imparti\u00f3 la charla<\/p><\/div>\n<p>&nbsp;<\/p>\n<p><b><i><span data-contrast=\"auto\">Paola Cort\u00e9s P\u00e9rez<\/span><\/i><\/b><span data-ccp-props=\"{&quot;201341983&quot;:0,&quot;335559739&quot;:0,&quot;335559740&quot;:240}\">\u00a0<\/span><\/p>\n<p><b><i><span data-contrast=\"auto\">Fotos: Omar Portilla Palacios<\/span><\/i><\/b><\/p>\n<p><b><i><span data-contrast=\"auto\">18\/09\/2024, Xalapa, Ver.-<\/span><\/i><\/b><span data-contrast=\"auto\"> Las universidades norteamericanas usan las agrupaciones de mariachi en sus campa\u00f1as de <\/span><i><span data-contrast=\"auto\">marketing<\/span><\/i><span data-contrast=\"auto\"> para atraer a m\u00e1s estudiantes hispanos a matricularse, expres\u00f3 Adolfo Estrada, acad\u00e9mico de Universidad de Nuevo M\u00e9xico, Albuquerque, al impartir la charla \u201cEl mariachi dentro de las instituciones universitarias en Estados Unidos (EEUU), formando un fen\u00f3meno interconecto\u201d.<\/span><span data-ccp-props=\"{&quot;201341983&quot;:0,&quot;335559739&quot;:0,&quot;335559740&quot;:240}\">\u00a0<\/span><\/p>\n<p><span data-contrast=\"auto\">En el patio central de la Direcci\u00f3n General de Difusi\u00f3n Cultural de la Universidad Veracruzana (UV), el conferencista dijo que el 25% de la poblaci\u00f3n de EEUU est\u00e1 registrada como hispano-latina, de ah\u00ed la iniciativa de usar al mariachi y el ballet folcl\u00f3rico para incrementar su matr\u00edcula estudiantil.<\/span><\/p>\n<div id=\"attachment_147153\" style=\"width: 732px\" class=\"wp-caption aligncenter\"><img aria-describedby=\"caption-attachment-147153\" decoding=\"async\" loading=\"lazy\" class=\"size-full wp-image-147153\" src=\"https:\/\/www.uv.mx\/prensa\/files\/2024\/09\/180924-PAOLA-Charla-Mariachi-2.jpg\" alt=\"Adolfo Estrada dijo que los primeros grupos de mariachi estaban conformados por profesores y alumnos que no eran mexicanos \" width=\"722\" height=\"429\" srcset=\"https:\/\/www.uv.mx\/prensa\/files\/2024\/09\/180924-PAOLA-Charla-Mariachi-2.jpg 722w, https:\/\/www.uv.mx\/prensa\/files\/2024\/09\/180924-PAOLA-Charla-Mariachi-2-300x178.jpg 300w\" sizes=\"(max-width: 722px) 100vw, 722px\" \/><p id=\"caption-attachment-147153\" class=\"wp-caption-text\">Adolfo Estrada dijo que los primeros grupos de mariachi estaban conformados por profesores y alumnos que no eran mexicanos<\/p><\/div>\n<p>&nbsp;<\/p>\n<p><span data-contrast=\"auto\">La Universidad de California en Los \u00c1ngeles (UCLA) fue la primera instituci\u00f3n acad\u00e9mica en ofrecer clases de mariachi en territorio norteamericano, despu\u00e9s de que en 1961 Donald R. Borcherdt iniciara esta clase en el entonces Instituto de Etnomusicolog\u00eda (ahora Departamento de Etnomusicolog\u00eda).<\/span><span data-ccp-props=\"{&quot;201341983&quot;:0,&quot;335559731&quot;:708,&quot;335559739&quot;:0,&quot;335559740&quot;:240}\">\u00a0<\/span><\/p>\n<p><span data-contrast=\"auto\">En 1962 surgi\u00f3 el primer mariachi universitario en EEUU, algunos de sus integrantes eran profesores y estudiantes, pero ninguno de ascendencia mexicana. El 3 de julio de 1963 ofrecieron su primer concierto.<\/span><\/p>\n<div id=\"attachment_147154\" style=\"width: 732px\" class=\"wp-caption aligncenter\"><img aria-describedby=\"caption-attachment-147154\" decoding=\"async\" loading=\"lazy\" class=\"size-full wp-image-147154\" src=\"https:\/\/www.uv.mx\/prensa\/files\/2024\/09\/180924-PAOLA-Charla-Mariachi-3.jpg\" alt=\"La UCLA fue la primera instituci\u00f3n acad\u00e9mica en ofrecer clases de mariachi en EEUU \" width=\"722\" height=\"426\" srcset=\"https:\/\/www.uv.mx\/prensa\/files\/2024\/09\/180924-PAOLA-Charla-Mariachi-3.jpg 722w, https:\/\/www.uv.mx\/prensa\/files\/2024\/09\/180924-PAOLA-Charla-Mariachi-3-300x177.jpg 300w\" sizes=\"(max-width: 722px) 100vw, 722px\" \/><p id=\"caption-attachment-147154\" class=\"wp-caption-text\">La UCLA fue la primera instituci\u00f3n acad\u00e9mica en ofrecer clases de mariachi en EEUU<\/p><\/div>\n<p>&nbsp;<\/p>\n<p><span data-contrast=\"auto\">En la actualidad, mencion\u00f3, se ense\u00f1a m\u00fasica de mariachi en las escuelas, institutos y universidades de San Antonio, Texas, convirti\u00e9ndose en el primer paso para el surgimiento de programas educativos en el pa\u00eds norteamericano.<\/span><span data-ccp-props=\"{&quot;201341983&quot;:0,&quot;335559731&quot;:708,&quot;335559739&quot;:0,&quot;335559740&quot;:240}\">\u00a0<\/span><\/p>\n<p><span data-contrast=\"auto\">Asimismo, han ganado relevancia los concursos y festivales de este g\u00e9nero musical, donde se imparten clases, hay presentaciones, exhibiciones, concursos para el alumnado y un concierto donde los participantes interpretan un repertorio original.<\/span><\/p>\n<div id=\"attachment_147155\" style=\"width: 732px\" class=\"wp-caption aligncenter\"><img aria-describedby=\"caption-attachment-147155\" decoding=\"async\" loading=\"lazy\" class=\"size-full wp-image-147155\" src=\"https:\/\/www.uv.mx\/prensa\/files\/2024\/09\/180924-PAOLA-Charla-Mariachi-4.jpg\" alt=\"Programas educativos de mariachi son usados para atraer a m\u00e1s estudiantes hispanohablantes \" width=\"722\" height=\"447\" srcset=\"https:\/\/www.uv.mx\/prensa\/files\/2024\/09\/180924-PAOLA-Charla-Mariachi-4.jpg 722w, https:\/\/www.uv.mx\/prensa\/files\/2024\/09\/180924-PAOLA-Charla-Mariachi-4-300x186.jpg 300w, https:\/\/www.uv.mx\/prensa\/files\/2024\/09\/180924-PAOLA-Charla-Mariachi-4-200x125.jpg 200w\" sizes=\"(max-width: 722px) 100vw, 722px\" \/><p id=\"caption-attachment-147155\" class=\"wp-caption-text\">Programas educativos de mariachi son usados para atraer a m\u00e1s estudiantes hispanohablantes<\/p><\/div>\n<p>&nbsp;<\/p>\n<p><span data-contrast=\"auto\">\u201cLos concursos han ganado popularidad a trav\u00e9s de la creaci\u00f3n de programas acad\u00e9micos en la regi\u00f3n sureste, ya que permiten a los estudiantes la oportunidad de mostrar su talento y cultivar la creatividad a la hora de presentar arreglos musicales. El prestigio es la principal motivaci\u00f3n\u201d.<\/span><span data-ccp-props=\"{&quot;201341983&quot;:0,&quot;335559731&quot;:708,&quot;335559739&quot;:0,&quot;335559740&quot;:240}\">\u00a0<\/span><\/p>\n<p><span data-contrast=\"auto\">El ponente se\u00f1al\u00f3 que la creaci\u00f3n e inclusi\u00f3n de programas acad\u00e9micos de mariachi en las instituciones de educaci\u00f3n superior \u201cson a iniciativa de alumnos que recibieron formaci\u00f3n en la preparatoria y no cursan estudios musicales.\u201d<\/span><span data-ccp-props=\"{&quot;201341983&quot;:0,&quot;335559731&quot;:708,&quot;335559739&quot;:0,&quot;335559740&quot;:240}\">\u00a0<\/span><\/p>\n","protected":false},"excerpt":{"rendered":"<p>En la actualidad han tomado relevancia los concursos y festivales de este g\u00e9nero musical<\/p>\n","protected":false},"author":1775,"featured_media":147156,"comment_status":"closed","ping_status":"closed","sticky":false,"template":"","format":"standard","meta":[],"categories":[11,47,61],"tags":[1960,743,1235,18813,17690,18816,18817,13408,2247,13295,6462,4164,18815,18814,18812],"_links":{"self":[{"href":"https:\/\/www.uv.mx\/prensa\/wp-json\/wp\/v2\/posts\/147173"}],"collection":[{"href":"https:\/\/www.uv.mx\/prensa\/wp-json\/wp\/v2\/posts"}],"about":[{"href":"https:\/\/www.uv.mx\/prensa\/wp-json\/wp\/v2\/types\/post"}],"author":[{"embeddable":true,"href":"https:\/\/www.uv.mx\/prensa\/wp-json\/wp\/v2\/users\/1775"}],"replies":[{"embeddable":true,"href":"https:\/\/www.uv.mx\/prensa\/wp-json\/wp\/v2\/comments?post=147173"}],"version-history":[{"count":1,"href":"https:\/\/www.uv.mx\/prensa\/wp-json\/wp\/v2\/posts\/147173\/revisions"}],"predecessor-version":[{"id":147182,"href":"https:\/\/www.uv.mx\/prensa\/wp-json\/wp\/v2\/posts\/147173\/revisions\/147182"}],"wp:featuredmedia":[{"embeddable":true,"href":"https:\/\/www.uv.mx\/prensa\/wp-json\/wp\/v2\/media\/147156"}],"wp:attachment":[{"href":"https:\/\/www.uv.mx\/prensa\/wp-json\/wp\/v2\/media?parent=147173"}],"wp:term":[{"taxonomy":"category","embeddable":true,"href":"https:\/\/www.uv.mx\/prensa\/wp-json\/wp\/v2\/categories?post=147173"},{"taxonomy":"post_tag","embeddable":true,"href":"https:\/\/www.uv.mx\/prensa\/wp-json\/wp\/v2\/tags?post=147173"}],"curies":[{"name":"wp","href":"https:\/\/api.w.org\/{rel}","templated":true}]}}