{"id":147127,"date":"2024-09-17T18:12:02","date_gmt":"2024-09-17T23:12:02","guid":{"rendered":"https:\/\/www.uv.mx\/prensa\/?p=147127"},"modified":"2024-09-17T18:12:02","modified_gmt":"2024-09-17T23:12:02","slug":"licenciatura-en-geografia-uv-dos-decadas-de-explorar-horizontes","status":"publish","type":"post","link":"https:\/\/www.uv.mx\/prensa\/banner\/licenciatura-en-geografia-uv-dos-decadas-de-explorar-horizontes\/","title":{"rendered":"Licenciatura en Geograf\u00eda UV, dos d\u00e9cadas de explorar horizontes"},"content":{"rendered":"<ul>\n<li data-leveltext=\"\uf0b7\" data-font=\"Symbol\" data-listid=\"1\" data-list-defn-props=\"{&quot;335551671&quot;:0,&quot;335552541&quot;:1,&quot;335559685&quot;:720,&quot;335559991&quot;:360,&quot;469769226&quot;:&quot;Symbol&quot;,&quot;469769242&quot;:[8226],&quot;469777803&quot;:&quot;left&quot;,&quot;469777804&quot;:&quot;\uf0b7&quot;,&quot;469777815&quot;:&quot;hybridMultilevel&quot;}\" data-aria-posinset=\"0\" data-aria-level=\"1\"><i><span data-contrast=\"auto\">La entidad acad\u00e9mica celebr\u00f3 20 a\u00f1os de formar ge\u00f3grafas y ge\u00f3grafos que han trascendido fronteras<\/span><\/i><span data-ccp-props=\"{&quot;201341983&quot;:0,&quot;335559739&quot;:0,&quot;335559740&quot;:240}\">\u00a0<\/span><\/li>\n<\/ul>\n<ul>\n<li data-leveltext=\"\uf0b7\" data-font=\"Symbol\" data-listid=\"1\" data-list-defn-props=\"{&quot;335551671&quot;:0,&quot;335552541&quot;:1,&quot;335559685&quot;:720,&quot;335559991&quot;:360,&quot;469769226&quot;:&quot;Symbol&quot;,&quot;469769242&quot;:[8226],&quot;469777803&quot;:&quot;left&quot;,&quot;469777804&quot;:&quot;\uf0b7&quot;,&quot;469777815&quot;:&quot;hybridMultilevel&quot;}\" data-aria-posinset=\"1\" data-aria-level=\"1\"><i><span data-contrast=\"auto\">La casa de estudios veracruzana es una de las nueve instituciones en el pa\u00eds que ofrece el programa educativo<\/span><\/i><span data-ccp-props=\"{&quot;201341983&quot;:0,&quot;335559739&quot;:0,&quot;335559740&quot;:240}\">\u00a0<\/span><\/li>\n<\/ul>\n<p><span data-ccp-props=\"{&quot;201341983&quot;:0,&quot;335559739&quot;:0,&quot;335559740&quot;:240}\">\u00a0<\/span><\/p>\n<div id=\"attachment_147104\" style=\"width: 732px\" class=\"wp-caption aligncenter\"><img loading=\"lazy\" decoding=\"async\" aria-describedby=\"caption-attachment-147104\" class=\"size-full wp-image-147104\" src=\"https:\/\/www.uv.mx\/prensa\/files\/2024\/09\/170924-COUTTOLENC-Aniversario-20-Geografia-1-ok-ok.jpg\" alt=\"\" width=\"722\" height=\"467\" srcset=\"https:\/\/www.uv.mx\/prensa\/files\/2024\/09\/170924-COUTTOLENC-Aniversario-20-Geografia-1-ok-ok.jpg 722w, https:\/\/www.uv.mx\/prensa\/files\/2024\/09\/170924-COUTTOLENC-Aniversario-20-Geografia-1-ok-ok-300x194.jpg 300w\" sizes=\"auto, (max-width: 722px) 100vw, 722px\" \/><p id=\"caption-attachment-147104\" class=\"wp-caption-text\">Jos\u00e9 Luis S\u00e1nchez Leyva dijo que la geograf\u00eda ha demostrado ser fundamental en la comprensi\u00f3n de los complejos fen\u00f3menos que afectan al entorno y la sociedad<\/p><\/div>\n<p><span data-ccp-props=\"{&quot;201341983&quot;:0,&quot;335559739&quot;:0,&quot;335559740&quot;:240}\">\u00a0<\/span><\/p>\n<p><b><i><span data-contrast=\"auto\">Jos\u00e9 Luis Couttolenc Soto<\/span><\/i><\/b><span data-ccp-props=\"{&quot;201341983&quot;:0,&quot;335559739&quot;:0,&quot;335559740&quot;:240}\">\u00a0<\/span><\/p>\n<p><b><i><span data-contrast=\"auto\">Fotos: Luis Fernando Fern\u00e1ndez<\/span><\/i><\/b><span data-ccp-props=\"{&quot;201341983&quot;:0,&quot;335559739&quot;:0,&quot;335559740&quot;:240}\">\u00a0<\/span><\/p>\n<p><span data-ccp-props=\"{&quot;201341983&quot;:0,&quot;335559739&quot;:0,&quot;335559740&quot;:240}\">\u00a0<\/span><\/p>\n<p><b><i><span data-contrast=\"auto\">17\/09\/2024, Xalapa, Ver.- <\/span><\/i><\/b><span data-contrast=\"auto\">Jos\u00e9 Luis S\u00e1nchez Leyva, director general del \u00c1rea Acad\u00e9mica Econ\u00f3mico-Administrativa de la Universidad Veracruzana (UV), encabez\u00f3 el acto de celebraci\u00f3n por el 20 aniversario de la Licenciatura en Geograf\u00eda y dijo que \u00e9sta, como ciencia del conocimiento, ha demostrado ser fundamental en la comprensi\u00f3n de los complejos fen\u00f3menos que afectan el entorno y a la sociedad.<\/span><span data-ccp-props=\"{&quot;201341983&quot;:0,&quot;335559739&quot;:0,&quot;335559740&quot;:240}\">\u00a0<\/span><\/p>\n<p><span data-contrast=\"auto\">En el evento, realizado en el auditorio del Museo de Antropolog\u00eda de Xalapa (MAX), S\u00e1nchez Leyva agreg\u00f3 que la UV es una de las nueve instituciones en el pa\u00eds que cuentan con este programa educativo de Licenciatura en Geograf\u00eda.<\/span><span data-ccp-props=\"{&quot;201341983&quot;:0,&quot;335559739&quot;:0,&quot;335559740&quot;:240}\">\u00a0<\/span><\/p>\n<p><span data-contrast=\"auto\">Por ello, la formaci\u00f3n de profesionales en esta disciplina ha permitido abordar desaf\u00edos como el cambio clim\u00e1tico, la gesti\u00f3n de recursos naturales, la planificaci\u00f3n territorial y el desarrollo sostenible.<\/span><\/p>\n<p>&nbsp;<\/p>\n<div id=\"attachment_147105\" style=\"width: 732px\" class=\"wp-caption aligncenter\"><img loading=\"lazy\" decoding=\"async\" aria-describedby=\"caption-attachment-147105\" class=\"size-full wp-image-147105\" src=\"https:\/\/www.uv.mx\/prensa\/files\/2024\/09\/170924-COUTTOLENC-Aniversario-20-Geografia-2-ok.jpg\" alt=\"\" width=\"722\" height=\"481\" srcset=\"https:\/\/www.uv.mx\/prensa\/files\/2024\/09\/170924-COUTTOLENC-Aniversario-20-Geografia-2-ok.jpg 722w, https:\/\/www.uv.mx\/prensa\/files\/2024\/09\/170924-COUTTOLENC-Aniversario-20-Geografia-2-ok-300x200.jpg 300w\" sizes=\"auto, (max-width: 722px) 100vw, 722px\" \/><p id=\"caption-attachment-147105\" class=\"wp-caption-text\">Profesores fueron reconocidos en la ceremonia<\/p><\/div>\n<p>&nbsp;<\/p>\n<p><span data-contrast=\"auto\">Resalt\u00f3 que es una disciplina que escruta los paisajes terrestres y desentra\u00f1a sus secretos; ha encontrado en la UV su espacio de cultivo y florecimiento, pues durante 20 a\u00f1os ha sido testigo de la metamorfosis de j\u00f3venes inquietos, expertos cart\u00f3grafos, analistas de sistemas sociales, investigadores en la din\u00e1mica territorial y guardianes de la sostenibilidad ambiental.<\/span><span data-ccp-props=\"{&quot;201341983&quot;:0,&quot;335559739&quot;:0,&quot;335559740&quot;:240}\">\u00a0<\/span><\/p>\n<p><span data-contrast=\"auto\">Narda Garrido Mart\u00ednez, jefa de carrera de Geograf\u00eda, dio a conocer que el programa se ha acreditado dos veces con el nivel m\u00e1ximo de calidad (2017 y 2022); en el transcurso de dos d\u00e9cadas han trabajado con tres distintos planes de estudio, de los cuales la tercera actualizaci\u00f3n corresponde a los retos propios de la disciplina en el contexto cient\u00edfico contempor\u00e1neo, incluyendo \u00e1reas de profundizaci\u00f3n en la preparaci\u00f3n profesional, como la geom\u00e1tica, planeaci\u00f3n territorial en espacios urbanos y la gesti\u00f3n integral del riesgo.<\/span><span data-ccp-props=\"{&quot;201341983&quot;:0,&quot;335559739&quot;:0,&quot;335559740&quot;:240}\">\u00a0<\/span><\/p>\n<p><span data-contrast=\"auto\">A la fecha han egresado m\u00e1s de 400 profesionales que se han incorporado al campo laboral en \u00e1reas de investigaci\u00f3n geogr\u00e1fica b\u00e1sica, en actividades de car\u00e1cter t\u00e9cnico cartogr\u00e1fico en donde aplican sus competencias tanto de gabinete como de campo.<\/span><\/p>\n<p>&nbsp;<\/p>\n<div id=\"attachment_147106\" style=\"width: 732px\" class=\"wp-caption aligncenter\"><img loading=\"lazy\" decoding=\"async\" aria-describedby=\"caption-attachment-147106\" class=\"size-full wp-image-147106\" src=\"https:\/\/www.uv.mx\/prensa\/files\/2024\/09\/170924-COUTTOLENC-Aniversario-20-Geografia-3-ok.jpg\" alt=\"\" width=\"722\" height=\"481\" srcset=\"https:\/\/www.uv.mx\/prensa\/files\/2024\/09\/170924-COUTTOLENC-Aniversario-20-Geografia-3-ok.jpg 722w, https:\/\/www.uv.mx\/prensa\/files\/2024\/09\/170924-COUTTOLENC-Aniversario-20-Geografia-3-ok-300x200.jpg 300w\" sizes=\"auto, (max-width: 722px) 100vw, 722px\" \/><p id=\"caption-attachment-147106\" class=\"wp-caption-text\">El programa educativo de Geograf\u00eda ha sido acreditado dos veces con el nivel m\u00e1ximo de calidad, dio a conocer Narda Garrido Mart\u00ednez<\/p><\/div>\n<p><span data-ccp-props=\"{&quot;201341983&quot;:0,&quot;335559739&quot;:0,&quot;335559740&quot;:240}\">\u00a0<\/span><\/p>\n<p><span data-contrast=\"auto\">\u201cLa geograf\u00eda no es s\u00f3lo una ciencia, es la br\u00fajula que nos gu\u00eda hacia un futuro m\u00e1s sostenible, equitativo y justo, sigamos caminando juntos en esta ruta que apenas comienza\u201d, destac\u00f3 la acad\u00e9mica.<\/span><span data-ccp-props=\"{&quot;201341983&quot;:0,&quot;335559739&quot;:0,&quot;335559740&quot;:240}\">\u00a0<\/span><\/p>\n<p><span data-contrast=\"auto\">En la ceremonia, autoridades universitarias entregaron reconocimientos a profesores fundadores de la licenciatura y a los de mayor antig\u00fcedad docente, as\u00ed como a los que forman parte del Sistema Nacional de Investigadoras e Investigadores.<\/span><span data-ccp-props=\"{&quot;201341983&quot;:0,&quot;335559739&quot;:0,&quot;335559740&quot;:240}\">\u00a0<\/span><\/p>\n<p><span data-contrast=\"auto\">Atendieron a la ceremonia: Seraf\u00edn Flores de la Cruz, director general de Vinculaci\u00f3n; Carlos Manuel Welsh Rodr\u00edguez, coordinador del Centro de Ciencias de la Tierra; Ferm\u00edn Cabo Leyva, director de la Facultad de Econom\u00eda, y Mar\u00eda Isabel Dom\u00ednguez Cuacua, directora de Planeaci\u00f3n, Programaci\u00f3n y Presupuesto del Colegio de Bachilleres del Estado de Veracruz.<\/span><\/p>\n<p>&nbsp;<\/p>\n<div id=\"attachment_147107\" style=\"width: 732px\" class=\"wp-caption aligncenter\"><img loading=\"lazy\" decoding=\"async\" aria-describedby=\"caption-attachment-147107\" class=\"size-full wp-image-147107\" src=\"https:\/\/www.uv.mx\/prensa\/files\/2024\/09\/170924-COUTTOLENC-Aniversario-20-Geografia-4-ok.jpg\" alt=\"\" width=\"722\" height=\"481\" srcset=\"https:\/\/www.uv.mx\/prensa\/files\/2024\/09\/170924-COUTTOLENC-Aniversario-20-Geografia-4-ok.jpg 722w, https:\/\/www.uv.mx\/prensa\/files\/2024\/09\/170924-COUTTOLENC-Aniversario-20-Geografia-4-ok-300x200.jpg 300w\" sizes=\"auto, (max-width: 722px) 100vw, 722px\" \/><p id=\"caption-attachment-147107\" class=\"wp-caption-text\">El auditorio \u201cAlfonso Medell\u00edn Zenil\u201d del MAX fue sede de la celebraci\u00f3n institucional<\/p><\/div>\n","protected":false},"excerpt":{"rendered":"<p>Como ciencia del conocimiento, es fundamental en la comprensi\u00f3n de fen\u00f3menos que afectan el entorno y la sociedad\u00a0<\/p>\n","protected":false},"author":2349,"featured_media":147108,"comment_status":"closed","ping_status":"closed","sticky":false,"template":"","format":"standard","meta":{"footnotes":""},"categories":[15424,61],"tags":[2444,3650,1787,4448,18794,2644,18792,15893,4162,5229,6592,6558,18793,1296,16327],"class_list":["post-147127","post","type-post","status-publish","format-standard","has-post-thumbnail","hentry","category-planta-academica","category-banner","tag-20-aniversario","tag-acreditacion","tag-area-academica-economico-administrativa","tag-ceremonia","tag-espacios-urbanos","tag-festejos","tag-geomatica","tag-gestion-integral-del-riesgo","tag-jose-luis-couttolenc-soto","tag-licenciatura-en-geografia","tag-luis-fernando-fernandez","tag-museo-de-antropologia-de-xalapa-max","tag-planeacion-territorial","tag-programa-educativo","tag-sistema-nacional-de-investigadoras-e-investigadores"],"_links":{"self":[{"href":"https:\/\/www.uv.mx\/prensa\/wp-json\/wp\/v2\/posts\/147127","targetHints":{"allow":["GET"]}}],"collection":[{"href":"https:\/\/www.uv.mx\/prensa\/wp-json\/wp\/v2\/posts"}],"about":[{"href":"https:\/\/www.uv.mx\/prensa\/wp-json\/wp\/v2\/types\/post"}],"author":[{"embeddable":true,"href":"https:\/\/www.uv.mx\/prensa\/wp-json\/wp\/v2\/users\/2349"}],"replies":[{"embeddable":true,"href":"https:\/\/www.uv.mx\/prensa\/wp-json\/wp\/v2\/comments?post=147127"}],"version-history":[{"count":1,"href":"https:\/\/www.uv.mx\/prensa\/wp-json\/wp\/v2\/posts\/147127\/revisions"}],"predecessor-version":[{"id":147142,"href":"https:\/\/www.uv.mx\/prensa\/wp-json\/wp\/v2\/posts\/147127\/revisions\/147142"}],"wp:featuredmedia":[{"embeddable":true,"href":"https:\/\/www.uv.mx\/prensa\/wp-json\/wp\/v2\/media\/147108"}],"wp:attachment":[{"href":"https:\/\/www.uv.mx\/prensa\/wp-json\/wp\/v2\/media?parent=147127"}],"wp:term":[{"taxonomy":"category","embeddable":true,"href":"https:\/\/www.uv.mx\/prensa\/wp-json\/wp\/v2\/categories?post=147127"},{"taxonomy":"post_tag","embeddable":true,"href":"https:\/\/www.uv.mx\/prensa\/wp-json\/wp\/v2\/tags?post=147127"}],"curies":[{"name":"wp","href":"https:\/\/api.w.org\/{rel}","templated":true}]}}