{"id":146921,"date":"2024-09-11T12:41:07","date_gmt":"2024-09-11T17:41:07","guid":{"rendered":"https:\/\/www.uv.mx\/prensa\/?p=146921"},"modified":"2024-09-11T12:41:07","modified_gmt":"2024-09-11T17:41:07","slug":"max-tiene-en-exhibicion-replica-del-huipil-atribuido-a-malintzin","status":"publish","type":"post","link":"https:\/\/www.uv.mx\/prensa\/cultura\/max-tiene-en-exhibicion-replica-del-huipil-atribuido-a-malintzin\/","title":{"rendered":"MAX tiene en exhibici\u00f3n r\u00e9plica del huipil atribuido a Malintzin"},"content":{"rendered":"<ul>\n<li data-leveltext=\"\uf0b7\" data-font=\"Symbol\" data-listid=\"3\" data-list-defn-props=\"{&quot;335552541&quot;:1,&quot;335559685&quot;:720,&quot;335559991&quot;:360,&quot;469769226&quot;:&quot;Symbol&quot;,&quot;469769242&quot;:[8226],&quot;469777803&quot;:&quot;left&quot;,&quot;469777804&quot;:&quot;\uf0b7&quot;,&quot;469777815&quot;:&quot;hybridMultilevel&quot;}\" data-aria-posinset=\"1\" data-aria-level=\"1\"><i><span data-contrast=\"auto\">Estudios de carbono-14 de la pieza textil original, indican que la prenda corresponde a finales del siglo XVII y principios del XVIII, y no al XVI como se supon\u00eda<\/span><\/i><span data-ccp-props=\"{&quot;134233117&quot;:false,&quot;134233118&quot;:false,&quot;201341983&quot;:0,&quot;335557856&quot;:16777215,&quot;335559738&quot;:0,&quot;335559739&quot;:0,&quot;335559740&quot;:240}\">\u00a0<\/span><\/li>\n<\/ul>\n<ul>\n<li data-leveltext=\"\uf0b7\" data-font=\"Symbol\" data-listid=\"3\" data-list-defn-props=\"{&quot;335552541&quot;:1,&quot;335559685&quot;:720,&quot;335559991&quot;:360,&quot;469769226&quot;:&quot;Symbol&quot;,&quot;469769242&quot;:[8226],&quot;469777803&quot;:&quot;left&quot;,&quot;469777804&quot;:&quot;\uf0b7&quot;,&quot;469777815&quot;:&quot;hybridMultilevel&quot;}\" data-aria-posinset=\"2\" data-aria-level=\"1\"><i><span data-contrast=\"auto\">Con la conferencia \u201cEl huipil atribuido a la Malintzin: producci\u00f3n intelectual y advenir\u201d, la Facultad de Antropolog\u00eda de la UV inici\u00f3 cursos<\/span><\/i><span data-ccp-props=\"{&quot;134233117&quot;:false,&quot;134233118&quot;:false,&quot;201341983&quot;:0,&quot;335557856&quot;:16777215,&quot;335559738&quot;:0,&quot;335559739&quot;:0,&quot;335559740&quot;:240}\">\u00a0<\/span><\/li>\n<\/ul>\n<p>&nbsp;<\/p>\n<div id=\"attachment_146756\" style=\"width: 732px\" class=\"wp-caption aligncenter\"><a href=\"https:\/\/www.uv.mx\/prensa\/files\/2024\/09\/050924-COUTTOLENC-Huipil-Malintzin-1.jpg\"><img aria-describedby=\"caption-attachment-146756\" decoding=\"async\" loading=\"lazy\" class=\"size-full wp-image-146756\" src=\"https:\/\/www.uv.mx\/prensa\/files\/2024\/09\/050924-COUTTOLENC-Huipil-Malintzin-1.jpg\" alt=\"\" width=\"722\" height=\"457\" srcset=\"https:\/\/www.uv.mx\/prensa\/files\/2024\/09\/050924-COUTTOLENC-Huipil-Malintzin-1.jpg 722w, https:\/\/www.uv.mx\/prensa\/files\/2024\/09\/050924-COUTTOLENC-Huipil-Malintzin-1-300x190.jpg 300w\" sizes=\"(max-width: 722px) 100vw, 722px\" \/><\/a><p id=\"caption-attachment-146756\" class=\"wp-caption-text\">Arturo G\u00f3mez Mart\u00ednez ofreci\u00f3 la conferencia \u201cEl huipil atribuido a la Malintzin: producci\u00f3n intelectual y advenir\u201d<\/p><\/div>\n<p>&nbsp;<\/p>\n<p><b><i><span data-contrast=\"auto\">Jos\u00e9 Luis Couttolenc Soto<\/span><\/i><\/b><span data-ccp-props=\"{&quot;134233117&quot;:false,&quot;134233118&quot;:false,&quot;201341983&quot;:0,&quot;335557856&quot;:16777215,&quot;335559738&quot;:0,&quot;335559739&quot;:0,&quot;335559740&quot;:240}\">\u00a0<\/span><\/p>\n<p><b><i><span data-contrast=\"auto\">Fotos: Omar Portilla Palacios<\/span><\/i><\/b><span data-ccp-props=\"{&quot;134233117&quot;:false,&quot;134233118&quot;:false,&quot;201341983&quot;:0,&quot;335557856&quot;:16777215,&quot;335559738&quot;:0,&quot;335559739&quot;:0,&quot;335559740&quot;:240}\">\u00a0<\/span><\/p>\n<p><b><i><span data-contrast=\"auto\">11\/09\/2024, Xalapa, Ver.- <\/span><\/i><\/b><span data-contrast=\"auto\">Invitado por la Facultad de Antropolog\u00eda de la Universidad Veracruzana (UV), Arturo G\u00f3mez Mart\u00ednez, subdirector de Etnograf\u00eda del Museo Nacional de Antropolog\u00eda (MNA), ofreci\u00f3 la conferencia \u201cEl huipil atribuido a la Malintzin: producci\u00f3n intelectual y advenir\u201d, con la que la entidad acad\u00e9mica inici\u00f3 sus cursos.<\/span><span data-ccp-props=\"{&quot;134233117&quot;:false,&quot;134233118&quot;:false,&quot;201341983&quot;:0,&quot;335557856&quot;:16777215,&quot;335559738&quot;:0,&quot;335559739&quot;:0,&quot;335559740&quot;:240}\">\u00a0<\/span><\/p>\n<p><span data-contrast=\"auto\">El investigador, egresado de esta Facultad, en charla amena y sencilla con los j\u00f3venes universitarios comparti\u00f3 el trabajo interdisciplinario que hace la antropolog\u00eda, en el caso particular el MNA, con relaci\u00f3n al patrimonio cultural de M\u00e9xico.<\/span><span data-ccp-props=\"{&quot;134233117&quot;:false,&quot;134233118&quot;:false,&quot;201341983&quot;:0,&quot;335557856&quot;:16777215,&quot;335559738&quot;:0,&quot;335559739&quot;:0,&quot;335559740&quot;:240}\">\u00a0<\/span><\/p>\n<p>&nbsp;<\/p>\n<div id=\"attachment_146759\" style=\"width: 732px\" class=\"wp-caption aligncenter\"><a href=\"https:\/\/www.uv.mx\/prensa\/files\/2024\/09\/050924-COUTTOLENC-Huipil-Malintzin-2.jpg\"><img aria-describedby=\"caption-attachment-146759\" decoding=\"async\" loading=\"lazy\" class=\"size-full wp-image-146759\" src=\"https:\/\/www.uv.mx\/prensa\/files\/2024\/09\/050924-COUTTOLENC-Huipil-Malintzin-2.jpg\" alt=\"\" width=\"722\" height=\"448\" srcset=\"https:\/\/www.uv.mx\/prensa\/files\/2024\/09\/050924-COUTTOLENC-Huipil-Malintzin-2.jpg 722w, https:\/\/www.uv.mx\/prensa\/files\/2024\/09\/050924-COUTTOLENC-Huipil-Malintzin-2-300x186.jpg 300w, https:\/\/www.uv.mx\/prensa\/files\/2024\/09\/050924-COUTTOLENC-Huipil-Malintzin-2-200x125.jpg 200w\" sizes=\"(max-width: 722px) 100vw, 722px\" \/><\/a><p id=\"caption-attachment-146759\" class=\"wp-caption-text\">El MAX tendr\u00e1 en exhibici\u00f3n durante un mes una r\u00e9plica del huipil err\u00f3neamente atribuido a Malintzin<\/p><\/div>\n<p>&nbsp;<\/p>\n<p><span data-contrast=\"auto\">Explic\u00f3 que el pretexto de esta charla es una pieza textil que se supon\u00eda correspond\u00eda al siglo XVI y se atribu\u00eda a Malintzin o Malinalli, como se le conoc\u00eda tambi\u00e9n, pero estudios de carbono-14 efectuados de 1996 a 1998, dieron por resultado que la pieza corresponde a finales del siglo XVII y principios del XVIII.<\/span><span data-ccp-props=\"{&quot;134233117&quot;:false,&quot;134233118&quot;:false,&quot;201341983&quot;:0,&quot;335557856&quot;:16777215,&quot;335559738&quot;:0,&quot;335559739&quot;:0,&quot;335559740&quot;:240}\">\u00a0<\/span><\/p>\n<p><span data-contrast=\"auto\">En diferentes c\u00f3dices, Malintzin, conocida popularmente como la Malinche, es representada portando huipiles con caracter\u00edsticas similares, como el Lienzo de Tlaxcala y los C\u00f3dices de Azcatitl\u00e1n, Tizap\u00e1n, Florentino y Dur\u00e1n.<\/span><span data-ccp-props=\"{&quot;134233117&quot;:false,&quot;134233118&quot;:false,&quot;201341983&quot;:0,&quot;335557856&quot;:16777215,&quot;335559738&quot;:0,&quot;335559739&quot;:0,&quot;335559740&quot;:240}\">\u00a0<\/span><\/p>\n<p>&nbsp;<\/p>\n<div id=\"attachment_146755\" style=\"width: 732px\" class=\"wp-caption aligncenter\"><a href=\"https:\/\/www.uv.mx\/prensa\/files\/2024\/09\/050924-COUTTOLENC-Huipil-Malintzin-3.jpg\"><img aria-describedby=\"caption-attachment-146755\" decoding=\"async\" loading=\"lazy\" class=\"size-full wp-image-146755\" src=\"https:\/\/www.uv.mx\/prensa\/files\/2024\/09\/050924-COUTTOLENC-Huipil-Malintzin-3.jpg\" alt=\"\" width=\"722\" height=\"342\" srcset=\"https:\/\/www.uv.mx\/prensa\/files\/2024\/09\/050924-COUTTOLENC-Huipil-Malintzin-3.jpg 722w, https:\/\/www.uv.mx\/prensa\/files\/2024\/09\/050924-COUTTOLENC-Huipil-Malintzin-3-300x142.jpg 300w\" sizes=\"(max-width: 722px) 100vw, 722px\" \/><\/a><p id=\"caption-attachment-146755\" class=\"wp-caption-text\">Estudiantes de Antropolog\u00eda presentes en la conferencia de inicio de cursos<\/p><\/div>\n<p>&nbsp;<\/p>\n<p><span data-contrast=\"auto\">La pieza fue encontrada y adquirida en un tianguis de la ciudad de Puebla a finales del siglo XIX, y en el centenario de la Independencia de M\u00e9xico el entonces presidente Porfirio D\u00edaz orden\u00f3 que fuera instalada en el Museo Antropolog\u00eda de la calle Monet, y es ah\u00ed donde se le atribuye a la Malinche; a partir de entonces adquiere gran relevancia pol\u00edtica.<\/span><span data-ccp-props=\"{&quot;134233117&quot;:false,&quot;134233118&quot;:false,&quot;201341983&quot;:0,&quot;335557856&quot;:16777215,&quot;335559731&quot;:708,&quot;335559738&quot;:0,&quot;335559739&quot;:0,&quot;335559740&quot;:240}\">\u00a0<\/span><\/p>\n<p><span data-contrast=\"auto\">Debido a que el huipil original tiene problemas estructurales para su exhibici\u00f3n, en 2019 se emprendi\u00f3 un estudio de su composici\u00f3n, as\u00ed como de los colorantes y materiales, a fin de hacer una r\u00e9plica para mostrarse al p\u00fablico. \u201cHist\u00f3rica y culturalmente, la pieza sigue siendo importante\u201d, dijo.<\/span><span data-ccp-props=\"{&quot;134233117&quot;:false,&quot;134233118&quot;:false,&quot;201341983&quot;:0,&quot;335557856&quot;:16777215,&quot;335559738&quot;:0,&quot;335559739&quot;:0,&quot;335559740&quot;:240}\">\u00a0<\/span><\/p>\n<p>&nbsp;<\/p>\n<div id=\"attachment_146754\" style=\"width: 732px\" class=\"wp-caption aligncenter\"><a href=\"https:\/\/www.uv.mx\/prensa\/files\/2024\/09\/050924-COUTTOLENC-Huipil-Malintzin-4.jpg\"><img aria-describedby=\"caption-attachment-146754\" decoding=\"async\" loading=\"lazy\" class=\"size-full wp-image-146754\" src=\"https:\/\/www.uv.mx\/prensa\/files\/2024\/09\/050924-COUTTOLENC-Huipil-Malintzin-4.jpg\" alt=\"\" width=\"722\" height=\"440\" srcset=\"https:\/\/www.uv.mx\/prensa\/files\/2024\/09\/050924-COUTTOLENC-Huipil-Malintzin-4.jpg 722w, https:\/\/www.uv.mx\/prensa\/files\/2024\/09\/050924-COUTTOLENC-Huipil-Malintzin-4-300x183.jpg 300w\" sizes=\"(max-width: 722px) 100vw, 722px\" \/><\/a><p id=\"caption-attachment-146754\" class=\"wp-caption-text\">Alfredo Delgado Calder\u00f3n y Mar\u00eda Antonia Aguilar P\u00e9rez, directores del MAX y de la Facultad de Antropolog\u00eda, respectivamente<\/p><\/div>\n<p>&nbsp;<\/p>\n<p><span data-contrast=\"auto\">Resalt\u00f3 que en el cuidado del patrimonio cultural de M\u00e9xico intervienen muchos especialistas, agreg\u00f3 que la antropolog\u00eda incide tambi\u00e9n en el conocimiento y c\u00f3mo los pueblos ind\u00edgenas pueden acceder a estos materiales, y la investigaci\u00f3n hecha por las ciencias se devuelve a las comunidades ind\u00edgenas.<\/span><span data-ccp-props=\"{&quot;134233117&quot;:false,&quot;134233118&quot;:false,&quot;201341983&quot;:0,&quot;335557856&quot;:16777215,&quot;335559731&quot;:708,&quot;335559738&quot;:0,&quot;335559739&quot;:0,&quot;335559740&quot;:240}\">\u00a0<\/span><\/p>\n<p><span data-contrast=\"auto\">Para la r\u00e9plica se tomaron en consideraci\u00f3n arqueolog\u00eda, historia, antropolog\u00eda, estructura textil, an\u00e1lisis de materiales de la elaboraci\u00f3n, de urdimbres y la trama (conteo de hilos), colorantes empleados y su iconograf\u00eda.<\/span><span data-ccp-props=\"{&quot;134233117&quot;:false,&quot;134233118&quot;:false,&quot;201341983&quot;:0,&quot;335557856&quot;:16777215,&quot;335559731&quot;:708,&quot;335559738&quot;:0,&quot;335559739&quot;:0,&quot;335559740&quot;:240}\">\u00a0<\/span><\/p>\n<p>&nbsp;<\/p>\n<div id=\"attachment_146758\" style=\"width: 732px\" class=\"wp-caption aligncenter\"><a href=\"https:\/\/www.uv.mx\/prensa\/files\/2024\/09\/050924-COUTTOLENC-Huipil-Malintzin-5.jpg\"><img aria-describedby=\"caption-attachment-146758\" decoding=\"async\" loading=\"lazy\" class=\"size-full wp-image-146758\" src=\"https:\/\/www.uv.mx\/prensa\/files\/2024\/09\/050924-COUTTOLENC-Huipil-Malintzin-5.jpg\" alt=\"\" width=\"722\" height=\"433\" srcset=\"https:\/\/www.uv.mx\/prensa\/files\/2024\/09\/050924-COUTTOLENC-Huipil-Malintzin-5.jpg 722w, https:\/\/www.uv.mx\/prensa\/files\/2024\/09\/050924-COUTTOLENC-Huipil-Malintzin-5-300x180.jpg 300w\" sizes=\"(max-width: 722px) 100vw, 722px\" \/><\/a><p id=\"caption-attachment-146758\" class=\"wp-caption-text\">Materiales utilizados para la r\u00e9plica del huipil fueron mostrados al p\u00fablico<\/p><\/div>\n<p>&nbsp;<\/p>\n<p><span data-contrast=\"auto\">El directivo del MNA dio a conocer que actualmente se conservan seis ejemplos de arte emplumado que datan del periodo virreinal, y una de estas piezas es el huipil atribuido a la Malinche, prenda \u00fanica en su tipo que da testimonio de las t\u00e9cnicas y saberes textiles de su \u00e9poca.<\/span><span data-ccp-props=\"{&quot;134233117&quot;:false,&quot;134233118&quot;:false,&quot;201341983&quot;:0,&quot;335557856&quot;:16777215,&quot;335559731&quot;:708,&quot;335559738&quot;:0,&quot;335559739&quot;:0,&quot;335559740&quot;:240}\">\u00a0<\/span><\/p>\n<p><span data-contrast=\"auto\">Desde el mi\u00e9rcoles 4 de septiembre la r\u00e9plica del huipil se encuentra en exhibici\u00f3n en el Museo de Antropolog\u00eda de Xalapa (MAX), en donde permanecer\u00e1 durante un mes, a fin de que el p\u00fablico interesado pueda admirar y apreciar su hermosura.<\/span><span data-ccp-props=\"{&quot;134233117&quot;:false,&quot;134233118&quot;:false,&quot;201341983&quot;:0,&quot;335557856&quot;:16777215,&quot;335559731&quot;:708,&quot;335559738&quot;:0,&quot;335559739&quot;:0,&quot;335559740&quot;:240}\">\u00a0<\/span><\/p>\n<p>&nbsp;<\/p>\n<div id=\"attachment_146757\" style=\"width: 732px\" class=\"wp-caption aligncenter\"><a href=\"https:\/\/www.uv.mx\/prensa\/files\/2024\/09\/050924-COUTTOLENC-Huipil-Malintzin-6.jpg\"><img aria-describedby=\"caption-attachment-146757\" decoding=\"async\" loading=\"lazy\" class=\"size-full wp-image-146757\" src=\"https:\/\/www.uv.mx\/prensa\/files\/2024\/09\/050924-COUTTOLENC-Huipil-Malintzin-6.jpg\" alt=\"\" width=\"722\" height=\"318\" srcset=\"https:\/\/www.uv.mx\/prensa\/files\/2024\/09\/050924-COUTTOLENC-Huipil-Malintzin-6.jpg 722w, https:\/\/www.uv.mx\/prensa\/files\/2024\/09\/050924-COUTTOLENC-Huipil-Malintzin-6-300x132.jpg 300w\" sizes=\"(max-width: 722px) 100vw, 722px\" \/><\/a><p id=\"caption-attachment-146757\" class=\"wp-caption-text\">En diferentes c\u00f3dices, la Malinche es representada portando huipiles con caracter\u00edsticas similares<\/p><\/div>\n<p>&nbsp;<\/p>\n<p><span data-contrast=\"auto\">Estuvieron en la charla: Alfredo Delgado Calder\u00f3n, director del MAX, y Mar\u00eda Antonia Aguilar P\u00e9rez, directora de la Facultad de Antropolog\u00eda, quien expres\u00f3 que con la pl\u00e1tica se busca motivar a los y las estudiantes sobre las distintas formas de hacer antropolog\u00eda, y c\u00f3mo sus formas est\u00e1n vinculadas entre s\u00ed y con otras disciplinas.<\/span><span data-ccp-props=\"{&quot;134233117&quot;:false,&quot;134233118&quot;:false,&quot;201341983&quot;:0,&quot;335557856&quot;:16777215,&quot;335559731&quot;:708,&quot;335559738&quot;:0,&quot;335559739&quot;:0,&quot;335559740&quot;:240}\">\u00a0<\/span><\/p>\n","protected":false},"excerpt":{"rendered":"<p>Producto de investigaci\u00f3n, la elaboraci\u00f3n de la r\u00e9plica de la prenda recupera conocimientos y t\u00e9cnicas ancestrales<\/p>\n","protected":false},"author":1809,"featured_media":146760,"comment_status":"closed","ping_status":"closed","sticky":false,"template":"","format":"standard","meta":[],"categories":[11,47,61],"tags":[74,14570,591,3128,18658,17802,4162,18661,18659,18660,6558,18657,2379,11759,18662,10537,12587,15026],"_links":{"self":[{"href":"https:\/\/www.uv.mx\/prensa\/wp-json\/wp\/v2\/posts\/146921"}],"collection":[{"href":"https:\/\/www.uv.mx\/prensa\/wp-json\/wp\/v2\/posts"}],"about":[{"href":"https:\/\/www.uv.mx\/prensa\/wp-json\/wp\/v2\/types\/post"}],"author":[{"embeddable":true,"href":"https:\/\/www.uv.mx\/prensa\/wp-json\/wp\/v2\/users\/1809"}],"replies":[{"embeddable":true,"href":"https:\/\/www.uv.mx\/prensa\/wp-json\/wp\/v2\/comments?post=146921"}],"version-history":[{"count":1,"href":"https:\/\/www.uv.mx\/prensa\/wp-json\/wp\/v2\/posts\/146921\/revisions"}],"predecessor-version":[{"id":146923,"href":"https:\/\/www.uv.mx\/prensa\/wp-json\/wp\/v2\/posts\/146921\/revisions\/146923"}],"wp:featuredmedia":[{"embeddable":true,"href":"https:\/\/www.uv.mx\/prensa\/wp-json\/wp\/v2\/media\/146760"}],"wp:attachment":[{"href":"https:\/\/www.uv.mx\/prensa\/wp-json\/wp\/v2\/media?parent=146921"}],"wp:term":[{"taxonomy":"category","embeddable":true,"href":"https:\/\/www.uv.mx\/prensa\/wp-json\/wp\/v2\/categories?post=146921"},{"taxonomy":"post_tag","embeddable":true,"href":"https:\/\/www.uv.mx\/prensa\/wp-json\/wp\/v2\/tags?post=146921"}],"curies":[{"name":"wp","href":"https:\/\/api.w.org\/{rel}","templated":true}]}}