{"id":146853,"date":"2024-09-09T22:16:38","date_gmt":"2024-09-10T03:16:38","guid":{"rendered":"https:\/\/www.uv.mx\/prensa\/?p=146853"},"modified":"2024-09-10T11:39:53","modified_gmt":"2024-09-10T16:39:53","slug":"internacionalizacion-solidaria-permite-a-ies-incrementar-fortalezas","status":"publish","type":"post","link":"https:\/\/www.uv.mx\/prensa\/banner\/internacionalizacion-solidaria-permite-a-ies-incrementar-fortalezas\/","title":{"rendered":"Internacionalizaci\u00f3n solidaria permite a IES incrementar fortalezas"},"content":{"rendered":"<ul>\n<li data-leveltext=\"\uf0b7\" data-font=\"Symbol\" data-listid=\"1\" data-list-defn-props=\"{&quot;335552541&quot;:1,&quot;335559685&quot;:720,&quot;335559991&quot;:360,&quot;469769226&quot;:&quot;Symbol&quot;,&quot;469769242&quot;:[8226],&quot;469777803&quot;:&quot;left&quot;,&quot;469777804&quot;:&quot;\uf0b7&quot;,&quot;469777815&quot;:&quot;hybridMultilevel&quot;}\" data-aria-posinset=\"1\" data-aria-level=\"1\"><i><span data-contrast=\"auto\">Alina Montero, profesora de la Universidad Central \u201cMarta Abreu\u201d de Cuba, dijo que es una estrategia transversal clave en la educaci\u00f3n para el desarrollo sostenible<\/span><\/i><span data-ccp-props=\"{}\">\u00a0<\/span><\/li>\n<\/ul>\n<ul>\n<li data-leveltext=\"\uf0b7\" data-font=\"Symbol\" data-listid=\"1\" data-list-defn-props=\"{&quot;335552541&quot;:1,&quot;335559685&quot;:720,&quot;335559991&quot;:360,&quot;469769226&quot;:&quot;Symbol&quot;,&quot;469769242&quot;:[8226],&quot;469777803&quot;:&quot;left&quot;,&quot;469777804&quot;:&quot;\uf0b7&quot;,&quot;469777815&quot;:&quot;hybridMultilevel&quot;}\" data-aria-posinset=\"2\" data-aria-level=\"1\"><i><span data-contrast=\"auto\">El conversatorio fue organizado por la Direcci\u00f3n General de Investigaciones de la UV<\/span><\/i><span data-ccp-props=\"{}\">\u00a0<\/span><\/li>\n<\/ul>\n<p><span data-ccp-props=\"{}\">\u00a0<\/span><\/p>\n<div id=\"attachment_146833\" style=\"width: 732px\" class=\"wp-caption aligncenter\"><img aria-describedby=\"caption-attachment-146833\" decoding=\"async\" loading=\"lazy\" class=\"size-full wp-image-146833\" src=\"https:\/\/www.uv.mx\/prensa\/files\/2024\/09\/060924-PAOLA-Conversatorio-internacionalizacion-1.jpg\" alt=\"\" width=\"722\" height=\"450\" srcset=\"https:\/\/www.uv.mx\/prensa\/files\/2024\/09\/060924-PAOLA-Conversatorio-internacionalizacion-1.jpg 722w, https:\/\/www.uv.mx\/prensa\/files\/2024\/09\/060924-PAOLA-Conversatorio-internacionalizacion-1-300x187.jpg 300w, https:\/\/www.uv.mx\/prensa\/files\/2024\/09\/060924-PAOLA-Conversatorio-internacionalizacion-1-200x125.jpg 200w\" sizes=\"(max-width: 722px) 100vw, 722px\" \/><p id=\"caption-attachment-146833\" class=\"wp-caption-text\">Alina Montero y Mario Oliva Su\u00e1rez, titular de la DGRI, al inicio del conversatorio<\/p><\/div>\n<p><span data-ccp-props=\"{}\">\u00a0<\/span><\/p>\n<p><b><i><span data-contrast=\"auto\">Paola Cort\u00e9s P\u00e9rez<\/span><\/i><\/b><span data-ccp-props=\"{}\">\u00a0<\/span><\/p>\n<p><b><i><span data-contrast=\"auto\">Fotos: Omar Portilla Palacios<\/span><\/i><\/b><span data-ccp-props=\"{}\">\u00a0<\/span><\/p>\n<p><span data-ccp-props=\"{}\">\u00a0<\/span><\/p>\n<p><b><i><span data-contrast=\"auto\">09\/09\/2024, Xalapa, Ver.-<\/span><\/i><\/b><span data-contrast=\"auto\"> La internacionalizaci\u00f3n solidaria permite a las instituciones de educaci\u00f3n superior (IES) incrementar sus fortalezas y mitigar las necesidades que tengan, subray\u00f3 Alina Montero Torres, profesora titular de la Universidad Central \u201cMarta Abreu\u201d de Las Villas, Cuba, quien fungi\u00f3 m\u00e1s de 17 a\u00f1os como directora de relaciones internacionales de su instituci\u00f3n.<\/span><\/p>\n<p><span data-contrast=\"auto\">La Direcci\u00f3n General de Relaciones Internacionales (DGRI) de la Universidad Veracruzana (UV) invit\u00f3 a la especialista a impartir el conversatorio \u201cInternacionalizaci\u00f3n solidaria: una estrategia transversal clave en la educaci\u00f3n para el desarrollo sostenible\u201d, en la sala de usos m\u00faltiples de la Escuela para Estudiantes Extranjeros (EEE).<\/span><\/p>\n<p>&nbsp;<\/p>\n<div id=\"attachment_146832\" style=\"width: 732px\" class=\"wp-caption aligncenter\"><img aria-describedby=\"caption-attachment-146832\" decoding=\"async\" loading=\"lazy\" class=\"size-full wp-image-146832\" src=\"https:\/\/www.uv.mx\/prensa\/files\/2024\/09\/060924-PAOLA-Conversatorio-internacionalizacion-2.jpg\" alt=\"\" width=\"722\" height=\"483\" srcset=\"https:\/\/www.uv.mx\/prensa\/files\/2024\/09\/060924-PAOLA-Conversatorio-internacionalizacion-2.jpg 722w, https:\/\/www.uv.mx\/prensa\/files\/2024\/09\/060924-PAOLA-Conversatorio-internacionalizacion-2-300x201.jpg 300w\" sizes=\"(max-width: 722px) 100vw, 722px\" \/><p id=\"caption-attachment-146832\" class=\"wp-caption-text\">Alina Montero, de la Universidad Central \u201cMarta Abreu\u201d de Las Villas, Cuba<\/p><\/div>\n<p><span data-ccp-props=\"{&quot;335559731&quot;:708}\">\u00a0<\/span><\/p>\n<p><span data-contrast=\"auto\">Explic\u00f3 que la internacionalizaci\u00f3n es el proceso intencional de integrar una dimensi\u00f3n global o intercultural en el prop\u00f3sito, las funciones y la prestaci\u00f3n de la educaci\u00f3n superior, a fin de mejorar la calidad tanto de \u00e9sta como de la investigaci\u00f3n para el beneficio de los alumnos y el personal, as\u00ed como realizar una aportaci\u00f3n significativa a la sociedad.<\/span><\/p>\n<p><span data-contrast=\"auto\">La internacionalizaci\u00f3n solidaria es un modelo de cooperaci\u00f3n horizontal basada en la generaci\u00f3n de comunidad para beneficio mutuo y no en la competencia entre instituciones; contribuye a fomentar habilidades, destrezas y conocimientos que ayudan a las personas a resolver problemas y construir sociedades justas.<\/span><\/p>\n<p>&nbsp;<\/p>\n<div id=\"attachment_146831\" style=\"width: 732px\" class=\"wp-caption aligncenter\"><img aria-describedby=\"caption-attachment-146831\" decoding=\"async\" loading=\"lazy\" class=\"size-full wp-image-146831\" src=\"https:\/\/www.uv.mx\/prensa\/files\/2024\/09\/060924-PAOLA-Conversatorio-internacionalizacion-3.jpg\" alt=\"\" width=\"722\" height=\"367\" srcset=\"https:\/\/www.uv.mx\/prensa\/files\/2024\/09\/060924-PAOLA-Conversatorio-internacionalizacion-3.jpg 722w, https:\/\/www.uv.mx\/prensa\/files\/2024\/09\/060924-PAOLA-Conversatorio-internacionalizacion-3-300x152.jpg 300w\" sizes=\"(max-width: 722px) 100vw, 722px\" \/><p id=\"caption-attachment-146831\" class=\"wp-caption-text\">La especialista habl\u00f3 sobre la internacionalizaci\u00f3n solidaria como estrategia transversal clave en la educaci\u00f3n superior<\/p><\/div>\n<p><span data-ccp-props=\"{&quot;335559731&quot;:708}\">\u00a0<\/span><\/p>\n<p><span data-contrast=\"auto\">\u201cConstituye un elemento clave en la educaci\u00f3n para el desarrollo sostenible y el logro de competencias espec\u00edficas en las nuevas generaciones\u201d, asever\u00f3, \u201cla internacionalizaci\u00f3n solidaria cambia vidas, extiende horizontes y propicia el desarrollo de competencias en el marco de la educaci\u00f3n para el desarrollo sostenible\u201d.<\/span><span data-ccp-props=\"{&quot;335559731&quot;:708}\">\u00a0<\/span><\/p>\n<p><span data-contrast=\"auto\">En el contexto latinoamericano, se\u00f1al\u00f3, la internacionalizaci\u00f3n solidaria busca superar las barreras econ\u00f3micas, ling\u00fc\u00edsticas y culturales que limitan el acceso a oportunidades a la poblaci\u00f3n e instituciones de la regi\u00f3n. Adem\u00e1s, el adecuado dise\u00f1o de instrumentos como convenios, programas y proyectos, as\u00ed como la combinaci\u00f3n de acciones en modalidad presencial y virtual, permiten avanzar hacia objetivos comunes e incrementar la calidad y pertinencia de la educaci\u00f3n superior.<\/span><\/p>\n<p>&nbsp;<\/p>\n<div id=\"attachment_146834\" style=\"width: 732px\" class=\"wp-caption aligncenter\"><img aria-describedby=\"caption-attachment-146834\" decoding=\"async\" loading=\"lazy\" class=\"size-full wp-image-146834\" src=\"https:\/\/www.uv.mx\/prensa\/files\/2024\/09\/060924-PAOLA-Conversatorio-internacionalizacion-4.jpg\" alt=\"\" width=\"722\" height=\"459\" srcset=\"https:\/\/www.uv.mx\/prensa\/files\/2024\/09\/060924-PAOLA-Conversatorio-internacionalizacion-4.jpg 722w, https:\/\/www.uv.mx\/prensa\/files\/2024\/09\/060924-PAOLA-Conversatorio-internacionalizacion-4-300x191.jpg 300w\" sizes=\"(max-width: 722px) 100vw, 722px\" \/><p id=\"caption-attachment-146834\" class=\"wp-caption-text\">La internacionalizaci\u00f3n solidaria permite el desarrollo de la curr\u00edcula, investigaci\u00f3n e innovaci\u00f3n, y extensi\u00f3n universitaria<\/p><\/div>\n<p>&nbsp;<\/p>\n<p><span data-contrast=\"auto\">\u201cPermite el desarrollo de acciones de internacionalizaci\u00f3n curricular, investigaci\u00f3n e innovaci\u00f3n, y extensi\u00f3n universitaria, as\u00ed como el perfeccionamiento de la gesti\u00f3n institucional\u201d, a\u00f1adi\u00f3.<\/span><span data-ccp-props=\"{&quot;335559731&quot;:708}\">\u00a0<\/span><\/p>\n<p><span data-contrast=\"auto\">Por \u00faltimo, Alina Montero subray\u00f3 que la construcci\u00f3n del espacio del conocimiento y la necesidad de reconocer con empat\u00eda diferencias y similitudes han conducido a considerar el concepto de internacionalizaci\u00f3n solidaria desde perspectivas macro (pol\u00edticas educativas nacionales), meso (pol\u00edticas y estrategias institucionales) y micro (formas de participaci\u00f3n, interacci\u00f3n e impactos para actores y beneficiarios directos).<\/span><span data-ccp-props=\"{&quot;335559731&quot;:708}\">\u00a0<\/span><\/p>\n","protected":false},"excerpt":{"rendered":"<p>Es un modelo de cooperaci\u00f3n horizontal basada en la generaci\u00f3n de comunidad para beneficio mutuo\u00a0<\/p>\n","protected":false},"author":2349,"featured_media":146830,"comment_status":"closed","ping_status":"closed","sticky":false,"template":"","format":"standard","meta":[],"categories":[8455,8454,61,6299],"tags":[18633,3136,18629,246,6785,18632,12953,9652,18630,18628,18631,18635,18634,18627],"_links":{"self":[{"href":"https:\/\/www.uv.mx\/prensa\/wp-json\/wp\/v2\/posts\/146853"}],"collection":[{"href":"https:\/\/www.uv.mx\/prensa\/wp-json\/wp\/v2\/posts"}],"about":[{"href":"https:\/\/www.uv.mx\/prensa\/wp-json\/wp\/v2\/types\/post"}],"author":[{"embeddable":true,"href":"https:\/\/www.uv.mx\/prensa\/wp-json\/wp\/v2\/users\/2349"}],"replies":[{"embeddable":true,"href":"https:\/\/www.uv.mx\/prensa\/wp-json\/wp\/v2\/comments?post=146853"}],"version-history":[{"count":1,"href":"https:\/\/www.uv.mx\/prensa\/wp-json\/wp\/v2\/posts\/146853\/revisions"}],"predecessor-version":[{"id":146856,"href":"https:\/\/www.uv.mx\/prensa\/wp-json\/wp\/v2\/posts\/146853\/revisions\/146856"}],"wp:featuredmedia":[{"embeddable":true,"href":"https:\/\/www.uv.mx\/prensa\/wp-json\/wp\/v2\/media\/146830"}],"wp:attachment":[{"href":"https:\/\/www.uv.mx\/prensa\/wp-json\/wp\/v2\/media?parent=146853"}],"wp:term":[{"taxonomy":"category","embeddable":true,"href":"https:\/\/www.uv.mx\/prensa\/wp-json\/wp\/v2\/categories?post=146853"},{"taxonomy":"post_tag","embeddable":true,"href":"https:\/\/www.uv.mx\/prensa\/wp-json\/wp\/v2\/tags?post=146853"}],"curies":[{"name":"wp","href":"https:\/\/api.w.org\/{rel}","templated":true}]}}