{"id":146700,"date":"2024-09-04T15:32:43","date_gmt":"2024-09-04T20:32:43","guid":{"rendered":"https:\/\/www.uv.mx\/prensa\/?p=146700"},"modified":"2024-09-04T15:32:43","modified_gmt":"2024-09-04T20:32:43","slug":"estudiante-uv-investigo-relevancia-del-contacto-piel-a-piel-madre-hijo","status":"publish","type":"post","link":"https:\/\/www.uv.mx\/prensa\/banner\/estudiante-uv-investigo-relevancia-del-contacto-piel-a-piel-madre-hijo\/","title":{"rendered":"Estudiante UV investig\u00f3 relevancia del contacto piel a piel madre-hijo"},"content":{"rendered":"<ul>\n<li data-leveltext=\"\uf0b7\" data-font=\"Symbol\" data-listid=\"1\" data-list-defn-props=\"{&quot;335552541&quot;:1,&quot;335559685&quot;:720,&quot;335559991&quot;:360,&quot;469769226&quot;:&quot;Symbol&quot;,&quot;469769242&quot;:[8226],&quot;469777803&quot;:&quot;left&quot;,&quot;469777804&quot;:&quot;\uf0b7&quot;,&quot;469777815&quot;:&quot;hybridMultilevel&quot;}\" data-aria-posinset=\"1\" data-aria-level=\"1\"><i><span data-contrast=\"auto\">Daniela Acosta cursa la Licenciatura en Enfermer\u00eda y durante un a\u00f1o observ\u00f3 el impacto de la promoci\u00f3n de esta medida en mujeres parturientas<\/span><\/i><span data-ccp-props=\"{}\">\u00a0<\/span><\/li>\n<\/ul>\n<p><span data-ccp-props=\"{}\">\u00a0<\/span><\/p>\n<div id=\"attachment_146683\" style=\"width: 732px\" class=\"wp-caption aligncenter\"><img aria-describedby=\"caption-attachment-146683\" decoding=\"async\" loading=\"lazy\" class=\"size-full wp-image-146683\" src=\"https:\/\/www.uv.mx\/prensa\/files\/2024\/09\/040924-PAOLA-Contacto-piel-a-piel-1-ok.jpg\" alt=\"\" width=\"722\" height=\"520\" srcset=\"https:\/\/www.uv.mx\/prensa\/files\/2024\/09\/040924-PAOLA-Contacto-piel-a-piel-1-ok.jpg 722w, https:\/\/www.uv.mx\/prensa\/files\/2024\/09\/040924-PAOLA-Contacto-piel-a-piel-1-ok-300x216.jpg 300w\" sizes=\"(max-width: 722px) 100vw, 722px\" \/><p id=\"caption-attachment-146683\" class=\"wp-caption-text\">Daniela Acosta, estudiante de la Licenciatura de Enfermer\u00eda<\/p><\/div>\n<p><span data-ccp-props=\"{}\">\u00a0<\/span><\/p>\n<p><b><i><span data-contrast=\"auto\">Paola Cort\u00e9s P\u00e9rez<\/span><\/i><\/b><span data-ccp-props=\"{}\">\u00a0<\/span><\/p>\n<p><b><i><span data-contrast=\"auto\">Fotos: C\u00e9sar Pisil Ramos<\/span><\/i><\/b><span data-ccp-props=\"{}\">\u00a0<\/span><\/p>\n<p><span data-ccp-props=\"{}\">\u00a0<\/span><\/p>\n<p><b><i><span data-contrast=\"auto\">04\/09\/2024, Xalapa, Ver.-<\/span><\/i><\/b><span data-contrast=\"auto\"> Daniela Acosta, estudiante de la Licenciatura de Enfermer\u00eda de la Universidad Veracruzana (UV), analiz\u00f3 durante un a\u00f1o el impacto y la importancia de incentivar el contacto piel a piel entre madre e hijo.<\/span><span data-ccp-props=\"{}\">\u00a0<\/span><\/p>\n<p><span data-contrast=\"auto\">El trabajo \u201cContacto de piel a piel desde la experiencia vivida de las mujeres parturientas en un hospital p\u00fablico de Veracruz\u201d, aborda el tema de los beneficios en el proceso de la lactancia materna y el fortalecimiento del v\u00ednculo madre-hijo por medio del contacto piel a piel.<\/span><span data-ccp-props=\"{&quot;335559731&quot;:708}\">\u00a0<\/span><\/p>\n<p><span data-contrast=\"auto\">Dijo que en las cl\u00ednicas del pa\u00eds existen las gu\u00edas pr\u00e1cticas, en donde se recomienda la promoci\u00f3n de dicha acci\u00f3n, sin embargo, no todo en el sistema de salud se impulsa y aplica.<\/span><span data-ccp-props=\"{&quot;335559731&quot;:708}\">\u00a0<\/span><\/p>\n<p><span data-contrast=\"auto\">La observaci\u00f3n e investigaci\u00f3n la realiz\u00f3 durante sus pr\u00e1cticas en el Departamento de Mujeres Embarazadas de un hospital de la ciudad de Xalapa, donde se percat\u00f3 de que contacto de piel a piel madre-hijo se hac\u00eda de manera tard\u00eda, cuando lo id\u00f3neo es hacerlo de inmediato, despu\u00e9s del nacimiento del beb\u00e9.<\/span><\/p>\n<p>&nbsp;<\/p>\n<div id=\"attachment_146684\" style=\"width: 732px\" class=\"wp-caption aligncenter\"><img aria-describedby=\"caption-attachment-146684\" decoding=\"async\" loading=\"lazy\" class=\"size-full wp-image-146684\" src=\"https:\/\/www.uv.mx\/prensa\/files\/2024\/09\/040924-PAOLA-Contacto-piel-a-piel-2-ok.jpg\" alt=\"\" width=\"722\" height=\"481\" \/><p id=\"caption-attachment-146684\" class=\"wp-caption-text\">Desarroll\u00f3 estudio sobre la relevancia del contacto piel a piel en mujeres parturientas<\/p><\/div>\n<p><span data-ccp-props=\"{&quot;335559731&quot;:708}\">\u00a0<\/span><\/p>\n<p><span data-contrast=\"auto\">\u201cEn la investigaci\u00f3n sobre el tema, encontramos y conocimos c\u00f3mo se sienten las mam\u00e1s: la mujer tiene un posparto menos doloroso y se fortalece el v\u00ednculo madre-hijo o hija. Se habla sobre los beneficios fisiol\u00f3gicos para el beb\u00e9, pero no sobre c\u00f3mo se siente la madre en ese momento.\u201d<\/span><span data-ccp-props=\"{&quot;335559731&quot;:708}\">\u00a0<\/span><\/p>\n<p><span data-contrast=\"auto\">Cabe resaltar que su trabajo recepcional recibi\u00f3 una menci\u00f3n honor\u00edfica en su examen de grado; al respecto, Daniela Acosta expres\u00f3 que esto representa un reconocimiento al esfuerzo y trabajo, adem\u00e1s de impulsarla a ser mejor y desarrollar m\u00e1s investigaci\u00f3n en el \u00e1mbito de la enfermer\u00eda, porque es necesario visualizar temas en espec\u00edfico.<\/span><span data-ccp-props=\"{&quot;335559731&quot;:708}\">\u00a0<\/span><\/p>\n","protected":false},"excerpt":{"rendered":"<p>Al aplicarse de inmediato este tipo de contacto se encontr\u00f3 que las mujeres tienen un posparto menos doloroso\u00a0<\/p>\n","protected":false},"author":2349,"featured_media":146685,"comment_status":"closed","ping_status":"closed","sticky":false,"template":"","format":"standard","meta":[],"categories":[15423,8445,61],"tags":[18580,6263,18577,17188,8396,5419,13231,11566,4572,4164,11525,18579,16203,18016,18578],"_links":{"self":[{"href":"https:\/\/www.uv.mx\/prensa\/wp-json\/wp\/v2\/posts\/146700"}],"collection":[{"href":"https:\/\/www.uv.mx\/prensa\/wp-json\/wp\/v2\/posts"}],"about":[{"href":"https:\/\/www.uv.mx\/prensa\/wp-json\/wp\/v2\/types\/post"}],"author":[{"embeddable":true,"href":"https:\/\/www.uv.mx\/prensa\/wp-json\/wp\/v2\/users\/2349"}],"replies":[{"embeddable":true,"href":"https:\/\/www.uv.mx\/prensa\/wp-json\/wp\/v2\/comments?post=146700"}],"version-history":[{"count":1,"href":"https:\/\/www.uv.mx\/prensa\/wp-json\/wp\/v2\/posts\/146700\/revisions"}],"predecessor-version":[{"id":146701,"href":"https:\/\/www.uv.mx\/prensa\/wp-json\/wp\/v2\/posts\/146700\/revisions\/146701"}],"wp:featuredmedia":[{"embeddable":true,"href":"https:\/\/www.uv.mx\/prensa\/wp-json\/wp\/v2\/media\/146685"}],"wp:attachment":[{"href":"https:\/\/www.uv.mx\/prensa\/wp-json\/wp\/v2\/media?parent=146700"}],"wp:term":[{"taxonomy":"category","embeddable":true,"href":"https:\/\/www.uv.mx\/prensa\/wp-json\/wp\/v2\/categories?post=146700"},{"taxonomy":"post_tag","embeddable":true,"href":"https:\/\/www.uv.mx\/prensa\/wp-json\/wp\/v2\/tags?post=146700"}],"curies":[{"name":"wp","href":"https:\/\/api.w.org\/{rel}","templated":true}]}}