{"id":146615,"date":"2024-09-02T19:07:59","date_gmt":"2024-09-03T00:07:59","guid":{"rendered":"https:\/\/www.uv.mx\/prensa\/?p=146615"},"modified":"2024-09-02T19:07:59","modified_gmt":"2024-09-03T00:07:59","slug":"academia-debe-promover-bienestar-animal-entre-la-sociedad-ana-fidalgo","status":"publish","type":"post","link":"https:\/\/www.uv.mx\/prensa\/banner\/academia-debe-promover-bienestar-animal-entre-la-sociedad-ana-fidalgo\/","title":{"rendered":"Academia debe promover bienestar animal entre la sociedad: Ana Fidalgo"},"content":{"rendered":"<ul>\n<li data-leveltext=\"\uf0b7\" data-font=\"Symbol\" data-listid=\"6\" data-list-defn-props=\"{&quot;335552541&quot;:1,&quot;335559685&quot;:720,&quot;335559991&quot;:360,&quot;469769226&quot;:&quot;Symbol&quot;,&quot;469769242&quot;:[8226],&quot;469777803&quot;:&quot;left&quot;,&quot;469777804&quot;:&quot;\uf0b7&quot;,&quot;469777815&quot;:&quot;hybridMultilevel&quot;}\" data-aria-posinset=\"1\" data-aria-level=\"1\"><i><span data-contrast=\"auto\">La investigadora de la Universidad Aut\u00f3noma de Madrid imparti\u00f3 una conferencia en la Facultad de Biolog\u00eda de la Universidad Veracruzana<\/span><\/i><span data-ccp-props=\"{}\">\u00a0<\/span><\/li>\n<\/ul>\n<ul>\n<li data-leveltext=\"\uf0b7\" data-font=\"Symbol\" data-listid=\"6\" data-list-defn-props=\"{&quot;335552541&quot;:1,&quot;335559685&quot;:720,&quot;335559991&quot;:360,&quot;469769226&quot;:&quot;Symbol&quot;,&quot;469769242&quot;:[8226],&quot;469777803&quot;:&quot;left&quot;,&quot;469777804&quot;:&quot;\uf0b7&quot;,&quot;469777815&quot;:&quot;hybridMultilevel&quot;}\" data-aria-posinset=\"2\" data-aria-level=\"1\"><i><span data-contrast=\"auto\">Las diferencias culturales y ambientales de cada pa\u00eds y regi\u00f3n son los principales retos que enfrentar<\/span><\/i><span data-ccp-props=\"{}\">\u00a0<\/span><\/li>\n<\/ul>\n<p><span data-ccp-props=\"{}\">\u00a0<\/span><\/p>\n<div id=\"attachment_146488\" style=\"width: 732px\" class=\"wp-caption aligncenter\"><img aria-describedby=\"caption-attachment-146488\" decoding=\"async\" loading=\"lazy\" class=\"size-full wp-image-146488\" src=\"https:\/\/www.uv.mx\/prensa\/files\/2024\/08\/290824-CARLOS-Bienestar-Animal-1-100k.jpg\" alt=\"Ana Mar\u00eda Fidalgo de las Heras \" width=\"722\" height=\"482\" srcset=\"https:\/\/www.uv.mx\/prensa\/files\/2024\/08\/290824-CARLOS-Bienestar-Animal-1-100k.jpg 722w, https:\/\/www.uv.mx\/prensa\/files\/2024\/08\/290824-CARLOS-Bienestar-Animal-1-100k-300x200.jpg 300w\" sizes=\"(max-width: 722px) 100vw, 722px\" \/><p id=\"caption-attachment-146488\" class=\"wp-caption-text\">Ana Mar\u00eda Fidalgo de las Heras<\/p><\/div>\n<p>&nbsp;<\/p>\n<p><b><i><span data-contrast=\"auto\">Carlos Hugo Hermida Rosales<\/span><\/i><\/b><span data-ccp-props=\"{}\">\u00a0<\/span><\/p>\n<p><b><i><span data-contrast=\"auto\">Fotos: Luis Fernando Fern\u00e1ndez\u00a0<\/span><\/i><\/b><\/p>\n<p><b><i><span data-contrast=\"auto\">02\/09\/2024, Xalapa, Ver.-<\/span><\/i><\/b><span data-contrast=\"auto\"> \u201cLa academia debe promover el bienestar de los animales entre la poblaci\u00f3n a trav\u00e9s de la difusi\u00f3n de conocimiento que muestre c\u00f3mo son capaces de sentir alegr\u00eda, ira y tristeza, y c\u00f3mo lo que es perjudicial al ser humano tambi\u00e9n lo es para ellos\u201d, mencion\u00f3 Ana Mar\u00eda Fidalgo de las Heras, investigadora y docente de la Universidad Aut\u00f3noma de Madrid.<\/span><span data-ccp-props=\"{}\">\u00a0<\/span><\/p>\n<p><span data-contrast=\"auto\">La catedr\u00e1tica imparti\u00f3 una conferencia en la Facultad de Biolog\u00eda de la Universidad Veracruzana, a la que asistieron estudiantes y profesores de la entidad.\u00a0<\/span><span data-ccp-props=\"{&quot;335559731&quot;:708}\">\u00a0<\/span><\/p>\n<p><span data-contrast=\"auto\">Ana Fidalgo explic\u00f3 que el bienestar animal aborda las cuestiones \u00e9ticas y morales a considerar para que los animales bajo cuidado humano est\u00e9n en condiciones \u00f3ptimas.\u00a0<\/span><\/p>\n<div id=\"attachment_146489\" style=\"width: 732px\" class=\"wp-caption aligncenter\"><img aria-describedby=\"caption-attachment-146489\" decoding=\"async\" loading=\"lazy\" class=\"size-full wp-image-146489\" src=\"https:\/\/www.uv.mx\/prensa\/files\/2024\/08\/290824-CARLOS-Bienestar-Animal-2-100k.jpg\" alt=\"La catedr\u00e1tica imparti\u00f3 una conferencia a alumnos de la Facultad de Biolog\u00eda de la Universidad Veracruzana  \" width=\"722\" height=\"482\" srcset=\"https:\/\/www.uv.mx\/prensa\/files\/2024\/08\/290824-CARLOS-Bienestar-Animal-2-100k.jpg 722w, https:\/\/www.uv.mx\/prensa\/files\/2024\/08\/290824-CARLOS-Bienestar-Animal-2-100k-300x200.jpg 300w\" sizes=\"(max-width: 722px) 100vw, 722px\" \/><p id=\"caption-attachment-146489\" class=\"wp-caption-text\">La catedr\u00e1tica imparti\u00f3 una conferencia a alumnos de la Facultad de Biolog\u00eda de la Universidad Veracruzana<\/p><\/div>\n<p>&nbsp;<\/p>\n<p><span data-contrast=\"auto\">\u201cIncluye su estado f\u00edsico, comportamental y emocional\u201d, puntualiz\u00f3.\u00a0<\/span><span data-ccp-props=\"{&quot;335559731&quot;:708}\">\u00a0<\/span><\/p>\n<p><span data-contrast=\"auto\">La experta coment\u00f3 que uno de los grandes problemas del bienestar animal es que al hablar de \u00e9l generalmente se alude a los perros, gatos y otras especies dom\u00e9sticas, y se deja de lado a las que se usan en explotaci\u00f3n ganadera o en experimentos de laboratorio, as\u00ed como las que habitan en acuarios y zool\u00f3gicos.\u00a0<\/span><span data-ccp-props=\"{&quot;335559731&quot;:708}\">\u00a0<\/span><\/p>\n<p><span data-contrast=\"auto\">Enunci\u00f3 que los animales bajo cuidado humano deben estar libres de hambre, sed, incomodidades, dolor, lesiones, enfermedades, miedo y distr\u00e9s \u2013estr\u00e9s negativo\u2013, y tener las condiciones para expresar un comportamiento normal.\u00a0<\/span><span data-ccp-props=\"{&quot;335559731&quot;:708}\">\u00a0<\/span><\/p>\n<p><span data-contrast=\"auto\">Destac\u00f3 que uno de los principales retos en este tema son las diferencias culturales y ambientales de cada pa\u00eds o regi\u00f3n, porque pueden afectar los criterios seguidos para estipular el bienestar animal.<\/span><\/p>\n<div id=\"attachment_146496\" style=\"width: 732px\" class=\"wp-caption aligncenter\"><img aria-describedby=\"caption-attachment-146496\" decoding=\"async\" loading=\"lazy\" class=\"size-full wp-image-146496\" src=\"https:\/\/www.uv.mx\/prensa\/files\/2024\/08\/290824-CARLOS-Bienestar-Animal-3-100k.jpg\" alt=\"El bienestar animal aborda cuestiones \u00e9ticas y morales tendientes a que los animales bajo est\u00e9n en condiciones \u00f3ptimas \" width=\"722\" height=\"482\" srcset=\"https:\/\/www.uv.mx\/prensa\/files\/2024\/08\/290824-CARLOS-Bienestar-Animal-3-100k.jpg 722w, https:\/\/www.uv.mx\/prensa\/files\/2024\/08\/290824-CARLOS-Bienestar-Animal-3-100k-300x200.jpg 300w\" sizes=\"(max-width: 722px) 100vw, 722px\" \/><p id=\"caption-attachment-146496\" class=\"wp-caption-text\">El bienestar animal aborda cuestiones \u00e9ticas y morales tendientes a que los animales bajo est\u00e9n en condiciones \u00f3ptimas<\/p><\/div>\n<p>&nbsp;<\/p>\n<p><span data-contrast=\"auto\">Ana Fidalgo mencion\u00f3 que quienes realizan experimentos con animales y los exponen a est\u00edmulos determinados, no deben perjudicarlos, y si ello ocurre se debe cancelar la investigaci\u00f3n en marcha.<\/span><span data-ccp-props=\"{&quot;201341983&quot;:0,&quot;335559731&quot;:708,&quot;335559740&quot;:259}\">\u00a0<\/span><\/p>\n<p><span data-contrast=\"auto\">\u201cEs fundamental mostrar a la sociedad que los animales son seres sintientes que poseen emociones similares a los humanos\u201d, manifest\u00f3.\u00a0<\/span><span data-ccp-props=\"{&quot;335559731&quot;:708}\">\u00a0<\/span><\/p>\n","protected":false},"excerpt":{"rendered":"<p>Es necesario perme\u00e9 tanto en especies dom\u00e9sticas como en las que habitan en zool\u00f3gicos, o se usan en ganader\u00eda y laboratorios <\/p>\n","protected":false},"author":1775,"featured_media":146618,"comment_status":"closed","ping_status":"closed","sticky":false,"template":"","format":"standard","meta":[],"categories":[8455,61],"tags":[5751,18540,591,8202,18538,18539,18537,10888,147,1650],"_links":{"self":[{"href":"https:\/\/www.uv.mx\/prensa\/wp-json\/wp\/v2\/posts\/146615"}],"collection":[{"href":"https:\/\/www.uv.mx\/prensa\/wp-json\/wp\/v2\/posts"}],"about":[{"href":"https:\/\/www.uv.mx\/prensa\/wp-json\/wp\/v2\/types\/post"}],"author":[{"embeddable":true,"href":"https:\/\/www.uv.mx\/prensa\/wp-json\/wp\/v2\/users\/1775"}],"replies":[{"embeddable":true,"href":"https:\/\/www.uv.mx\/prensa\/wp-json\/wp\/v2\/comments?post=146615"}],"version-history":[{"count":1,"href":"https:\/\/www.uv.mx\/prensa\/wp-json\/wp\/v2\/posts\/146615\/revisions"}],"predecessor-version":[{"id":146619,"href":"https:\/\/www.uv.mx\/prensa\/wp-json\/wp\/v2\/posts\/146615\/revisions\/146619"}],"wp:featuredmedia":[{"embeddable":true,"href":"https:\/\/www.uv.mx\/prensa\/wp-json\/wp\/v2\/media\/146618"}],"wp:attachment":[{"href":"https:\/\/www.uv.mx\/prensa\/wp-json\/wp\/v2\/media?parent=146615"}],"wp:term":[{"taxonomy":"category","embeddable":true,"href":"https:\/\/www.uv.mx\/prensa\/wp-json\/wp\/v2\/categories?post=146615"},{"taxonomy":"post_tag","embeddable":true,"href":"https:\/\/www.uv.mx\/prensa\/wp-json\/wp\/v2\/tags?post=146615"}],"curies":[{"name":"wp","href":"https:\/\/api.w.org\/{rel}","templated":true}]}}