{"id":14654,"date":"2016-08-30T13:10:45","date_gmt":"2016-08-30T18:10:45","guid":{"rendered":"https:\/\/www.uv.mx\/prensa\/?p=14654"},"modified":"2016-08-30T13:10:45","modified_gmt":"2016-08-30T18:10:45","slug":"egresados-son-nuestra-carta-de-presentacion-maria-eugenia-senties","status":"publish","type":"post","link":"https:\/\/www.uv.mx\/prensa\/regiones\/egresados-son-nuestra-carta-de-presentacion-maria-eugenia-senties\/","title":{"rendered":"\u201cEgresados son nuestra carta de presentaci\u00f3n\u201d: Mar\u00eda Eugenia Sent\u00edes"},"content":{"rendered":"<ul>\n<li><em>El \u00c1rea Acad\u00e9mica Econ\u00f3mico-Administrativa realiz\u00f3 el Foro de Egresados<\/em><\/li>\n<\/ul>\n<p>&nbsp;<\/p>\n<div id=\"attachment_14656\" style=\"width: 732px\" class=\"wp-caption aligncenter\"><a href=\"https:\/\/www.uv.mx\/prensa\/files\/2016\/08\/Foro-egresados-1-okl.jpg\"><img loading=\"lazy\" decoding=\"async\" aria-describedby=\"caption-attachment-14656\" class=\"size-full wp-image-14656\" src=\"https:\/\/www.uv.mx\/prensa\/files\/2016\/08\/Foro-egresados-1-okl.jpg\" alt=\"Autoridades universitarias y representantes de c\u00e1maras empresariales\" width=\"722\" height=\"406\" srcset=\"https:\/\/www.uv.mx\/prensa\/files\/2016\/08\/Foro-egresados-1-okl.jpg 722w, https:\/\/www.uv.mx\/prensa\/files\/2016\/08\/Foro-egresados-1-okl-300x169.jpg 300w\" sizes=\"auto, (max-width: 722px) 100vw, 722px\" \/><\/a><p id=\"caption-attachment-14656\" class=\"wp-caption-text\">Autoridades universitarias y representantes de c\u00e1maras empresariales<\/p><\/div>\n<p>&nbsp;<\/p>\n<p><strong><em>Alma Mart\u00ednez<\/em><\/strong><\/p>\n<p>&nbsp;<\/p>\n<p><strong><em>Boca del R\u00edo, Ver.\u00a030\/08\/2016.-<em>\u00a0<\/em><\/em><\/strong>La Universidad Veracruzana (UV) realiz\u00f3 el Foro de Egresados del \u00c1rea Acad\u00e9mica Econ\u00f3mico-Administrativa, con la finalidad de evaluar la pertinencia de los programas educativos adscritos a \u00e9sta, los cuales son Contadur\u00eda, Administraci\u00f3n, Gesti\u00f3n de Negocios, Sistemas Computacionales Administrativos y Administraci\u00f3n Tur\u00edstica.<\/p>\n<p>Autoridades universitarias, egresados, alumnos y representantes de c\u00e1maras empresariales, como la C\u00e1mara Nacional de Comercio, Servicios y Turismo de Veracruz (<em>Canaco-Servytur<\/em>) y el Instituto Mexicano de Contadores P\u00fablicos, se reunieron en mesas de trabajo para opinar respecto a las exigencias del mercado laboral, las competencias y el marco normativo profesionales, as\u00ed como las oportunidades de vinculaci\u00f3n.<\/p>\n<p>En el arranque de la jornada, el vicerrector Alfonso P\u00e9rez Morales indic\u00f3 que \u201cen este mundo globalizado es necesario mantener la calidad de nuestros programas educativos\u201d, por lo que este foro es la oportunidad para hacer un an\u00e1lisis sobre la pertinencia de los mismos y obtener informaci\u00f3n para renovarlos, tal como lo indica el plan de trabajo de la rectora Sara Ladr\u00f3n de Guevara.<\/p>\n<p>Mencion\u00f3 que cada vez son m\u00e1s los programas educativos que est\u00e1n siendo acreditados por organismos reconocidos, por lo que \u201cestos foros nos permiten mejorar la calidad d\u00eda a d\u00eda\u201d.<\/p>\n<p>La directora de la Facultad de Contadur\u00eda, Mar\u00eda Eugenia Sent\u00edes Santos, en concordancia con el Vicerrector coment\u00f3 que uno de los objetivos de la UV es satisfacer necesidades sociales y que a trav\u00e9s de estos foros se mantenga una comunicaci\u00f3n permanente con los egresados, adem\u00e1s de fortalecer la vinculaci\u00f3n con los diferentes organismos empresariales.<\/p>\n<p>A\u00f1adi\u00f3 que a trav\u00e9s de sus opiniones se puede medir la pertinencia de los programas educativos y actualizarlos, as\u00ed como conocer las necesidades del mercado laboral.<\/p>\n<p>Por \u00faltimo, explic\u00f3 que los egresados de esta casa de estudios \u201cson nuestra carta de presentaci\u00f3n y quienes determinan si se est\u00e1n alcanzando los objetivos\u201d.<\/p>\n<p>&nbsp;<\/p>\n<div id=\"attachment_14659\" style=\"width: 732px\" class=\"wp-caption aligncenter\"><a href=\"https:\/\/www.uv.mx\/prensa\/files\/2016\/08\/Foro-egdos-2-ok.jpg\"><img loading=\"lazy\" decoding=\"async\" aria-describedby=\"caption-attachment-14659\" class=\"size-full wp-image-14659\" src=\"https:\/\/www.uv.mx\/prensa\/files\/2016\/08\/Foro-egdos-2-ok.jpg\" alt=\"Egresados y alumnos participaron en el foro\" width=\"722\" height=\"406\" srcset=\"https:\/\/www.uv.mx\/prensa\/files\/2016\/08\/Foro-egdos-2-ok.jpg 722w, https:\/\/www.uv.mx\/prensa\/files\/2016\/08\/Foro-egdos-2-ok-300x169.jpg 300w\" sizes=\"auto, (max-width: 722px) 100vw, 722px\" \/><\/a><p id=\"caption-attachment-14659\" class=\"wp-caption-text\">Egresados y alumnos participaron en el foro<\/p><\/div>\n<p>&nbsp;<\/p>\n<p>La ceremonia inaugural fue presidida por Martha Gloria Canudas Lara, coordinadora regional del Sistema de Ense\u00f1anza Abierta; Leidy L\u00f3pez Castro, directora de la Facultad de Administraci\u00f3n; Jes\u00fas Antonio Mu\u00f1oz de Cote Sampiery, presidente de <em>Canaco-Servytur<\/em>;\u00a0 Belgio Amaya Rizo, ex presidente de <em>Canaco-Servytur<\/em>; Luis Manuel Carpizo, presidente de la Comisi\u00f3n de Sistemas de Informaci\u00f3n Empresarial de la Confederaci\u00f3n de C\u00e1maras Nacionales de Comercio, Servicios y Turismo (<em>Concanaco<\/em>), y Francisco \u00c1lvarez, del Instituto Mexicano de Contadores P\u00fablicos.<\/p>\n<p>&nbsp;<\/p>\n<p><strong>Empleadores buscan talento e innovaci\u00f3n<\/strong><\/p>\n<p>Gabriela Hern\u00e1ndez Santamar\u00eda, encargada de la Biblioteca Digital <em>Telmex<\/em>, imparti\u00f3 la conferencia \u201cExigencias del mercado laboral en la era digital\u201d previo a los trabajos en las mesas tem\u00e1ticas. Sostuvo que actualmente el mercado laboral es cambiante, est\u00e1 conectado de manera digital, es competitivo y se basa en la transparencia, por lo que los estudiantes deben prepararse ante este panorama.<\/p>\n<p>\u201cEl talento y la capacidad innovadora son elementos clave que los empleadores buscan hoy en d\u00eda al momento de contratar\u201d, dijo la encargada del uso de la tecnolog\u00eda para el desarrollo de proyectos educativos.<\/p>\n<p>&nbsp;<\/p>\n<div id=\"attachment_14661\" style=\"width: 732px\" class=\"wp-caption aligncenter\"><a href=\"https:\/\/www.uv.mx\/prensa\/files\/2016\/08\/Forsados-3-ok.jpg\"><img loading=\"lazy\" decoding=\"async\" aria-describedby=\"caption-attachment-14661\" class=\"size-full wp-image-14661\" src=\"https:\/\/www.uv.mx\/prensa\/files\/2016\/08\/Forsados-3-ok.jpg\" alt=\"Gabriela Hern\u00e1ndez, de Biblioteca Digital Telmex\" width=\"722\" height=\"406\" srcset=\"https:\/\/www.uv.mx\/prensa\/files\/2016\/08\/Forsados-3-ok.jpg 722w, https:\/\/www.uv.mx\/prensa\/files\/2016\/08\/Forsados-3-ok-300x169.jpg 300w\" sizes=\"auto, (max-width: 722px) 100vw, 722px\" \/><\/a><p id=\"caption-attachment-14661\" class=\"wp-caption-text\">Gabriela Hern\u00e1ndez, de Biblioteca Digital Telmex<\/p><\/div>\n<p>&nbsp;<\/p>\n<p>Resalt\u00f3 que cursar una carrera en una instituci\u00f3n reconocida que brinde las herramientas necesarias facilita la interacci\u00f3n entre el egresado y el campo laboral.<\/p>\n<p>Por otro lado, es responsabilidad del profesionista capacitarse en el uso de las tecnolog\u00edas, pues hoy en d\u00eda no existe empresa que no las utilice, manifest\u00f3.<\/p>\n<p>Para concluir mencion\u00f3 que actualmente se est\u00e1 dando la democratizaci\u00f3n de la innovaci\u00f3n y el rol tan importante que tiene la sinergia ciudadana para lograr que la tecnolog\u00eda sea accesible y sirva para impulsar la innovaci\u00f3n.<\/p>\n<p>Explic\u00f3 que es menester de acad\u00e9micos, profesionistas y empresas conducir esta innovaci\u00f3n hacia objetivos bien definidos encaminados hacia un bien com\u00fan.<\/p>\n","protected":false},"excerpt":{"rendered":"<p><strong><em>Alma Mart\u00ednez.-<\/em><\/strong>La Universidad Veracruzana (UV) realiz\u00f3 el Foro de Egresados del \u00c1rea Acad\u00e9mica Econ\u00f3mico-Administrativa, con la finalidad de evaluar la pertinencia de los programas educativos adscritos a \u00e9sta, los cuales son Contadur\u00eda, Administraci\u00f3n, Gesti\u00f3n de Negocios, Sistemas Computacionales Administrativos y Administraci\u00f3n Tur\u00edstica.<\/p>\n","protected":false},"author":1810,"featured_media":14657,"comment_status":"closed","ping_status":"closed","sticky":false,"template":"","format":"standard","meta":{"footnotes":""},"categories":[32],"tags":[33],"class_list":["post-14654","post","type-post","status-publish","format-standard","has-post-thumbnail","hentry","category-regiones","tag-regiones"],"_links":{"self":[{"href":"https:\/\/www.uv.mx\/prensa\/wp-json\/wp\/v2\/posts\/14654","targetHints":{"allow":["GET"]}}],"collection":[{"href":"https:\/\/www.uv.mx\/prensa\/wp-json\/wp\/v2\/posts"}],"about":[{"href":"https:\/\/www.uv.mx\/prensa\/wp-json\/wp\/v2\/types\/post"}],"author":[{"embeddable":true,"href":"https:\/\/www.uv.mx\/prensa\/wp-json\/wp\/v2\/users\/1810"}],"replies":[{"embeddable":true,"href":"https:\/\/www.uv.mx\/prensa\/wp-json\/wp\/v2\/comments?post=14654"}],"version-history":[{"count":0,"href":"https:\/\/www.uv.mx\/prensa\/wp-json\/wp\/v2\/posts\/14654\/revisions"}],"wp:featuredmedia":[{"embeddable":true,"href":"https:\/\/www.uv.mx\/prensa\/wp-json\/wp\/v2\/media\/14657"}],"wp:attachment":[{"href":"https:\/\/www.uv.mx\/prensa\/wp-json\/wp\/v2\/media?parent=14654"}],"wp:term":[{"taxonomy":"category","embeddable":true,"href":"https:\/\/www.uv.mx\/prensa\/wp-json\/wp\/v2\/categories?post=14654"},{"taxonomy":"post_tag","embeddable":true,"href":"https:\/\/www.uv.mx\/prensa\/wp-json\/wp\/v2\/tags?post=14654"}],"curies":[{"name":"wp","href":"https:\/\/api.w.org\/{rel}","templated":true}]}}