{"id":146023,"date":"2024-08-19T07:55:05","date_gmt":"2024-08-19T12:55:05","guid":{"rendered":"https:\/\/www.uv.mx\/prensa\/?p=146023"},"modified":"2024-08-16T22:27:54","modified_gmt":"2024-08-17T03:27:54","slug":"urbanizacion-amenaza-conservacion-de-diversas-aves","status":"publish","type":"post","link":"https:\/\/www.uv.mx\/prensa\/reportaje\/urbanizacion-amenaza-conservacion-de-diversas-aves\/","title":{"rendered":"Urbanizaci\u00f3n amenaza conservaci\u00f3n de diversas aves"},"content":{"rendered":"<ul>\n<li data-leveltext=\"\uf0b7\" data-font=\"Symbol\" data-listid=\"2\" data-list-defn-props=\"{&quot;335552541&quot;:1,&quot;335559685&quot;:720,&quot;335559991&quot;:360,&quot;469769226&quot;:&quot;Symbol&quot;,&quot;469769242&quot;:[8226],&quot;469777803&quot;:&quot;left&quot;,&quot;469777804&quot;:&quot;\uf0b7&quot;,&quot;469777815&quot;:&quot;hybridMultilevel&quot;}\" data-aria-posinset=\"1\" data-aria-level=\"1\"><i><span data-contrast=\"auto\">Genera presi\u00f3n en los ambientes naturales, asegur\u00f3 Alejandro Antonio Castro Luna, investigador de <\/span><\/i><span data-contrast=\"auto\">Inbioteca<\/span><span data-ccp-props=\"{&quot;201341983&quot;:0,&quot;335559739&quot;:0,&quot;335559740&quot;:240}\">\u00a0<\/span><\/li>\n<\/ul>\n<ul>\n<li data-leveltext=\"\uf0b7\" data-font=\"Symbol\" data-listid=\"2\" data-list-defn-props=\"{&quot;335552541&quot;:1,&quot;335559685&quot;:720,&quot;335559991&quot;:360,&quot;469769226&quot;:&quot;Symbol&quot;,&quot;469769242&quot;:[8226],&quot;469777803&quot;:&quot;left&quot;,&quot;469777804&quot;:&quot;\uf0b7&quot;,&quot;469777815&quot;:&quot;hybridMultilevel&quot;}\" data-aria-posinset=\"2\" data-aria-level=\"1\"><i><span data-contrast=\"auto\">Realiz\u00f3 estudio sobre comportamiento de aves en zona urbanizada y vegetaci\u00f3n nativa, en las costas de Yucat\u00e1n<\/span><\/i><span data-ccp-props=\"{&quot;201341983&quot;:0,&quot;335559739&quot;:0,&quot;335559740&quot;:240}\">\u00a0<\/span><\/li>\n<\/ul>\n<ul>\n<li data-leveltext=\"\uf0b7\" data-font=\"Symbol\" data-listid=\"2\" data-list-defn-props=\"{&quot;335552541&quot;:1,&quot;335559685&quot;:720,&quot;335559991&quot;:360,&quot;469769226&quot;:&quot;Symbol&quot;,&quot;469769242&quot;:[8226],&quot;469777803&quot;:&quot;left&quot;,&quot;469777804&quot;:&quot;\uf0b7&quot;,&quot;469777815&quot;:&quot;hybridMultilevel&quot;}\" data-aria-posinset=\"3\" data-aria-level=\"1\"><i><span data-contrast=\"auto\">En vinculaci\u00f3n con el Departamento de Ecolog\u00eda Humana del <\/span><\/i><span data-contrast=\"auto\">Cinvestav<\/span><i><span data-contrast=\"auto\"> Unidad M\u00e9rida<\/span><\/i><span data-ccp-props=\"{&quot;201341983&quot;:0,&quot;335559739&quot;:0,&quot;335559740&quot;:240}\">\u00a0<\/span><\/li>\n<\/ul>\n<p><span data-ccp-props=\"{&quot;201341983&quot;:0,&quot;335559739&quot;:0,&quot;335559740&quot;:240}\">\u00a0<\/span><\/p>\n<div id=\"attachment_145842\" style=\"width: 732px\" class=\"wp-caption aligncenter\"><img aria-describedby=\"caption-attachment-145842\" decoding=\"async\" loading=\"lazy\" class=\"size-full wp-image-145842\" src=\"https:\/\/www.uv.mx\/prensa\/files\/2024\/08\/130824-INBIOTECA-YUCATAN-1.jpg\" alt=\"\" width=\"722\" height=\"398\" srcset=\"https:\/\/www.uv.mx\/prensa\/files\/2024\/08\/130824-INBIOTECA-YUCATAN-1.jpg 722w, https:\/\/www.uv.mx\/prensa\/files\/2024\/08\/130824-INBIOTECA-YUCATAN-1-300x165.jpg 300w\" sizes=\"(max-width: 722px) 100vw, 722px\" \/><p id=\"caption-attachment-145842\" class=\"wp-caption-text\">Alejandro Antonio Castro Luna, investigador del Inbioteca, estudi\u00f3 el impacto de la urbanizaci\u00f3n en el comportamiento de aves<\/p><\/div>\n<p><span data-ccp-props=\"{&quot;201341983&quot;:0,&quot;335559739&quot;:0,&quot;335559740&quot;:240}\">\u00a0<\/span><\/p>\n<p><b><i><span data-contrast=\"auto\">Claudia Peralta V\u00e1zquez<\/span><\/i><\/b><span data-ccp-props=\"{&quot;201341983&quot;:0,&quot;335559739&quot;:0,&quot;335559740&quot;:240}\">\u00a0<\/span><\/p>\n<p><b><i><span data-contrast=\"auto\">Fotos: Omar Portilla Palacios (1) y Alejandro Antonio Castro Luna (2,3, 4 y 5)<\/span><\/i><\/b><span data-ccp-props=\"{&quot;201341983&quot;:0,&quot;335559739&quot;:0,&quot;335559740&quot;:240}\">\u00a0<\/span><\/p>\n<p><span data-ccp-props=\"{&quot;201341983&quot;:0,&quot;335559739&quot;:0,&quot;335559740&quot;:240}\">\u00a0<\/span><\/p>\n<p><b><i><span data-contrast=\"auto\">19\/08\/2024, Xalapa, Ver. <\/span><\/i><\/b><span data-contrast=\"auto\">Alejandro Antonio Castro Luna, investigador del Instituto de Biotecnolog\u00eda y Ecolog\u00eda Aplicada (<\/span><i><span data-contrast=\"auto\">Inbioteca<\/span><\/i><span data-contrast=\"auto\">) de la Universidad Veracruzana (UV), advirti\u00f3 de la seria amenaza que representa la urbanizaci\u00f3n en zonas, principalmente tur\u00edsticas, para la conservaci\u00f3n y comportamiento de diversas especies de aves.<\/span><span data-ccp-props=\"{&quot;201341983&quot;:0,&quot;335559739&quot;:0,&quot;335559740&quot;:240}\">\u00a0<\/span><\/p>\n<p><span data-contrast=\"auto\">Asegur\u00f3 que debido a desarrollos inmobiliarios y tur\u00edsticos actualmente no se respetan los ecosistemas: \u201cEntre m\u00e1s poblaci\u00f3n llega a esos sitios m\u00e1s demanda hay sobre los recursos naturales, y eso no ayuda a la conservaci\u00f3n natural\u201d.<\/span><span data-ccp-props=\"{&quot;201341983&quot;:0,&quot;335559739&quot;:0,&quot;335559740&quot;:240}\">\u00a0<\/span><\/p>\n<p><span data-contrast=\"auto\">Recientemente realiz\u00f3 una estancia de investigaci\u00f3n de dos meses en el Departamento de Ecolog\u00eda Humana del Centro de Investigaci\u00f3n y de Estudios Avanzados (<\/span><i><span data-contrast=\"auto\">Cinvestav<\/span><\/i><span data-contrast=\"auto\">) del Instituto Polit\u00e9cnico Nacional (IPN), Unidad M\u00e9rida, con Miguel \u00c1ngel Mungu\u00eda Rosas, l\u00edder del Laboratorio de Ecolog\u00eda Terrestre, donde midi\u00f3 el impacto del da\u00f1o provocado por la urbanizaci\u00f3n a las especies de aves de esa zona, entre Chel\u00e9m y Chuburn\u00e1.<\/span><\/p>\n<p>&nbsp;<\/p>\n<div id=\"attachment_145843\" style=\"width: 732px\" class=\"wp-caption aligncenter\"><img aria-describedby=\"caption-attachment-145843\" decoding=\"async\" loading=\"lazy\" class=\"size-full wp-image-145843\" src=\"https:\/\/www.uv.mx\/prensa\/files\/2024\/08\/130824-INBIOTECA-YUCATAN-2.jpg\" alt=\"\" width=\"722\" height=\"481\" \/><p id=\"caption-attachment-145843\" class=\"wp-caption-text\">Ortalis vetula (chachalaca), fue registrada en los remanentes de vegetaci\u00f3n nativa<\/p><\/div>\n<p>&nbsp;<\/p>\n<p><span data-contrast=\"auto\">El estudio le permiti\u00f3 conocer el comportamiento de diferentes especies, tanto de la vegetaci\u00f3n nativa como las que habitan en zonas urbanizadas.<\/span><span data-ccp-props=\"{&quot;201341983&quot;:0,&quot;335559731&quot;:708,&quot;335559739&quot;:0,&quot;335559740&quot;:240}\">\u00a0<\/span><\/p>\n<p><span data-contrast=\"auto\">La l\u00ednea de investigaci\u00f3n de Castro Luna se orienta a la ecolog\u00eda de ambientes fragmentados, pues desde hace varios a\u00f1os trabaja con la ecolog\u00eda de murci\u00e9lagos y dispersi\u00f3n de semillas para la regeneraci\u00f3n de la vegetaci\u00f3n en zonas deforestadas, como es el caso de los incendios m\u00e1s recientes registrados en diversas regiones del estado de Veracruz.<\/span><span data-ccp-props=\"{&quot;201341983&quot;:0,&quot;335559731&quot;:708,&quot;335559739&quot;:0,&quot;335559740&quot;:240}\">\u00a0<\/span><\/p>\n<p><span data-contrast=\"auto\">Explic\u00f3 que una franja de esa costa se encuentra urbanizada a ra\u00edz del turismo proveniente de varias partes del mundo, pues la eligen para vacacionar o vivir. El desarrollo inmobiliario tambi\u00e9n va de la mano con la migraci\u00f3n hacia zonas tur\u00edsticas de personas y familias enteras a causa de la violencia persistente en numerosas regiones del pa\u00eds.<\/span><span data-ccp-props=\"{&quot;201341983&quot;:0,&quot;335559731&quot;:708,&quot;335559739&quot;:0,&quot;335559740&quot;:240}\">\u00a0<\/span><\/p>\n<p><span data-contrast=\"auto\">Sin duda, es un hecho que propicia una presi\u00f3n en los ambientes naturales, tal y como sucede en otros contextos nacionales y tur\u00edsticos, agreg\u00f3, \u201cla urbanizaci\u00f3n es un fen\u00f3meno que arrasa con \u00e1reas verdes y de vegetaci\u00f3n, h\u00e1bitat de cientos de especies de aves end\u00e9micas.\u201d<\/span><\/p>\n<p>&nbsp;<\/p>\n<div id=\"attachment_145844\" style=\"width: 732px\" class=\"wp-caption aligncenter\"><img aria-describedby=\"caption-attachment-145844\" decoding=\"async\" loading=\"lazy\" class=\"size-full wp-image-145844\" src=\"https:\/\/www.uv.mx\/prensa\/files\/2024\/08\/130824-INBIOTECA-YUCATAN-3.jpg\" alt=\"\" width=\"722\" height=\"481\" srcset=\"https:\/\/www.uv.mx\/prensa\/files\/2024\/08\/130824-INBIOTECA-YUCATAN-3.jpg 722w, https:\/\/www.uv.mx\/prensa\/files\/2024\/08\/130824-INBIOTECA-YUCATAN-3-300x200.jpg 300w\" sizes=\"(max-width: 722px) 100vw, 722px\" \/><p id=\"caption-attachment-145844\" class=\"wp-caption-text\">Eupsittula nana (perico pecho sucio) se encontr\u00f3 en sitios urbanizados<\/p><\/div>\n<p>&nbsp;<\/p>\n<p><span data-contrast=\"auto\">Del otro lado de la costa, dijo, todav\u00eda se mantiene la vegetaci\u00f3n, aunque de alg\u00fan modo ya empieza a ser invadida.<\/span><span data-ccp-props=\"{&quot;201341983&quot;:0,&quot;335559731&quot;:708,&quot;335559739&quot;:0,&quot;335559740&quot;:240}\">\u00a0<\/span><\/p>\n<p><span data-contrast=\"auto\">Al vislumbrar ambos panoramas not\u00f3 que hay un cambio dr\u00e1stico en cuanto a la composici\u00f3n de especies. \u201cLas de zonas urbanizadas son muy distintas a las del otro lado\u201d.<\/span><span data-ccp-props=\"{&quot;201341983&quot;:0,&quot;335559731&quot;:708,&quot;335559739&quot;:0,&quot;335559740&quot;:240}\">\u00a0<\/span><\/p>\n<p><span data-contrast=\"auto\">Coment\u00f3 que, por ejemplo, la zenaida asi\u00e1tica o el zanate mexicano son aves sinantr\u00f3picas que habitan la zona urbanizada para beneficiarse de la actividad humana, y no son tan abundantes en donde existe vegetaci\u00f3n nativa.<\/span><span data-ccp-props=\"{&quot;201341983&quot;:0,&quot;335559731&quot;:708,&quot;335559739&quot;:0,&quot;335559740&quot;:240}\">\u00a0<\/span><\/p>\n<p><span data-contrast=\"auto\">Lo preocupante es que el colibr\u00ed cola de tijera mexicano (<\/span><i><span data-contrast=\"auto\">Doricha eliza<\/span><\/i><span data-contrast=\"auto\">), end\u00e9mico de la costa de Yucat\u00e1n, fue m\u00e1s abundante en las zonas urbanizadas; \u201ces normal, pues cuando la vegetaci\u00f3n se urbaniza las aves se van del otro lado\u201d y a\u00f1adi\u00f3 que tambi\u00e9n se hall\u00f3 al perico pecho sucio (<\/span><i><span data-contrast=\"auto\">Eupsittula nana<\/span><\/i><span data-contrast=\"auto\">).<\/span><span data-ccp-props=\"{&quot;201341983&quot;:0,&quot;335559731&quot;:708,&quot;335559739&quot;:0,&quot;335559740&quot;:240}\">\u00a0<\/span><\/p>\n<p><span data-contrast=\"auto\">Sin embargo, en los remanentes de la vegetaci\u00f3n nativa se encuentran aves como la matraca yucateca, el cardenal, perlita azulgris, chachalaca (<\/span><i><span data-contrast=\"auto\">Ortalis vetula<\/span><\/i><span data-contrast=\"auto\">) y cuclillo de manglar (<\/span><i><span data-contrast=\"auto\">Coccyzus minor<\/span><\/i><span data-contrast=\"auto\">).<\/span><\/p>\n<p>&nbsp;<\/p>\n<div id=\"attachment_145845\" style=\"width: 732px\" class=\"wp-caption aligncenter\"><img aria-describedby=\"caption-attachment-145845\" decoding=\"async\" loading=\"lazy\" class=\"size-full wp-image-145845\" src=\"https:\/\/www.uv.mx\/prensa\/files\/2024\/08\/130824-INBIOTECA-YUCATAN-4.jpg\" alt=\"\" width=\"722\" height=\"481\" srcset=\"https:\/\/www.uv.mx\/prensa\/files\/2024\/08\/130824-INBIOTECA-YUCATAN-4.jpg 722w, https:\/\/www.uv.mx\/prensa\/files\/2024\/08\/130824-INBIOTECA-YUCATAN-4-300x200.jpg 300w\" sizes=\"(max-width: 722px) 100vw, 722px\" \/><p id=\"caption-attachment-145845\" class=\"wp-caption-text\">Doricha eliza (colibr\u00ed cola de tijera mexicano) fue m\u00e1s abundante en las zonas urbanizadas<\/p><\/div>\n<p>&nbsp;<\/p>\n<p><span data-contrast=\"auto\">Durante su estancia, considerada una oportunidad y ventana para adquirir nuevos conocimientos, el investigador logr\u00f3 un registro de 70 especies de aves, 20 de ellas son migratorias y 50 no migratorias (residentes).<\/span><span data-ccp-props=\"{&quot;201341983&quot;:0,&quot;335559731&quot;:708,&quot;335559739&quot;:0,&quot;335559740&quot;:240}\">\u00a0<\/span><\/p>\n<p><span data-contrast=\"auto\">Es decir, el 29% de las especies registradas son migrantes y permanecen \u00fanicamente durante el invierno, pues viajan desde Canad\u00e1 o Estados Unidos.<\/span><span data-ccp-props=\"{&quot;201341983&quot;:0,&quot;335559731&quot;:708,&quot;335559739&quot;:0,&quot;335559740&quot;:240}\">\u00a0<\/span><\/p>\n<p><span data-contrast=\"auto\">Lament\u00f3 que esta zona no sea respetada, a pesar de que colinda con la Reserva Estatal Ci\u00e9nagas y Manglares de la Costa Norte de Yucat\u00e1n.<\/span><span data-ccp-props=\"{&quot;201341983&quot;:0,&quot;335559731&quot;:708,&quot;335559739&quot;:0,&quot;335559740&quot;:240}\">\u00a0<\/span><\/p>\n<p><span data-contrast=\"auto\">\u201cLas reservas no son 100% respetadas como debe ser, hay un desarrollo econ\u00f3mico importante, pero la otra parte es el da\u00f1o a los ecosistemas, las autoridades no hacen mucho por conservar esas \u00e1reas\u201d, afirm\u00f3.<\/span><\/p>\n<p><span data-contrast=\"auto\">Por esa raz\u00f3n, su inter\u00e9s es ampliar el estudio en el que emple\u00f3 m\u00e9todos de an\u00e1lisis o metaan\u00e1lisis para la obtenci\u00f3n de informaci\u00f3n bibliogr\u00e1fica; sobre todo, centrado en el comportamiento de las especies migratorias que llegan a pasar el invierno, porque desconocen que las \u00e1reas que consideraban su refugio est\u00e1n transformadas.<\/span><\/p>\n<p>&nbsp;<\/p>\n<div id=\"attachment_145846\" style=\"width: 732px\" class=\"wp-caption aligncenter\"><img aria-describedby=\"caption-attachment-145846\" decoding=\"async\" loading=\"lazy\" class=\"size-full wp-image-145846\" src=\"https:\/\/www.uv.mx\/prensa\/files\/2024\/08\/130824-INBIOTECA-YUCATAN-5.jpg\" alt=\"\" width=\"722\" height=\"542\" srcset=\"https:\/\/www.uv.mx\/prensa\/files\/2024\/08\/130824-INBIOTECA-YUCATAN-5.jpg 722w, https:\/\/www.uv.mx\/prensa\/files\/2024\/08\/130824-INBIOTECA-YUCATAN-5-300x225.jpg 300w\" sizes=\"(max-width: 722px) 100vw, 722px\" \/><p id=\"caption-attachment-145846\" class=\"wp-caption-text\">Coccyzus minor (cuclillo de manglar) es m\u00e1s com\u00fan encontrarlo en la vegetaci\u00f3n nativa<\/p><\/div>\n<p>&nbsp;<\/p>\n<p><span data-contrast=\"auto\">Sobre esta problem\u00e1tica, Alejandro Castro expres\u00f3 que la velocidad a la cual se transforman y destruyen los ecosistemas es m\u00e1s r\u00e1pida, si se compara con el tiempo y cantidad de conocimiento o estudios generados por estudiantes e investigadores.<\/span><span data-ccp-props=\"{&quot;201341983&quot;:0,&quot;335559731&quot;:708,&quot;335559739&quot;:0,&quot;335559740&quot;:240}\">\u00a0<\/span><\/p>\n<p><span data-contrast=\"auto\">En el transcurso de su permanencia tambi\u00e9n particip\u00f3 en actividades de divulgaci\u00f3n, tanto con personal del <\/span><i><span data-contrast=\"auto\">Cinvestav<\/span><\/i><span data-contrast=\"auto\"> del IPN, como con la asociaci\u00f3n civil \u201cEl loro de mi cabeza: arte y ciencia para ni\u00f1as y ni\u00f1os\u201d, donde fue invitado a integrarse en charlas sobre la importancia de los polinizadores (murci\u00e9lagos, aves e insectos) en escuelas de nivel preescolar y primaria.<\/span><span data-ccp-props=\"{&quot;201341983&quot;:0,&quot;335559739&quot;:0,&quot;335559740&quot;:240}\">\u00a0<\/span><\/p>\n","protected":false},"excerpt":{"rendered":"<p>Es un fen\u00f3meno que arrasa con \u00e1reas verdes y de vegetaci\u00f3n, h\u00e1bitat de cientos de especies de aves end\u00e9micas\u00a0<\/p>\n","protected":false},"author":2349,"featured_media":145847,"comment_status":"closed","ping_status":"closed","sticky":false,"template":"","format":"standard","meta":[],"categories":[61,14,6299],"tags":[2132,18356,11225,18353,18354,4163,1429,5649,18351,18350,18355,8081,7263,11226,18352,6462,18349,6094],"_links":{"self":[{"href":"https:\/\/www.uv.mx\/prensa\/wp-json\/wp\/v2\/posts\/146023"}],"collection":[{"href":"https:\/\/www.uv.mx\/prensa\/wp-json\/wp\/v2\/posts"}],"about":[{"href":"https:\/\/www.uv.mx\/prensa\/wp-json\/wp\/v2\/types\/post"}],"author":[{"embeddable":true,"href":"https:\/\/www.uv.mx\/prensa\/wp-json\/wp\/v2\/users\/2349"}],"replies":[{"embeddable":true,"href":"https:\/\/www.uv.mx\/prensa\/wp-json\/wp\/v2\/comments?post=146023"}],"version-history":[{"count":2,"href":"https:\/\/www.uv.mx\/prensa\/wp-json\/wp\/v2\/posts\/146023\/revisions"}],"predecessor-version":[{"id":146025,"href":"https:\/\/www.uv.mx\/prensa\/wp-json\/wp\/v2\/posts\/146023\/revisions\/146025"}],"wp:featuredmedia":[{"embeddable":true,"href":"https:\/\/www.uv.mx\/prensa\/wp-json\/wp\/v2\/media\/145847"}],"wp:attachment":[{"href":"https:\/\/www.uv.mx\/prensa\/wp-json\/wp\/v2\/media?parent=146023"}],"wp:term":[{"taxonomy":"category","embeddable":true,"href":"https:\/\/www.uv.mx\/prensa\/wp-json\/wp\/v2\/categories?post=146023"},{"taxonomy":"post_tag","embeddable":true,"href":"https:\/\/www.uv.mx\/prensa\/wp-json\/wp\/v2\/tags?post=146023"}],"curies":[{"name":"wp","href":"https:\/\/api.w.org\/{rel}","templated":true}]}}