{"id":145825,"date":"2024-08-12T16:24:39","date_gmt":"2024-08-12T21:24:39","guid":{"rendered":"https:\/\/www.uv.mx\/prensa\/?p=145825"},"modified":"2024-08-16T13:13:06","modified_gmt":"2024-08-16T18:13:06","slug":"la-musica-es-mi-vida-nestor-torres-flautista","status":"publish","type":"post","link":"https:\/\/www.uv.mx\/prensa\/entrevista\/la-musica-es-mi-vida-nestor-torres-flautista\/","title":{"rendered":"\u201cLa m\u00fasica es mi vida\u201d: N\u00e9stor Torres, flautista"},"content":{"rendered":"<ul>\n<li data-leveltext=\"\uf0b7\" data-font=\"Symbol\" data-listid=\"2\" data-list-defn-props=\"{&quot;335552541&quot;:1,&quot;335559685&quot;:720,&quot;335559991&quot;:360,&quot;469769226&quot;:&quot;Symbol&quot;,&quot;469769242&quot;:[8226],&quot;469777803&quot;:&quot;left&quot;,&quot;469777804&quot;:&quot;\uf0b7&quot;,&quot;469777815&quot;:&quot;hybridMultilevel&quot;}\" data-aria-posinset=\"1\" data-aria-level=\"1\"><i><span data-contrast=\"none\">El m\u00fasico puertorrique\u00f1o fue juez en el Concurso Nacional de flauta transversa, cuya sede fue la casa de estudios<\/span><\/i><span data-ccp-props=\"{&quot;201341983&quot;:0,&quot;335559739&quot;:0,&quot;335559740&quot;:240}\">\u00a0<\/span><\/li>\n<\/ul>\n<ul>\n<li data-leveltext=\"\uf0b7\" data-font=\"Symbol\" data-listid=\"2\" data-list-defn-props=\"{&quot;335552541&quot;:1,&quot;335559685&quot;:720,&quot;335559991&quot;:360,&quot;469769226&quot;:&quot;Symbol&quot;,&quot;469769242&quot;:[8226],&quot;469777803&quot;:&quot;left&quot;,&quot;469777804&quot;:&quot;\uf0b7&quot;,&quot;469777815&quot;:&quot;hybridMultilevel&quot;}\" data-aria-posinset=\"2\" data-aria-level=\"1\"><i><span data-contrast=\"none\">Dict\u00f3 charlas magistrales a estudiantes de la Facultad de M\u00fasica<\/span><\/i><span data-ccp-props=\"{&quot;201341983&quot;:0,&quot;335559739&quot;:0,&quot;335559740&quot;:240}\">\u00a0<\/span><\/li>\n<\/ul>\n<p><span data-ccp-props=\"{&quot;201341983&quot;:0,&quot;335559739&quot;:0,&quot;335559740&quot;:240}\">\u00a0<\/span><\/p>\n<div id=\"attachment_145796\" style=\"width: 732px\" class=\"wp-caption aligncenter\"><img aria-describedby=\"caption-attachment-145796\" decoding=\"async\" loading=\"lazy\" class=\"size-full wp-image-145796\" src=\"https:\/\/www.uv.mx\/prensa\/files\/2024\/08\/090824-Entrevista-Nestor-Torres-1.jpg\" alt=\"\" width=\"722\" height=\"446\" srcset=\"https:\/\/www.uv.mx\/prensa\/files\/2024\/08\/090824-Entrevista-Nestor-Torres-1.jpg 722w, https:\/\/www.uv.mx\/prensa\/files\/2024\/08\/090824-Entrevista-Nestor-Torres-1-300x185.jpg 300w, https:\/\/www.uv.mx\/prensa\/files\/2024\/08\/090824-Entrevista-Nestor-Torres-1-200x125.jpg 200w\" sizes=\"(max-width: 722px) 100vw, 722px\" \/><p id=\"caption-attachment-145796\" class=\"wp-caption-text\">El reconocido flautista de m\u00fasica de jazz puertorrique\u00f1o, N\u00e9stor Torres, ofreci\u00f3 charlas magistrales y un concierto en Xalapa<\/p><\/div>\n<p><span data-ccp-props=\"{&quot;201341983&quot;:0,&quot;335559739&quot;:0,&quot;335559740&quot;:240}\">\u00a0<\/span><\/p>\n<p><b><i><span data-contrast=\"none\">Jos\u00e9 Luis Couttolenc Soto<\/span><\/i><\/b><span data-ccp-props=\"{&quot;201341983&quot;:0,&quot;335559739&quot;:0,&quot;335559740&quot;:240}\">\u00a0<\/span><\/p>\n<p><b><i><span data-contrast=\"none\">Fotos: Luis Fernando Fern\u00e1ndez<\/span><\/i><\/b><span data-ccp-props=\"{&quot;201341983&quot;:0,&quot;335559739&quot;:0,&quot;335559740&quot;:240}\">\u00a0<\/span><\/p>\n<p><span data-ccp-props=\"{&quot;201341983&quot;:0,&quot;335559739&quot;:0,&quot;335559740&quot;:240}\">\u00a0<\/span><\/p>\n<p><b><i><span data-contrast=\"none\">12\/08\/2024, Xalapa, Ver.- <\/span><\/i><\/b><span data-contrast=\"none\">El reconocido flautista de m\u00fasica de jazz, N\u00e9stor Torres, de origen puertorrique\u00f1o y radicado desde hace m\u00e1s de 40 a\u00f1os en Miami, Florida, visit\u00f3 Xalapa para ser parte del jurado del Concurso Nacional de Flauta Transversa 2024 \u201cGildardo Mojica\u201d, cuya sede correspondi\u00f3 a la <a href=\"https:\/\/www.uv.mx\/\" target=\"_blank\" rel=\"noopener\">Universidad Veracruzana<\/a> (UV).<\/span><span data-ccp-props=\"{&quot;201341983&quot;:0,&quot;335559739&quot;:0,&quot;335559740&quot;:240}\">\u00a0<\/span><\/p>\n<p><span data-contrast=\"none\">El m\u00fasico, ganador en 2001 del Grammy Latino al \u201cMejor \u00e1lbum de m\u00fasica instrumental pop\u201d<\/span> <span data-contrast=\"none\">por su trabajo <\/span><i><span data-contrast=\"none\">This side of paradise<\/span><\/i><span data-contrast=\"none\">, ofreci\u00f3 charlas magistrales en la Facultad de M\u00fasica y dio un concierto en el Foro \u201cMiguel V\u00e9lez Arceo\u201d de la Casa del Lago UV.<\/span><span data-ccp-props=\"{&quot;201341983&quot;:0,&quot;335559739&quot;:0,&quot;335559740&quot;:240}\">\u00a0<\/span><\/p>\n<p><span data-contrast=\"none\">En entrevista, el int\u00e9rprete nacido en Mayag\u00fcez, Puerto Rico, afirm\u00f3 que para \u00e9l la vida es m\u00fasica, y la m\u00fasica es su vida, por lo que las melod\u00edas que emanan de su flauta son un medio de expresi\u00f3n y comunicaci\u00f3n con su p\u00fablico.<\/span><span data-ccp-props=\"{&quot;201341983&quot;:0,&quot;335559739&quot;:0,&quot;335559740&quot;:240}\">\u00a0<\/span><\/p>\n<p><span data-contrast=\"none\">Coment\u00f3 que en Miami tiene una asociaci\u00f3n de artistas de residencia que conforman la Orquesta Juvenil de la Florida, de la que forman parte siete diferentes ensambles de cuerdas; \u201cmi compromiso <\/span><span data-contrast=\"auto\">con la juventud es inquebrantable e inspirador, adem\u00e1s da aliento a mi carrera como solista, as\u00ed como a colaboraciones con diferentes artistas y agrupaciones\u201d, asegur\u00f3 el invitado.<\/span><\/p>\n<p>&nbsp;<\/p>\n<div id=\"attachment_145797\" style=\"width: 732px\" class=\"wp-caption aligncenter\"><img aria-describedby=\"caption-attachment-145797\" decoding=\"async\" loading=\"lazy\" class=\"size-full wp-image-145797\" src=\"https:\/\/www.uv.mx\/prensa\/files\/2024\/08\/090824-Entrevista-Nestor-Torres-2.jpg\" alt=\"\" width=\"722\" height=\"362\" srcset=\"https:\/\/www.uv.mx\/prensa\/files\/2024\/08\/090824-Entrevista-Nestor-Torres-2.jpg 722w, https:\/\/www.uv.mx\/prensa\/files\/2024\/08\/090824-Entrevista-Nestor-Torres-2-300x150.jpg 300w\" sizes=\"(max-width: 722px) 100vw, 722px\" \/><p id=\"caption-attachment-145797\" class=\"wp-caption-text\">La m\u00fasica es un medio de expresi\u00f3n y comunicaci\u00f3n con el p\u00fablico, afirm\u00f3 el ejecutante de jazz latino<\/p><\/div>\n<p>&nbsp;<\/p>\n<p><span data-contrast=\"auto\">N\u00e9stor Torres considera que su amor por la m\u00fasica lo hered\u00f3 de su padre, quien fue pianista y bi\u00f3grafo, \u201cy quien me regal\u00f3 el talento musical\u201d. Comparti\u00f3 que cuando ten\u00eda 12 a\u00f1os de edad su familia se mud\u00f3 a Nueva York, en esa \u00e9poca tocaba la bater\u00eda pero luego decidi\u00f3 hacerlo con la flauta, aunque con el desagrado de su pap\u00e1 pues dec\u00eda que con ese instrumento era dif\u00edcil ganarse la vida.<\/span><span data-ccp-props=\"{&quot;201341983&quot;:0,&quot;335559739&quot;:0,&quot;335559740&quot;:240}\">\u00a0<\/span><\/p>\n<p><span data-contrast=\"auto\">\u201cNo obstante, yo estaba decidido a todo y entonces mi padre me apoy\u00f3 e insisti\u00f3 en que ten\u00eda que estudiar y prepararme, entr\u00e9 al Mannes School of Music.\u201d<\/span><span data-ccp-props=\"{&quot;201341983&quot;:0,&quot;335559739&quot;:0,&quot;335559740&quot;:240}\">\u00a0<\/span><\/p>\n<p><span data-contrast=\"auto\">Despu\u00e9s, con las orquestas de charangas de Nueva York, aprendi\u00f3 el estilo de improvisaci\u00f3n, antes del jazz, \u201ces un estilo bailable y mel\u00f3dico, y tengo entendido que es muy popular en Veracruz\u201d.<\/span><\/p>\n<p>&nbsp;<\/p>\n<div id=\"attachment_145798\" style=\"width: 732px\" class=\"wp-caption aligncenter\"><img aria-describedby=\"caption-attachment-145798\" decoding=\"async\" loading=\"lazy\" class=\"size-full wp-image-145798\" src=\"https:\/\/www.uv.mx\/prensa\/files\/2024\/08\/090824-Entrevista-Nestor-Torres-3.jpg\" alt=\"\" width=\"722\" height=\"484\" \/><p id=\"caption-attachment-145798\" class=\"wp-caption-text\">El ganador del Grammy Latino fue jurado del Concurso Nacional de Flauta Transversa 2024 \u201cGildardo Mojica\u201d, con sede en la UV<\/p><\/div>\n<p>&nbsp;<\/p>\n<p><span data-contrast=\"auto\">Con tono alegre en su charla, caracter\u00edstico de los puertorrique\u00f1os, el reconocido exponente de jazz latino record\u00f3 que en su viaje por Am\u00e9rica del Sur permaneci\u00f3 un tiempo en Colombia, donde grab\u00f3 su primera producci\u00f3n discogr\u00e1fica titulada <\/span><i><span data-contrast=\"auto\">Colombia en charanga<\/span><\/i><span data-contrast=\"auto\">.<\/span><span data-ccp-props=\"{&quot;201341983&quot;:0,&quot;335559739&quot;:0,&quot;335559740&quot;:240}\">\u00a0<\/span><\/p>\n<p><span data-contrast=\"auto\">\u201cAhora me encuentro aqu\u00ed, en la Universidad Veracruzana, veo que hay talento y un compromiso muy grande con la m\u00fasica y la cultura; s\u00e9 que cuentan con una orquesta sinf\u00f3nica de reconocimiento internacional y eso es importante y muy inspirador\u201d, concluy\u00f3.<\/span><span data-ccp-props=\"{&quot;201341983&quot;:0,&quot;335559739&quot;:0,&quot;335559740&quot;:240}\">\u00a0<\/span><\/p>\n","protected":false},"excerpt":{"rendered":"<p>As\u00ed como un medio de expresi\u00f3n y comunicaci\u00f3n, comparti\u00f3 en la UV el ganador del Grammy Latino por mejor \u00e1lbum de m\u00fasica instrumental en 2001\u00a0<\/p>\n","protected":false},"author":2349,"featured_media":145799,"comment_status":"closed","ping_status":"closed","sticky":false,"template":"","format":"standard","meta":[],"categories":[13,47,8455,61],"tags":[132,18287,730,7081,3125,18286,3922,3095,4162,6592,6241,18288,5179,18290,9074,18289],"_links":{"self":[{"href":"https:\/\/www.uv.mx\/prensa\/wp-json\/wp\/v2\/posts\/145825"}],"collection":[{"href":"https:\/\/www.uv.mx\/prensa\/wp-json\/wp\/v2\/posts"}],"about":[{"href":"https:\/\/www.uv.mx\/prensa\/wp-json\/wp\/v2\/types\/post"}],"author":[{"embeddable":true,"href":"https:\/\/www.uv.mx\/prensa\/wp-json\/wp\/v2\/users\/2349"}],"replies":[{"embeddable":true,"href":"https:\/\/www.uv.mx\/prensa\/wp-json\/wp\/v2\/comments?post=145825"}],"version-history":[{"count":1,"href":"https:\/\/www.uv.mx\/prensa\/wp-json\/wp\/v2\/posts\/145825\/revisions"}],"predecessor-version":[{"id":145970,"href":"https:\/\/www.uv.mx\/prensa\/wp-json\/wp\/v2\/posts\/145825\/revisions\/145970"}],"wp:featuredmedia":[{"embeddable":true,"href":"https:\/\/www.uv.mx\/prensa\/wp-json\/wp\/v2\/media\/145799"}],"wp:attachment":[{"href":"https:\/\/www.uv.mx\/prensa\/wp-json\/wp\/v2\/media?parent=145825"}],"wp:term":[{"taxonomy":"category","embeddable":true,"href":"https:\/\/www.uv.mx\/prensa\/wp-json\/wp\/v2\/categories?post=145825"},{"taxonomy":"post_tag","embeddable":true,"href":"https:\/\/www.uv.mx\/prensa\/wp-json\/wp\/v2\/tags?post=145825"}],"curies":[{"name":"wp","href":"https:\/\/api.w.org\/{rel}","templated":true}]}}