{"id":145672,"date":"2024-08-06T19:38:41","date_gmt":"2024-08-07T00:38:41","guid":{"rendered":"https:\/\/www.uv.mx\/prensa\/?p=145672"},"modified":"2024-08-06T19:38:41","modified_gmt":"2024-08-07T00:38:41","slug":"ilya-ivanov-gotchev-se-integra-a-la-osx-como-concertino","status":"publish","type":"post","link":"https:\/\/www.uv.mx\/prensa\/general\/ilya-ivanov-gotchev-se-integra-a-la-osx-como-concertino\/","title":{"rendered":"Ilya Ivanov Gotchev se integra a la OSX como concertino"},"content":{"rendered":"<ul>\n<li data-leveltext=\"\uf0b7\" data-font=\"Symbol\" data-listid=\"1\" data-list-defn-props=\"{&quot;335551671&quot;:0,&quot;335552541&quot;:1,&quot;335559685&quot;:720,&quot;335559991&quot;:360,&quot;469769226&quot;:&quot;Symbol&quot;,&quot;469769242&quot;:[8226],&quot;469777803&quot;:&quot;left&quot;,&quot;469777804&quot;:&quot;\uf0b7&quot;,&quot;469777815&quot;:&quot;hybridMultilevel&quot;}\" data-aria-posinset=\"0\" data-aria-level=\"1\"><i><span data-contrast=\"auto\">Es violinista con licenciatura por la UV, cuenta con dos maestr\u00edas y es un apasionado de la m\u00fasica de c\u00e1mara<\/span><\/i><span data-ccp-props=\"{&quot;201341983&quot;:0,&quot;335559739&quot;:0,&quot;335559740&quot;:240}\">\u00a0<\/span><\/li>\n<\/ul>\n<ul>\n<li data-leveltext=\"\uf0b7\" data-font=\"Symbol\" data-listid=\"1\" data-list-defn-props=\"{&quot;335551671&quot;:0,&quot;335552541&quot;:1,&quot;335559685&quot;:720,&quot;335559991&quot;:360,&quot;469769226&quot;:&quot;Symbol&quot;,&quot;469769242&quot;:[8226],&quot;469777803&quot;:&quot;left&quot;,&quot;469777804&quot;:&quot;\uf0b7&quot;,&quot;469777815&quot;:&quot;hybridMultilevel&quot;}\" data-aria-posinset=\"1\" data-aria-level=\"1\"><i><span data-contrast=\"auto\">Sustituye al reci\u00e9n retirado M\u00edkhail Medvid, como el elemento m\u00e1s importante en una orquesta despu\u00e9s del director<\/span><\/i><span data-ccp-props=\"{&quot;201341983&quot;:0,&quot;335559739&quot;:0,&quot;335559740&quot;:240}\">\u00a0<\/span><\/li>\n<\/ul>\n<p><span data-ccp-props=\"{&quot;201341983&quot;:0,&quot;335559739&quot;:0,&quot;335559740&quot;:240}\">\u00a0<\/span><\/p>\n<div id=\"attachment_145650\" style=\"width: 732px\" class=\"wp-caption aligncenter\"><img loading=\"lazy\" decoding=\"async\" aria-describedby=\"caption-attachment-145650\" class=\"size-full wp-image-145650\" src=\"https:\/\/www.uv.mx\/prensa\/files\/2024\/08\/06-08-2024-PACHECO-Ilya-Ivanov-Concertino-Foto-1.jpg\" alt=\"\" width=\"722\" height=\"481\" srcset=\"https:\/\/www.uv.mx\/prensa\/files\/2024\/08\/06-08-2024-PACHECO-Ilya-Ivanov-Concertino-Foto-1.jpg 722w, https:\/\/www.uv.mx\/prensa\/files\/2024\/08\/06-08-2024-PACHECO-Ilya-Ivanov-Concertino-Foto-1-300x200.jpg 300w\" sizes=\"auto, (max-width: 722px) 100vw, 722px\" \/><p id=\"caption-attachment-145650\" class=\"wp-caption-text\">El desaf\u00edo de asumir dos importantes responsabilidades: concertino en la OSX e integrante del Cuarteto Chroma del INBAL<\/p><\/div>\n<p><span data-ccp-props=\"{&quot;201341983&quot;:0,&quot;335559739&quot;:0,&quot;335559740&quot;:240}\">\u00a0<\/span><\/p>\n<p><b><i><span data-contrast=\"auto\">Jorge V\u00e1zquez Pacheco<\/span><\/i><\/b><span data-ccp-props=\"{&quot;201341983&quot;:0,&quot;335559739&quot;:0,&quot;335559740&quot;:240}\">\u00a0<\/span><\/p>\n<p><b><i><span data-contrast=\"auto\">Fotos: C\u00e9sar Pisil Ramos<\/span><\/i><\/b><span data-ccp-props=\"{&quot;201341983&quot;:0,&quot;335559739&quot;:0,&quot;335559740&quot;:240}\">\u00a0<\/span><\/p>\n<p><span data-ccp-props=\"{&quot;201341983&quot;:0,&quot;335559739&quot;:0,&quot;335559740&quot;:240}\">\u00a0<\/span><\/p>\n<p><b><i><span data-contrast=\"auto\">06\/08\/2024, Xalapa, Ver.-<\/span><\/i><\/b><span data-contrast=\"auto\"> Ilya Ivanov Gotchev, reci\u00e9n designado concertino de la Orquesta Sinf\u00f3nica de Xalapa (OSX) en sustituci\u00f3n del jubilado M\u00edkhail Medvid, se define como un apasionado de la m\u00fasica de c\u00e1mara, lo cual se justifica por su integraci\u00f3n desde 2015 al Cuarteto Chroma adscrito al Instituto Nacional de Bellas Artes y Literatura (INBAL) como ensamble titular.<\/span><span data-ccp-props=\"{&quot;201341983&quot;:0,&quot;335559739&quot;:0,&quot;335559740&quot;:240}\">\u00a0<\/span><\/p>\n<p><span data-contrast=\"auto\">El violinista es poseedor de dos maestr\u00edas en su hoja curricular \u2013en Bruselas, B\u00e9lgica, y en Victoria, Canad\u00e1\u2013; el nombramiento como el elemento m\u00e1s importante en una orquesta despu\u00e9s del director, Ilya lo considera parte de un ascenso permanente en su carrera y un gran logro.<\/span><span data-ccp-props=\"{&quot;201341983&quot;:0,&quot;335559731&quot;:708,&quot;335559739&quot;:0,&quot;335559740&quot;:240}\">\u00a0<\/span><\/p>\n<p><span data-contrast=\"auto\">\u201cLa convocatoria fue lanzada a inicios de junio, cuando la esper\u00e1bamos un mes despu\u00e9s, entonces tuve que ajustar actividades por mi labor en el Cuarteto Chroma y el acopio de la documentaci\u00f3n que la instituci\u00f3n exige.\u201d<\/span><span data-ccp-props=\"{&quot;201341983&quot;:0,&quot;335559731&quot;:708,&quot;335559739&quot;:0,&quot;335559740&quot;:240}\">\u00a0<\/span><\/p>\n<p><span data-contrast=\"auto\">Coment\u00f3 que durante tres semanas realiz\u00f3 un intenso trabajo de estudio y preparaci\u00f3n, as\u00ed como el condicionamiento an\u00edmico, con la certeza de que deb\u00eda ganar esa posici\u00f3n. \u201cLo adopt\u00e9 como un desaf\u00edo personal, sobre todo porque guardaba plena conciencia de que ese puesto lo deseaban artistas de grandes alcances\u201d, mencion\u00f3 en entrevista.<\/span><\/p>\n<p>&nbsp;<\/p>\n<div id=\"attachment_145651\" style=\"width: 732px\" class=\"wp-caption aligncenter\"><img loading=\"lazy\" decoding=\"async\" aria-describedby=\"caption-attachment-145651\" class=\"size-full wp-image-145651\" src=\"https:\/\/www.uv.mx\/prensa\/files\/2024\/08\/06-08-2024-PACHECO-Ilya-Ivanov-Concertino-Foto-2.jpg\" alt=\"\" width=\"722\" height=\"481\" srcset=\"https:\/\/www.uv.mx\/prensa\/files\/2024\/08\/06-08-2024-PACHECO-Ilya-Ivanov-Concertino-Foto-2.jpg 722w, https:\/\/www.uv.mx\/prensa\/files\/2024\/08\/06-08-2024-PACHECO-Ilya-Ivanov-Concertino-Foto-2-300x200.jpg 300w\" sizes=\"auto, (max-width: 722px) 100vw, 722px\" \/><p id=\"caption-attachment-145651\" class=\"wp-caption-text\">Ilya Ivanov, joven y eficiente artista de origen b\u00falgaro<\/p><\/div>\n<p>&nbsp;<\/p>\n<p><span data-contrast=\"auto\">Fue entonces que puso su atenci\u00f3n a las piezas exigidas: un pasaje lento de una Partita de Bach, un movimiento de Mozart con cadencia y el Concierto de Sibelius, que el propio Ilya prefiri\u00f3 como pieza a libre elecci\u00f3n.<\/span><span data-ccp-props=\"{&quot;201341983&quot;:0,&quot;335559731&quot;:708,&quot;335559739&quot;:0,&quot;335559740&quot;:240}\">\u00a0<\/span><\/p>\n<p><span data-contrast=\"auto\">Nacido en Sof\u00eda, Bulgaria (1981), Ivanov enfrenta ahora la responsabilidad de cumplir en la OSX y como violinista en el cuarteto del INBAL, pero se dice emocionado ante semejante expectativa: \u201cEstoy consciente de lo que implica, pero me siento confiado porque s\u00e9 que poseo la fuerza, la experiencia y destreza suficientes. Estoy convencido de que puedo desempe\u00f1arme adecuadamente en ambas importantes funciones\u201d.<\/span><span data-ccp-props=\"{&quot;201341983&quot;:0,&quot;335559731&quot;:708,&quot;335559739&quot;:0,&quot;335559740&quot;:240}\">\u00a0<\/span><\/p>\n<p><span data-contrast=\"auto\">Con estudios iniciales en la capital de su pa\u00eds, Ilya lleg\u00f3 a M\u00e9xico para cursar licenciatura en m\u00fasica por la Universidad Veracruzana (UV) y estuvo seis meses con la Filarm\u00f3nica de Acapulco en compa\u00f1\u00eda de su hermano Borislav, antes de integrarse ambos a la OSX.<\/span><span data-ccp-props=\"{&quot;201341983&quot;:0,&quot;335559731&quot;:708,&quot;335559739&quot;:0,&quot;335559740&quot;:240}\">\u00a0<\/span><\/p>\n<p><span data-contrast=\"auto\">Ilya espera que la comunicaci\u00f3n fluya entre \u00e9l y sus compa\u00f1eros de la OSX como en un grupo de c\u00e1mara. El repertorio propuesto por el actual titular es demandante y es necesario actuar con la capacidad de liderazgo que todo buen concertino debe aportar.<\/span><span data-ccp-props=\"{&quot;201341983&quot;:0,&quot;335559731&quot;:708,&quot;335559739&quot;:0,&quot;335559740&quot;:240}\">\u00a0<\/span><\/p>\n","protected":false},"excerpt":{"rendered":"<p>Originario de Bulgaria con perfeccionamiento en la UV, B\u00e9lgica y Canad\u00e1, Ilya Ivanov combinar\u00e1 sus actividades como l\u00edder en la secci\u00f3n de violines e integrante del Cuarteto de Bellas Artes<\/p>\n","protected":false},"author":2349,"featured_media":145652,"comment_status":"closed","ping_status":"closed","sticky":false,"template":"","format":"standard","meta":{"footnotes":""},"categories":[11,1,61],"tags":[6263,8435,8922,1285,5716,18226,18225,4158,7080,763,232,10449,2161],"class_list":["post-145672","post","type-post","status-publish","format-standard","has-post-thumbnail","hentry","category-cultura","category-general","category-banner","tag-cesar-pisil-ramos","tag-concertino","tag-cuarteto-chroma","tag-director","tag-ensamble","tag-filarmonica-de-acapulco","tag-instituto-nacional-de-bellas-artes-y-literatura-inbal","tag-jorge-vazquez-pacheco","tag-licenciatura-en-musica","tag-musica-de-camara","tag-orquesta-sinfonica-de-xalapa-osx","tag-violin","tag-violinista"],"_links":{"self":[{"href":"https:\/\/www.uv.mx\/prensa\/wp-json\/wp\/v2\/posts\/145672","targetHints":{"allow":["GET"]}}],"collection":[{"href":"https:\/\/www.uv.mx\/prensa\/wp-json\/wp\/v2\/posts"}],"about":[{"href":"https:\/\/www.uv.mx\/prensa\/wp-json\/wp\/v2\/types\/post"}],"author":[{"embeddable":true,"href":"https:\/\/www.uv.mx\/prensa\/wp-json\/wp\/v2\/users\/2349"}],"replies":[{"embeddable":true,"href":"https:\/\/www.uv.mx\/prensa\/wp-json\/wp\/v2\/comments?post=145672"}],"version-history":[{"count":1,"href":"https:\/\/www.uv.mx\/prensa\/wp-json\/wp\/v2\/posts\/145672\/revisions"}],"predecessor-version":[{"id":145673,"href":"https:\/\/www.uv.mx\/prensa\/wp-json\/wp\/v2\/posts\/145672\/revisions\/145673"}],"wp:featuredmedia":[{"embeddable":true,"href":"https:\/\/www.uv.mx\/prensa\/wp-json\/wp\/v2\/media\/145652"}],"wp:attachment":[{"href":"https:\/\/www.uv.mx\/prensa\/wp-json\/wp\/v2\/media?parent=145672"}],"wp:term":[{"taxonomy":"category","embeddable":true,"href":"https:\/\/www.uv.mx\/prensa\/wp-json\/wp\/v2\/categories?post=145672"},{"taxonomy":"post_tag","embeddable":true,"href":"https:\/\/www.uv.mx\/prensa\/wp-json\/wp\/v2\/tags?post=145672"}],"curies":[{"name":"wp","href":"https:\/\/api.w.org\/{rel}","templated":true}]}}