{"id":145669,"date":"2024-08-06T19:23:18","date_gmt":"2024-08-07T00:23:18","guid":{"rendered":"https:\/\/www.uv.mx\/prensa\/?p=145669"},"modified":"2024-08-06T19:23:18","modified_gmt":"2024-08-07T00:23:18","slug":"mala-calidad-de-sueno-puede-ocasionar-consumo-de-sustancias-psicoactivas","status":"publish","type":"post","link":"https:\/\/www.uv.mx\/prensa\/ciencia\/mala-calidad-de-sueno-puede-ocasionar-consumo-de-sustancias-psicoactivas\/","title":{"rendered":"Mala calidad de sue\u00f1o puede ocasionar consumo de sustancias psicoactivas"},"content":{"rendered":"<ul>\n<li data-leveltext=\"\uf0b7\" data-font=\"Symbol\" data-listid=\"2\" data-list-defn-props=\"{&quot;335552541&quot;:1,&quot;335559685&quot;:720,&quot;335559991&quot;:360,&quot;469769226&quot;:&quot;Symbol&quot;,&quot;469769242&quot;:[8226],&quot;469777803&quot;:&quot;left&quot;,&quot;469777804&quot;:&quot;\uf0b7&quot;,&quot;469777815&quot;:&quot;hybridMultilevel&quot;}\" data-aria-posinset=\"1\" data-aria-level=\"1\"><i><span data-contrast=\"auto\">Rodolfo Espinoza Abad, alumno del Doctorado en Ciencias de la Salud, realiza la investigaci\u00f3n en poblaci\u00f3n adolescente de Xalapa<\/span><\/i><span data-ccp-props=\"{&quot;201341983&quot;:0,&quot;335559739&quot;:0,&quot;335559740&quot;:240}\">\u00a0<\/span><\/li>\n<\/ul>\n<ul>\n<li data-leveltext=\"\uf0b7\" data-font=\"Symbol\" data-listid=\"2\" data-list-defn-props=\"{&quot;335552541&quot;:1,&quot;335559685&quot;:720,&quot;335559991&quot;:360,&quot;469769226&quot;:&quot;Symbol&quot;,&quot;469769242&quot;:[8226],&quot;469777803&quot;:&quot;left&quot;,&quot;469777804&quot;:&quot;\uf0b7&quot;,&quot;469777815&quot;:&quot;hybridMultilevel&quot;}\" data-aria-posinset=\"2\" data-aria-level=\"1\"><i><span data-contrast=\"auto\">J\u00f3venes de 10 a 19 a\u00f1os son vulnerables a conductas patol\u00f3gicas porque su sistema nervioso no ha culminado su desarrollo, afirm\u00f3 el investigador del ICS, Fabio Garc\u00eda Garc\u00eda<\/span><\/i><span data-ccp-props=\"{&quot;201341983&quot;:0,&quot;335559739&quot;:0,&quot;335559740&quot;:240}\">\u00a0<\/span><\/li>\n<\/ul>\n<p><span data-ccp-props=\"{&quot;201341983&quot;:0,&quot;335559739&quot;:0,&quot;335559740&quot;:240}\">\u00a0<\/span><\/p>\n<div id=\"attachment_145655\" style=\"width: 732px\" class=\"wp-caption aligncenter\"><img loading=\"lazy\" decoding=\"async\" aria-describedby=\"caption-attachment-145655\" class=\"size-full wp-image-145655\" src=\"https:\/\/www.uv.mx\/prensa\/files\/2024\/08\/060824-COUTTOLENC-Estudio-calidad-sueno-1.jpg\" alt=\"\" width=\"722\" height=\"481\" srcset=\"https:\/\/www.uv.mx\/prensa\/files\/2024\/08\/060824-COUTTOLENC-Estudio-calidad-sueno-1.jpg 722w, https:\/\/www.uv.mx\/prensa\/files\/2024\/08\/060824-COUTTOLENC-Estudio-calidad-sueno-1-300x200.jpg 300w\" sizes=\"auto, (max-width: 722px) 100vw, 722px\" \/><p id=\"caption-attachment-145655\" class=\"wp-caption-text\">Fabio Alfredo Garc\u00eda Garc\u00eda, responsable del Laboratorio de Biolog\u00eda del Sue\u00f1o del Departamento de Biomedicina del Instituto de Ciencias de la Salud<\/p><\/div>\n<p><span data-ccp-props=\"{&quot;201341983&quot;:0,&quot;335559739&quot;:0,&quot;335559740&quot;:240}\">\u00a0<\/span><\/p>\n<p><b><i><span data-contrast=\"auto\">Jos\u00e9 Luis Couttolenc Soto<\/span><\/i><\/b><span data-ccp-props=\"{&quot;201341983&quot;:0,&quot;335559739&quot;:0,&quot;335559740&quot;:240}\">\u00a0<\/span><\/p>\n<p><b><i><span data-contrast=\"auto\">Fotos: Luis Fernando Fern\u00e1ndez y cortes\u00eda Rodolfo Espinoza<\/span><\/i><\/b><span data-ccp-props=\"{&quot;201341983&quot;:0,&quot;335559739&quot;:0,&quot;335559740&quot;:240}\">\u00a0<\/span><\/p>\n<p><span data-ccp-props=\"{&quot;201341983&quot;:0,&quot;335559739&quot;:0,&quot;335559740&quot;:240}\">\u00a0<\/span><\/p>\n<p><b><i><span data-contrast=\"auto\">06\/08\/2024 Xalapa, Ver.- <\/span><\/i><\/b><span data-contrast=\"auto\">Con el prop\u00f3sito de analizar la relaci\u00f3n entre cronotipos \u2013preferencias individuales de vigilia y sue\u00f1o- y la calidad de sue\u00f1o como factor de riesgo para el consumo de sustancias psicoactivas en adolescentes, Rodolfo Espinoza Abad, alumno del Doctorado en Ciencias de la Salud de la Universidad Veracruzana (UV), desarrolla una investigaci\u00f3n basada en un estudio prospectivo, transversal y anal\u00edtico.<\/span><span data-ccp-props=\"{&quot;201341983&quot;:0,&quot;335559739&quot;:0,&quot;335559740&quot;:240}\">\u00a0<\/span><\/p>\n<p><span data-contrast=\"auto\">Espinoza Abad explic\u00f3 que se ha documentado que horarios laborales extendidos y el aumento en tiempos de exposici\u00f3n a luz artificial reducen dr\u00e1sticamente las horas de sue\u00f1o en la poblaci\u00f3n en general; adem\u00e1s, esta reducci\u00f3n es un factor de riesgo para el consumo de sustancias psicoactivas como alcohol, anfetaminas y coca\u00edna, entre otras sustancias.<\/span><span data-ccp-props=\"{&quot;201341983&quot;:0,&quot;335559739&quot;:0,&quot;335559740&quot;:240}\">\u00a0<\/span><\/p>\n<p><span data-contrast=\"auto\">En este sentido, consider\u00f3 que la poblaci\u00f3n adolescente es de inter\u00e9s por tres razones: tiene el ritmo circadiano de sue\u00f1o-vigilia alterado; se restringe de sue\u00f1o de forma recurrente por diversas causas y tiene una alta vulnerabilidad en la toma correcta de decisiones debido a la falta de maduraci\u00f3n de la corteza cerebral prefrontal.<\/span><span data-ccp-props=\"{&quot;201341983&quot;:0,&quot;335559731&quot;:708,&quot;335559739&quot;:0,&quot;335559740&quot;:240}\">\u00a0<\/span><\/p>\n<p><span data-contrast=\"auto\">Adicionalmente, en los adolescentes el cronotipo se ve afectado por horarios escolares tempranos y h\u00e1bitos de sue\u00f1o tard\u00edos, generando deuda de sue\u00f1o y alteraci\u00f3n del ritmo; precis\u00f3 que el cronotipo es la preferencia que tienen las personas para dormir en un horario determinado y se expresa por factores intr\u00ednsecos del individuo.<\/span><\/p>\n<p>&nbsp;<\/p>\n<div id=\"attachment_145654\" style=\"width: 732px\" class=\"wp-caption aligncenter\"><img loading=\"lazy\" decoding=\"async\" aria-describedby=\"caption-attachment-145654\" class=\"size-full wp-image-145654\" src=\"https:\/\/www.uv.mx\/prensa\/files\/2024\/08\/060824-COUTTOLENC-Estudio-calidad-sueno-2.jpg\" alt=\"\" width=\"722\" height=\"481\" srcset=\"https:\/\/www.uv.mx\/prensa\/files\/2024\/08\/060824-COUTTOLENC-Estudio-calidad-sueno-2.jpg 722w, https:\/\/www.uv.mx\/prensa\/files\/2024\/08\/060824-COUTTOLENC-Estudio-calidad-sueno-2-300x200.jpg 300w\" sizes=\"auto, (max-width: 722px) 100vw, 722px\" \/><p id=\"caption-attachment-145654\" class=\"wp-caption-text\">Rodolfo Espinoza Abad investiga la relaci\u00f3n entre cronotipos y la calidad de sue\u00f1o como factor de riesgo para el consumo de sustancias psicoactivas en adolescentes<\/p><\/div>\n<p>&nbsp;<\/p>\n<p><span data-contrast=\"auto\">Su investigaci\u00f3n considera a 723 adolescentes (362 de secundaria y 361 de bachillerato), a quienes se aplicar\u00e1 un cuestionario de caracter\u00edsticas sociodemogr\u00e1ficas y escolares, as\u00ed como de trastornos por consumo de alcohol (Audit), Escala Cannabis Abuse Screening Test y uno m\u00e1s sobre consumo de cafe\u00edna.<\/span><span data-ccp-props=\"{&quot;201341983&quot;:0,&quot;335559731&quot;:708,&quot;335559739&quot;:0,&quot;335559740&quot;:240}\">\u00a0<\/span><\/p>\n<p><span data-contrast=\"auto\">Fabio Alfredo Garc\u00eda Garc\u00eda, responsable del Laboratorio de Biolog\u00eda del Sue\u00f1o del Departamento de Biomedicina del Instituto de Ciencias de la Salud (ICS) de esta casa de estudios, es el director de esta investigaci\u00f3n.<\/span><span data-ccp-props=\"{&quot;201341983&quot;:0,&quot;335559739&quot;:0,&quot;335559740&quot;:240}\">\u00a0<\/span><\/p>\n<p><span data-contrast=\"auto\">El investigador dijo que en el laboratorio a su cargo se aborda un tema importante de salud p\u00fablica, cuya presencia se registra no \u00fanicamente a nivel nacional sino internacional, como es el consumo de sustancias psicoactivas o drogas; \u201cestamos interesados en determinar la asociaci\u00f3n que existe entre la mala calidad de sue\u00f1o con el consumo de estas sustancias en una poblaci\u00f3n espec\u00edfica, como son los adolescentes\u201d.<\/span><span data-ccp-props=\"{&quot;201341983&quot;:0,&quot;335559731&quot;:708,&quot;335559739&quot;:0,&quot;335559740&quot;:240}\">\u00a0<\/span><\/p>\n<p><span data-contrast=\"auto\">Destac\u00f3 que este sector representa un porcentaje importante de la poblaci\u00f3n en M\u00e9xico, y tiene un nivel elevado de vulnerabilidad al consumo de drogas o desarrollo de ciertas conductas patol\u00f3gicas.<\/span><\/p>\n<p>&nbsp;<\/p>\n<div id=\"attachment_145656\" style=\"width: 732px\" class=\"wp-caption aligncenter\"><img loading=\"lazy\" decoding=\"async\" aria-describedby=\"caption-attachment-145656\" class=\"size-full wp-image-145656\" src=\"https:\/\/www.uv.mx\/prensa\/files\/2024\/08\/060824-COUTTOLENC-Estudio-calidad-sueno-3.jpg\" alt=\"\" width=\"722\" height=\"406\" srcset=\"https:\/\/www.uv.mx\/prensa\/files\/2024\/08\/060824-COUTTOLENC-Estudio-calidad-sueno-3.jpg 722w, https:\/\/www.uv.mx\/prensa\/files\/2024\/08\/060824-COUTTOLENC-Estudio-calidad-sueno-3-300x169.jpg 300w\" sizes=\"auto, (max-width: 722px) 100vw, 722px\" \/><p id=\"caption-attachment-145656\" class=\"wp-caption-text\">Existen diferentes cronotipos, que engloban los incrementos y descensos de melatonina en las personas, dependiendo de su ciclo circadiano<\/p><\/div>\n<p>&nbsp;<\/p>\n<p><span data-contrast=\"auto\">Lo anterior, debido a que la parte de la corteza cerebral que incide en la toma de decisiones y en la generaci\u00f3n de procesos cognitivos complejos a\u00fan no alcanza su nivel de desarrollo total, esto hace que el cerebro sea susceptible al desarrollo de una conducta adictiva, pues la comunicaci\u00f3n entre sus neuronas a\u00fan no es la adecuada.<\/span><span data-ccp-props=\"{&quot;201341983&quot;:0,&quot;335559731&quot;:708,&quot;335559739&quot;:0,&quot;335559740&quot;:240}\">\u00a0<\/span><\/p>\n<p><span data-contrast=\"auto\">Fabio Garc\u00eda agreg\u00f3 que otro factor es que los adolescentes duermen menos de nueve o 10 horas, y la reducci\u00f3n de sue\u00f1o los hace vulnerables para el consumo de sustancias.<\/span><span data-ccp-props=\"{&quot;201341983&quot;:0,&quot;335559731&quot;:708,&quot;335559739&quot;:0,&quot;335559740&quot;:240}\">\u00a0<\/span><\/p>\n<p><span data-contrast=\"auto\">\u201cNuestro objetivo es permear directamente e incidir en la salud de las personas, por lo que este estudio permitir\u00e1 hacer una evaluaci\u00f3n de la poblaci\u00f3n adolescente de Xalapa, y c\u00f3mo la mala calidad de sue\u00f1o y la preferencia por un cronotipo espec\u00edfico puede ser factor de riesgo para que el joven sea vulnerable al consumo de sustancias\u201d, se\u00f1al\u00f3.<\/span><span data-ccp-props=\"{&quot;201341983&quot;:0,&quot;335559731&quot;:708,&quot;335559739&quot;:0,&quot;335559740&quot;:240}\">\u00a0<\/span><\/p>\n","protected":false},"excerpt":{"rendered":"<p>Horarios laborales extendidos y mayor exposici\u00f3n a luz artificial reducen el tiempo de sue\u00f1o en la poblaci\u00f3n en general\u00a0<\/p>\n","protected":false},"author":2349,"featured_media":145653,"comment_status":"closed","ping_status":"closed","sticky":false,"template":"","format":"standard","meta":{"footnotes":""},"categories":[45,15424,61],"tags":[9365,18223,1717,14248,18219,18220,2292,5528,18221,2140,4162,14464,6592,11006,10739,18222,18224,5429,14244],"class_list":["post-145669","post","type-post","status-publish","format-standard","has-post-thumbnail","hentry","category-ciencia","category-planta-academica","category-banner","tag-alcohol","tag-anfetaminas","tag-cerebro","tag-cocaina","tag-conductas-patologicas","tag-departamento-de-biomedicina","tag-desarrollo","tag-doctorado-en-ciencias-de-la-salud","tag-factor-de-riesgo","tag-instituto-de-ciencias-de-la-salud","tag-jose-luis-couttolenc-soto","tag-laboratorio-de-biologia-del-sueno","tag-luis-fernando-fernandez","tag-neuronas","tag-poblacion","tag-poblacion-adolescente","tag-procesos-cognitivos","tag-sueno","tag-sustancias-psicoactivas"],"_links":{"self":[{"href":"https:\/\/www.uv.mx\/prensa\/wp-json\/wp\/v2\/posts\/145669","targetHints":{"allow":["GET"]}}],"collection":[{"href":"https:\/\/www.uv.mx\/prensa\/wp-json\/wp\/v2\/posts"}],"about":[{"href":"https:\/\/www.uv.mx\/prensa\/wp-json\/wp\/v2\/types\/post"}],"author":[{"embeddable":true,"href":"https:\/\/www.uv.mx\/prensa\/wp-json\/wp\/v2\/users\/2349"}],"replies":[{"embeddable":true,"href":"https:\/\/www.uv.mx\/prensa\/wp-json\/wp\/v2\/comments?post=145669"}],"version-history":[{"count":1,"href":"https:\/\/www.uv.mx\/prensa\/wp-json\/wp\/v2\/posts\/145669\/revisions"}],"predecessor-version":[{"id":145671,"href":"https:\/\/www.uv.mx\/prensa\/wp-json\/wp\/v2\/posts\/145669\/revisions\/145671"}],"wp:featuredmedia":[{"embeddable":true,"href":"https:\/\/www.uv.mx\/prensa\/wp-json\/wp\/v2\/media\/145653"}],"wp:attachment":[{"href":"https:\/\/www.uv.mx\/prensa\/wp-json\/wp\/v2\/media?parent=145669"}],"wp:term":[{"taxonomy":"category","embeddable":true,"href":"https:\/\/www.uv.mx\/prensa\/wp-json\/wp\/v2\/categories?post=145669"},{"taxonomy":"post_tag","embeddable":true,"href":"https:\/\/www.uv.mx\/prensa\/wp-json\/wp\/v2\/tags?post=145669"}],"curies":[{"name":"wp","href":"https:\/\/api.w.org\/{rel}","templated":true}]}}