{"id":145494,"date":"2024-07-09T18:46:04","date_gmt":"2024-07-09T23:46:04","guid":{"rendered":"https:\/\/www.uv.mx\/prensa\/?p=145494"},"modified":"2024-07-09T23:46:53","modified_gmt":"2024-07-10T04:46:53","slug":"equipo-nacional-de-traductores-nahuas-revitaliza-la-lengua-nahuatl","status":"publish","type":"post","link":"https:\/\/www.uv.mx\/prensa\/banner\/equipo-nacional-de-traductores-nahuas-revitaliza-la-lengua-nahuatl\/","title":{"rendered":"Equipo Nacional de Traductores Nahuas revitaliza la lengua n\u00e1huatl"},"content":{"rendered":"<ul>\n<li data-leveltext=\"\uf0b7\" data-font=\"Symbol\" data-listid=\"1\" data-list-defn-props=\"{&quot;335552541&quot;:1,&quot;335559685&quot;:720,&quot;335559991&quot;:360,&quot;469769226&quot;:&quot;Symbol&quot;,&quot;469769242&quot;:[8226],&quot;469777803&quot;:&quot;left&quot;,&quot;469777804&quot;:&quot;\uf0b7&quot;,&quot;469777815&quot;:&quot;hybridMultilevel&quot;}\" data-aria-posinset=\"1\" data-aria-level=\"1\"><i><span data-contrast=\"auto\">Lilia Irlanda Villegas, investigadora del IIE de la UV, habl\u00f3 del trabajo hecho por el ENTN al que pertenece<\/span><\/i><span data-ccp-props=\"{}\">\u00a0<\/span><\/li>\n<\/ul>\n<ul>\n<li data-leveltext=\"\uf0b7\" data-font=\"Symbol\" data-listid=\"1\" data-list-defn-props=\"{&quot;335552541&quot;:1,&quot;335559685&quot;:720,&quot;335559991&quot;:360,&quot;469769226&quot;:&quot;Symbol&quot;,&quot;469769242&quot;:[8226],&quot;469777803&quot;:&quot;left&quot;,&quot;469777804&quot;:&quot;\uf0b7&quot;,&quot;469777815&quot;:&quot;hybridMultilevel&quot;}\" data-aria-posinset=\"2\" data-aria-level=\"1\"><i><span data-contrast=\"auto\">Entre las principales contribuciones est\u00e1n el pluriling\u00fcismo, la variedad dialectal y la modernizaci\u00f3n ling\u00fc\u00edstica<\/span><\/i><span data-ccp-props=\"{}\">\u00a0<\/span><\/li>\n<\/ul>\n<p><span data-ccp-props=\"{}\">\u00a0<\/span><\/p>\n<div id=\"attachment_145455\" style=\"width: 732px\" class=\"wp-caption aligncenter\"><img loading=\"lazy\" decoding=\"async\" aria-describedby=\"caption-attachment-145455\" class=\"size-full wp-image-145455\" src=\"https:\/\/www.uv.mx\/prensa\/files\/2024\/07\/090724-PAOLA-Equipo-traductores-nahuas-1-100k.jpg\" alt=\"Liliana Irlanda Villegas habl\u00f3 sobre el trabajo hecho por el ENTN \" width=\"722\" height=\"474\" srcset=\"https:\/\/www.uv.mx\/prensa\/files\/2024\/07\/090724-PAOLA-Equipo-traductores-nahuas-1-100k.jpg 722w, https:\/\/www.uv.mx\/prensa\/files\/2024\/07\/090724-PAOLA-Equipo-traductores-nahuas-1-100k-300x197.jpg 300w\" sizes=\"auto, (max-width: 722px) 100vw, 722px\" \/><p id=\"caption-attachment-145455\" class=\"wp-caption-text\">Lilia Irlanda Villegas habl\u00f3 sobre el trabajo hecho por el ENTN<\/p><\/div>\n<p>&nbsp;<\/p>\n<p><b><i><span data-contrast=\"auto\">Paola Cort\u00e9s P\u00e9rez<\/span><\/i><\/b><span data-ccp-props=\"{}\">\u00a0<\/span><\/p>\n<p><b><i><span data-contrast=\"auto\">Fotos: Omar Portilla Palacios<\/span><\/i><\/b><\/p>\n<p><b><i><span data-contrast=\"auto\">09\/07\/2024, Xalapa, Ver.-<\/span><\/i><\/b><span data-contrast=\"auto\"> El trabajo realizado por el Equipo Nacional de Traductores Nahuas (ENTN) ha contribuido a la revitalizaci\u00f3n ling\u00fc\u00edstica del n\u00e1huatl, as\u00ed como al pluriling\u00fcismo y a la variedad dialectal, afirm\u00f3 Lilia Irlanda Villegas Salas, acad\u00e9mica en el Instituto de Investigaciones en Educaci\u00f3n (IIE) de la Universidad Veracruzana (UV).<\/span><span data-ccp-props=\"{}\">\u00a0<\/span><\/p>\n<p><span data-contrast=\"auto\">Particip\u00f3 en la Jornada Intercultural de Di\u00e1logos Interculturales \u201cInterculturalidad, lenguas y cosmovisi\u00f3n de los pueblos originarios en M\u00e9xico y Chile\u201d, llevada a cabo por el IIE, con la ponencia \u201c\u00bfNahuas cat\u00f3licos o cat\u00f3licos nahuas?: experiencias de mediaci\u00f3n intercultural del Equipo Nacional de Traductores Nahuas (ENTN)\u201d.<\/span><span data-ccp-props=\"{&quot;335559731&quot;:708}\">\u00a0<\/span><\/p>\n<p><span data-contrast=\"auto\">La investigadora forma parte del ENTN, el cual es auspiciado por la Conferencia Episcopal de la Iglesia Cat\u00f3lica Romana, que<\/span> <span data-contrast=\"auto\">ya produjo el <\/span><i><span data-contrast=\"auto\">Masewalxochitlasohkamatilis,<\/span><\/i><span data-contrast=\"auto\"> un Ordinario de la Misa en n\u00e1huatl, publicado por Editorial Buena Prensa que cuenta con un decreto oficial emitido por el Papa Francisco.<\/span><span data-ccp-props=\"{&quot;335559731&quot;:708}\">\u00a0<\/span><\/p>\n<p><span data-contrast=\"auto\">Hasta la fecha, mencion\u00f3, se han celebrado seis misas completamente en n\u00e1huatl y con aforo completo en la Bas\u00edlica de Guadalupe.<\/span><\/p>\n<div id=\"attachment_145456\" style=\"width: 732px\" class=\"wp-caption aligncenter\"><img loading=\"lazy\" decoding=\"async\" aria-describedby=\"caption-attachment-145456\" class=\"size-full wp-image-145456\" src=\"https:\/\/www.uv.mx\/prensa\/files\/2024\/07\/090724-PAOLA-Equipo-traductores-nahuas-2-100k.jpg\" alt=\"La revitalizaci\u00f3n ling\u00fc\u00edstica, el pluriling\u00fcismo y la variedad dial\u00e9ctica, principales aportaciones \" width=\"722\" height=\"458\" srcset=\"https:\/\/www.uv.mx\/prensa\/files\/2024\/07\/090724-PAOLA-Equipo-traductores-nahuas-2-100k.jpg 722w, https:\/\/www.uv.mx\/prensa\/files\/2024\/07\/090724-PAOLA-Equipo-traductores-nahuas-2-100k-300x190.jpg 300w\" sizes=\"auto, (max-width: 722px) 100vw, 722px\" \/><p id=\"caption-attachment-145456\" class=\"wp-caption-text\">La revitalizaci\u00f3n ling\u00fc\u00edstica, el pluriling\u00fcismo y la variedad dial\u00e9ctica, principales aportaciones<\/p><\/div>\n<p>&nbsp;<\/p>\n<p><span data-contrast=\"auto\">\u201cEsto quiere decir que en cualquier templo cat\u00f3lico de M\u00e9xico los feligreses tienen el derecho de exigir que la misa se celebre en n\u00e1huatl, lo que es un derecho ling\u00fc\u00edstico muy importante.\u201d<\/span><span data-ccp-props=\"{&quot;335559731&quot;:708}\">\u00a0<\/span><\/p>\n<p><span data-contrast=\"auto\">Otro dato por destacar es que de las 30 variantes de la lengua n\u00e1huatl registradas en el pa\u00eds, en el equipo est\u00e1n representadas 16, por lo que tienen un 53% de la representatividad de los hablantes.<\/span><span data-ccp-props=\"{&quot;335559731&quot;:708}\">\u00a0<\/span><\/p>\n<p><span data-contrast=\"auto\">Con respecto al modo de trabajar del equipo, detall\u00f3: la traducci\u00f3n se genera en la propia comunidad, la cual es revisada por el ENTN; los participantes opinan y proponen; revisan los aspectos lit\u00fargicos, teol\u00f3gicos y culturales; se consultan textos fuente en diversas lenguas; las traducciones opcionales son le\u00eddas; se verifica \u201cc\u00f3mo suena\u201d con nahuahablantes; la propuesta es discutida en cada regi\u00f3n; cuando el texto queda listo es regresado a la comunidad para conocer su utilidad y, finalmente, es aprobado por las instancias clericales para su publicaci\u00f3n.<\/span><span data-ccp-props=\"{&quot;335559731&quot;:708}\">\u00a0<\/span><\/p>\n<p><span data-contrast=\"auto\">Desde su punto de vista como investigadora, se\u00f1al\u00f3 que las principales contribuciones del ENTN son: el pluriling\u00fcismo, la variedad dialectal, la revitalizaci\u00f3n ling\u00fc\u00edstica a trav\u00e9s de la pr\u00e1ctica y los procesos de modernizaci\u00f3n ling\u00fc\u00edstica.<\/span><\/p>\n<div id=\"attachment_145457\" style=\"width: 732px\" class=\"wp-caption aligncenter\"><img loading=\"lazy\" decoding=\"async\" aria-describedby=\"caption-attachment-145457\" class=\"size-full wp-image-145457\" src=\"https:\/\/www.uv.mx\/prensa\/files\/2024\/07\/090724-PAOLA-Equipo-traductores-nahuas-3-100k.jpg\" alt=\"La investigadora particip\u00f3 en la Jornada Intercultural de Di\u00e1logos Interculturales organizada por el IIE \" width=\"722\" height=\"466\" srcset=\"https:\/\/www.uv.mx\/prensa\/files\/2024\/07\/090724-PAOLA-Equipo-traductores-nahuas-3-100k.jpg 722w, https:\/\/www.uv.mx\/prensa\/files\/2024\/07\/090724-PAOLA-Equipo-traductores-nahuas-3-100k-300x194.jpg 300w\" sizes=\"auto, (max-width: 722px) 100vw, 722px\" \/><p id=\"caption-attachment-145457\" class=\"wp-caption-text\">La investigadora particip\u00f3 en la Jornada Intercultural de Di\u00e1logos Interculturales organizada por el IIE<\/p><\/div>\n<p>&nbsp;<\/p>\n<p><span data-contrast=\"auto\">\u201cEl trabajo que realiza es susceptible de ser replicado por otros equipos de traductores, ya que replantea la identidad de los nahuas, principalmente de las mujeres \u2013quienes no tienen voz en la mayor\u00eda de sus comunidades\u2013 al preguntarles lo que sienten y piensan de la liturgia.<\/span><span data-ccp-props=\"{&quot;335559731&quot;:708}\">\u00a0<\/span><\/p>\n<p><span data-contrast=\"auto\">\u201dHay un replanteamiento identitario, esto es, hay gente que llega a los talleres pensando que su lengua no vale absolutamente nada y al terminar el trabajo sale muy orgullosa por hablarla y poder entenderla\u201d, a\u00f1adi\u00f3.<\/span><span data-ccp-props=\"{&quot;335559731&quot;:708}\">\u00a0<\/span><\/p>\n<p><span data-contrast=\"auto\">Irlanda Villegas dijo que este trabajo impacta de manera positiva en las comunidades ind\u00edgenas al fortalecerlas; mientras que a nivel macro, la iglesia cat\u00f3lica ha tenido que aprender a ser observadora y receptora de las pr\u00e1cticas nahuas; \u201cen mis propias interpretaciones, esto es una decolonizaci\u00f3n\u201d.<\/span><span data-ccp-props=\"{&quot;335559731&quot;:708}\">\u00a0<\/span><\/p>\n","protected":false},"excerpt":{"rendered":"<p>Su trabajo impacta de manera positiva en las comunidades ind\u00edgenas al fortalecerlas <\/p>\n","protected":false},"author":1775,"featured_media":145458,"comment_status":"closed","ping_status":"closed","sticky":false,"template":"","format":"standard","meta":{"footnotes":""},"categories":[6301,8445,61],"tags":[18155,18154,15097,229,2834,18156,10240,18157,7302,6462,4164,18159,7376,1863,18158,18160],"class_list":["post-145494","post","type-post","status-publish","format-standard","has-post-thumbnail","hentry","category-derechos-humanos","category-inclusion","category-banner","tag-entn","tag-equipo-nacional-de-traductores-nahuas","tag-feligreses","tag-instituto-de-investigaciones-en-educacion-iie","tag-interculturalidad","tag-jornada-intercultural-de-dialogos-interculturales","tag-lenguas-indigenas","tag-misas","tag-nahuatl","tag-omar-portilla-palacios","tag-paola-cortes-perez","tag-plurilinguismo","tag-pueblos-originarios","tag-traduccion","tag-variantes-del-nahuatl","tag-variedad-dialectal"],"_links":{"self":[{"href":"https:\/\/www.uv.mx\/prensa\/wp-json\/wp\/v2\/posts\/145494","targetHints":{"allow":["GET"]}}],"collection":[{"href":"https:\/\/www.uv.mx\/prensa\/wp-json\/wp\/v2\/posts"}],"about":[{"href":"https:\/\/www.uv.mx\/prensa\/wp-json\/wp\/v2\/types\/post"}],"author":[{"embeddable":true,"href":"https:\/\/www.uv.mx\/prensa\/wp-json\/wp\/v2\/users\/1775"}],"replies":[{"embeddable":true,"href":"https:\/\/www.uv.mx\/prensa\/wp-json\/wp\/v2\/comments?post=145494"}],"version-history":[{"count":1,"href":"https:\/\/www.uv.mx\/prensa\/wp-json\/wp\/v2\/posts\/145494\/revisions"}],"predecessor-version":[{"id":145506,"href":"https:\/\/www.uv.mx\/prensa\/wp-json\/wp\/v2\/posts\/145494\/revisions\/145506"}],"wp:featuredmedia":[{"embeddable":true,"href":"https:\/\/www.uv.mx\/prensa\/wp-json\/wp\/v2\/media\/145458"}],"wp:attachment":[{"href":"https:\/\/www.uv.mx\/prensa\/wp-json\/wp\/v2\/media?parent=145494"}],"wp:term":[{"taxonomy":"category","embeddable":true,"href":"https:\/\/www.uv.mx\/prensa\/wp-json\/wp\/v2\/categories?post=145494"},{"taxonomy":"post_tag","embeddable":true,"href":"https:\/\/www.uv.mx\/prensa\/wp-json\/wp\/v2\/tags?post=145494"}],"curies":[{"name":"wp","href":"https:\/\/api.w.org\/{rel}","templated":true}]}}