{"id":145402,"date":"2024-07-08T13:12:20","date_gmt":"2024-07-08T18:12:20","guid":{"rendered":"https:\/\/www.uv.mx\/prensa\/?p=145402"},"modified":"2024-07-08T13:12:20","modified_gmt":"2024-07-08T18:12:20","slug":"andosoles-suelos-volcanicos-aptos-para-la-agricultura","status":"publish","type":"post","link":"https:\/\/www.uv.mx\/prensa\/ciencia\/andosoles-suelos-volcanicos-aptos-para-la-agricultura\/","title":{"rendered":"Andosoles: suelos volc\u00e1nicos aptos para la agricultura"},"content":{"rendered":"<ul>\n<li data-leveltext=\"\uf0b7\" data-font=\"Symbol\" data-listid=\"1\" data-list-defn-props=\"{&quot;335551671&quot;:0,&quot;335552541&quot;:1,&quot;335559685&quot;:720,&quot;335559991&quot;:360,&quot;469769226&quot;:&quot;Symbol&quot;,&quot;469769242&quot;:[8226],&quot;469777803&quot;:&quot;left&quot;,&quot;469777804&quot;:&quot;\uf0b7&quot;,&quot;469777815&quot;:&quot;hybridMultilevel&quot;}\" data-aria-posinset=\"0\" data-aria-level=\"1\"><i><span data-contrast=\"auto\">Luis Alberto Morales Gonz\u00e1lez, alumno de la UNAM, sostuvo que la ca\u00edda de ceniza volc\u00e1nica en el pasado los conform\u00f3; \u201cson oscuros y con buena aireaci\u00f3n y drenaje\u201d<\/span><\/i><span data-ccp-props=\"{&quot;201341983&quot;:0,&quot;335559739&quot;:0,&quot;335559740&quot;:240}\">\u00a0<\/span><\/li>\n<\/ul>\n<ul>\n<li data-leveltext=\"\uf0b7\" data-font=\"Symbol\" data-listid=\"1\" data-list-defn-props=\"{&quot;335551671&quot;:0,&quot;335552541&quot;:1,&quot;335559685&quot;:720,&quot;335559991&quot;:360,&quot;469769226&quot;:&quot;Symbol&quot;,&quot;469769242&quot;:[8226],&quot;469777803&quot;:&quot;left&quot;,&quot;469777804&quot;:&quot;\uf0b7&quot;,&quot;469777815&quot;:&quot;hybridMultilevel&quot;}\" data-aria-posinset=\"1\" data-aria-level=\"1\"><i><span data-contrast=\"auto\">En la UV ofreci\u00f3 la conferencia \u201cRelaciones entre las emisiones difusas y los tipos de suelo en el campo volc\u00e1nico de Xalapa\u201d<\/span><\/i><span data-ccp-props=\"{&quot;201341983&quot;:0,&quot;335559739&quot;:0,&quot;335559740&quot;:240}\">\u00a0<\/span><\/li>\n<\/ul>\n<p><span data-ccp-props=\"{&quot;201341983&quot;:0,&quot;335559739&quot;:0,&quot;335559740&quot;:240}\">\u00a0<\/span><\/p>\n<div id=\"attachment_145316\" style=\"width: 732px\" class=\"wp-caption aligncenter\"><img loading=\"lazy\" decoding=\"async\" aria-describedby=\"caption-attachment-145316\" class=\"size-full wp-image-145316\" src=\"https:\/\/www.uv.mx\/prensa\/files\/2024\/07\/040724-COUTTOLENC-Andoles-aptos-agricultura-1.jpg\" alt=\"Los andosoles son suelos aptos para la agricultura, afirm\u00f3 Luis Alberto Morales Gonz\u00e1lez, alumno de posgrado de la UNAM \" width=\"722\" height=\"406\" srcset=\"https:\/\/www.uv.mx\/prensa\/files\/2024\/07\/040724-COUTTOLENC-Andoles-aptos-agricultura-1.jpg 722w, https:\/\/www.uv.mx\/prensa\/files\/2024\/07\/040724-COUTTOLENC-Andoles-aptos-agricultura-1-300x169.jpg 300w\" sizes=\"auto, (max-width: 722px) 100vw, 722px\" \/><p id=\"caption-attachment-145316\" class=\"wp-caption-text\">Los andosoles son suelos aptos para la agricultura, afirm\u00f3 Luis Alberto Morales Gonz\u00e1lez, alumno de posgrado de la UNAM<\/p><\/div>\n<p>&nbsp;<\/p>\n<p><b><i><span data-contrast=\"auto\">Jos\u00e9 Luis Couttolenc Soto<\/span><\/i><\/b><span data-ccp-props=\"{&quot;201341983&quot;:0,&quot;335559739&quot;:0,&quot;335559740&quot;:240}\">\u00a0<\/span><\/p>\n<p><b><i><span data-contrast=\"auto\">Fotos: Luis Fernando Fern\u00e1ndez<\/span><\/i><\/b><\/p>\n<p><b><i><span data-contrast=\"auto\">08\/07\/2024, Xalapa, Ver.- <\/span><\/i><\/b><span data-contrast=\"auto\">En el campo volc\u00e1nico de Xalapa se localizan cuatro tipos principales de suelo, dos de ellos son andosoles y andisoles; el primero de ellos tiene la caracter\u00edstica de ser de color oscuro, poroso, ligero y permeable, que lo hace de una fertilidad considerable y por lo tanto apto para la agricultura.<\/span><span data-ccp-props=\"{&quot;201341983&quot;:0,&quot;335559739&quot;:0,&quot;335559740&quot;:240}\">\u00a0<\/span><\/p>\n<p><span data-contrast=\"auto\">Luis Alberto Morales Gonz\u00e1lez, estudiante de la Maestr\u00eda en Ciencias de la Tierra de la Universidad Nacional Aut\u00f3noma de M\u00e9xico (UNAM), asent\u00f3 lo anterior durante la charla \u201cRelaciones entre las emisiones difusas y los tipos de suelo en el campo volc\u00e1nico de Xalapa\u201d.<\/span><span data-ccp-props=\"{&quot;201341983&quot;:0,&quot;335559731&quot;:708,&quot;335559739&quot;:0,&quot;335559740&quot;:240}\">\u00a0<\/span><\/p>\n<p><span data-contrast=\"auto\">La pl\u00e1tica form\u00f3 parte del ciclo de conferencias \u201cDivulgaci\u00f3n de la ciencia y acceso universal al conocimiento\u201d, organizado por el cuerpo acad\u00e9mico (CA) Volcanes, Sismos y Sociedad, el Observatorio Sismol\u00f3gico y Vulcanol\u00f3gico de Veracruz y el Centro de Ciencias de la Tierra (CCT) de la Universidad Veracruzana (UV).<\/span><span data-ccp-props=\"{&quot;201341983&quot;:0,&quot;335559731&quot;:708,&quot;335559739&quot;:0,&quot;335559740&quot;:240}\">\u00a0<\/span><\/p>\n<p><span data-contrast=\"auto\">Morales Gonz\u00e1lez explic\u00f3 que los andosoles, equivalente a la misma orden de los andisoles, se forman a partir de ceniza volc\u00e1nica y dep\u00f3sitos de escoria favorecidos por la ca\u00edda de tefra (ceniza volc\u00e1nica) en el pasado, dando paso a la formaci\u00f3n de este tipo de suelo que se localiza en zonas monta\u00f1osas volc\u00e1nicas, principalmente.<\/span><\/p>\n<div id=\"attachment_145315\" style=\"width: 732px\" class=\"wp-caption aligncenter\"><img loading=\"lazy\" decoding=\"async\" aria-describedby=\"caption-attachment-145315\" class=\"size-full wp-image-145315\" src=\"https:\/\/www.uv.mx\/prensa\/files\/2024\/07\/040724-COUTTOLENC-Andoles-aptos-agricultura-2.jpg\" alt=\"El CO2 es un gas de efecto invernadero que contribuye al incremento en la temperatura atmosf\u00e9rica y ocurrencia de eventos clim\u00e1ticos \" width=\"722\" height=\"408\" srcset=\"https:\/\/www.uv.mx\/prensa\/files\/2024\/07\/040724-COUTTOLENC-Andoles-aptos-agricultura-2.jpg 722w, https:\/\/www.uv.mx\/prensa\/files\/2024\/07\/040724-COUTTOLENC-Andoles-aptos-agricultura-2-300x170.jpg 300w\" sizes=\"auto, (max-width: 722px) 100vw, 722px\" \/><p id=\"caption-attachment-145315\" class=\"wp-caption-text\">El CO2 es un gas de efecto invernadero que contribuye al incremento en la temperatura atmosf\u00e9rica y ocurrencia de eventos clim\u00e1ticos<\/p><\/div>\n<p>&nbsp;<\/p>\n<p><span data-contrast=\"auto\">El campo volc\u00e1nico de Xalapa fue tema de investigaci\u00f3n para su tesis de maestr\u00eda; dijo que tom\u00f3 como base los estudios de monitoreo y medici\u00f3n de emisiones difusas de campos volc\u00e1nicos monog\u00e9nicos de la ciudad, a fin de encontrar una l\u00ednea base de desgasificaci\u00f3n, conocer rangos de flujo y estudiar otros par\u00e1metros de suelo para conocer su influencia en el flujo.<\/span><span data-ccp-props=\"{&quot;201341983&quot;:0,&quot;335559731&quot;:708,&quot;335559739&quot;:0,&quot;335559740&quot;:240}\">\u00a0<\/span><\/p>\n<p><span data-contrast=\"auto\">Precis\u00f3 que recibe el nombre de \u201cCampo volc\u00e1nico de Xalapa\u201d, por ser un cintur\u00f3n que rodea la ciudad; se encuentra geol\u00f3gicamente en la franja volc\u00e1nica mexicana junto con otros monogen\u00e9ticos importantes como los de Michoac\u00e1n y Guanajuato.<\/span><span data-ccp-props=\"{&quot;201341983&quot;:0,&quot;335559731&quot;:708,&quot;335559739&quot;:0,&quot;335559740&quot;:240}\">\u00a0<\/span><\/p>\n<p><span data-contrast=\"auto\">Refiri\u00f3 que suelos con diferentes tipos de vegetaci\u00f3n reportan valores por debajo de los 100 gramos por metro c\u00fabico por d\u00eda, datos que corresponden a desgasificaci\u00f3n natural, y no se registraron datos an\u00f3malos que indiquen una fuente magm\u00e1tica profunda.<\/span><\/p>\n<div id=\"attachment_145317\" style=\"width: 732px\" class=\"wp-caption aligncenter\"><img loading=\"lazy\" decoding=\"async\" aria-describedby=\"caption-attachment-145317\" class=\"size-full wp-image-145317\" src=\"https:\/\/www.uv.mx\/prensa\/files\/2024\/07\/040724-COUTTOLENC-Andoles-aptos-agricultura-3.jpg\" alt=\"Los volcanes est\u00e1n sujetos a una desgasificaci\u00f3n \" width=\"722\" height=\"407\" srcset=\"https:\/\/www.uv.mx\/prensa\/files\/2024\/07\/040724-COUTTOLENC-Andoles-aptos-agricultura-3.jpg 722w, https:\/\/www.uv.mx\/prensa\/files\/2024\/07\/040724-COUTTOLENC-Andoles-aptos-agricultura-3-300x169.jpg 300w\" sizes=\"auto, (max-width: 722px) 100vw, 722px\" \/><p id=\"caption-attachment-145317\" class=\"wp-caption-text\">Los volcanes est\u00e1n sujetos a una desgasificaci\u00f3n<\/p><\/div>\n<p>&nbsp;<\/p>\n<p><span data-contrast=\"auto\">El flujo de di\u00f3xido de carbono (CO2) est\u00e1 influenciado por par\u00e1metros del suelo, y en este caso se encontraron correlaciones con la densidad aparente, la humedad y temperatura.<\/span><span data-ccp-props=\"{&quot;201341983&quot;:0,&quot;335559731&quot;:708,&quot;335559739&quot;:0,&quot;335559740&quot;:240}\">\u00a0<\/span><\/p>\n<p><span data-contrast=\"auto\">Detall\u00f3 que el trabajo est\u00e1 adaptado para el estudio de campos monogen\u00e9ticos y que es una de las primeras investigaciones para la desgasificaci\u00f3n difusa del campo vulcanol\u00f3gico de Xalapa, tambi\u00e9n es el primero en calcular una l\u00ednea base de desgasificaci\u00f3n.<\/span><span data-ccp-props=\"{&quot;201341983&quot;:0,&quot;335559731&quot;:708,&quot;335559739&quot;:0,&quot;335559740&quot;:240}\">\u00a0<\/span><\/p>\n<p><span data-contrast=\"auto\">Apunt\u00f3 que el CO2 es un gas de efecto invernadero, principal contribuyente del incremento en la temperatura atmosf\u00e9rica y de la ocurrencia de eventos clim\u00e1ticos.<\/span><span data-ccp-props=\"{&quot;201341983&quot;:0,&quot;335559731&quot;:708,&quot;335559739&quot;:0,&quot;335559740&quot;:240}\">\u00a0<\/span><\/p>\n","protected":false},"excerpt":{"rendered":"<p>Los de diferentes tipos de vegetaci\u00f3n reportan valores menores a los 100 gramos por metro c\u00fabico por d\u00eda, que corresponden a desgasificaci\u00f3n natural <\/p>\n","protected":false},"author":1775,"featured_media":145314,"comment_status":"closed","ping_status":"closed","sticky":false,"template":"","format":"standard","meta":{"footnotes":""},"categories":[45,15423,61],"tags":[18098,173,11980,3932,591,4162,6592,12475,17852,6426,101,404],"class_list":["post-145402","post","type-post","status-publish","format-standard","has-post-thumbnail","hentry","category-ciencia","category-estudiantes","category-banner","tag-campo-volcanico","tag-cct","tag-ceniza","tag-centro-de-ciencias-de-la-tierra","tag-conferencia","tag-jose-luis-couttolenc-soto","tag-luis-fernando-fernandez","tag-maestria-en-ciencias-de-la-tierra","tag-montanas","tag-observatorio-sismologico-y-vulcanologico-de-veracruz","tag-unam","tag-universidad-nacional-autonoma-de-mexico"],"_links":{"self":[{"href":"https:\/\/www.uv.mx\/prensa\/wp-json\/wp\/v2\/posts\/145402","targetHints":{"allow":["GET"]}}],"collection":[{"href":"https:\/\/www.uv.mx\/prensa\/wp-json\/wp\/v2\/posts"}],"about":[{"href":"https:\/\/www.uv.mx\/prensa\/wp-json\/wp\/v2\/types\/post"}],"author":[{"embeddable":true,"href":"https:\/\/www.uv.mx\/prensa\/wp-json\/wp\/v2\/users\/1775"}],"replies":[{"embeddable":true,"href":"https:\/\/www.uv.mx\/prensa\/wp-json\/wp\/v2\/comments?post=145402"}],"version-history":[{"count":1,"href":"https:\/\/www.uv.mx\/prensa\/wp-json\/wp\/v2\/posts\/145402\/revisions"}],"predecessor-version":[{"id":145404,"href":"https:\/\/www.uv.mx\/prensa\/wp-json\/wp\/v2\/posts\/145402\/revisions\/145404"}],"wp:featuredmedia":[{"embeddable":true,"href":"https:\/\/www.uv.mx\/prensa\/wp-json\/wp\/v2\/media\/145314"}],"wp:attachment":[{"href":"https:\/\/www.uv.mx\/prensa\/wp-json\/wp\/v2\/media?parent=145402"}],"wp:term":[{"taxonomy":"category","embeddable":true,"href":"https:\/\/www.uv.mx\/prensa\/wp-json\/wp\/v2\/categories?post=145402"},{"taxonomy":"post_tag","embeddable":true,"href":"https:\/\/www.uv.mx\/prensa\/wp-json\/wp\/v2\/tags?post=145402"}],"curies":[{"name":"wp","href":"https:\/\/api.w.org\/{rel}","templated":true}]}}