{"id":145401,"date":"2024-07-08T13:10:48","date_gmt":"2024-07-08T18:10:48","guid":{"rendered":"https:\/\/www.uv.mx\/prensa\/?p=145401"},"modified":"2024-07-08T13:27:09","modified_gmt":"2024-07-08T18:27:09","slug":"alumnos-de-posgrado-en-ecologia-forestal-presentaron-investigaciones","status":"publish","type":"post","link":"https:\/\/www.uv.mx\/prensa\/banner\/alumnos-de-posgrado-en-ecologia-forestal-presentaron-investigaciones\/","title":{"rendered":"Alumnos de posgrado en Ecolog\u00eda Forestal presentaron investigaciones"},"content":{"rendered":"<p><span data-ccp-props=\"{&quot;201341983&quot;:0,&quot;335559739&quot;:0,&quot;335559740&quot;:240}\">\u00a0<\/span><\/p>\n<ul>\n<li data-leveltext=\"\uf0b7\" data-font=\"Symbol\" data-listid=\"1\" data-list-defn-props=\"{&quot;335551671&quot;:0,&quot;335552541&quot;:1,&quot;335559685&quot;:720,&quot;335559991&quot;:360,&quot;469769226&quot;:&quot;Symbol&quot;,&quot;469769242&quot;:[8226],&quot;469777803&quot;:&quot;left&quot;,&quot;469777804&quot;:&quot;\uf0b7&quot;,&quot;469777815&quot;:&quot;hybridMultilevel&quot;}\" data-aria-posinset=\"0\" data-aria-level=\"1\"><i><span data-contrast=\"auto\">Desarrollan las l\u00edneas de \u201cInsectos bioindicadores de contaminaci\u00f3n en ecosistemas\u201d, \u201cConcentraciones nutrientes en suelo del Cofre de Perote\u201d y \u201cCambios en el ensamblaje de hormigas de la microcuenca del r\u00edo Naolinco\u201d, entre otros<\/span><\/i><span data-ccp-props=\"{&quot;201341983&quot;:0,&quot;335559739&quot;:0,&quot;335559740&quot;:240}\">\u00a0<\/span><\/li>\n<\/ul>\n<div id=\"attachment_145388\" style=\"width: 732px\" class=\"wp-caption aligncenter\"><img aria-describedby=\"caption-attachment-145388\" decoding=\"async\" loading=\"lazy\" class=\"size-full wp-image-145388\" src=\"https:\/\/www.uv.mx\/prensa\/files\/2024\/07\/050724-COUTTOLENC-Trabajos-Inifor-1.jpg\" alt=\"\" width=\"722\" height=\"481\" srcset=\"https:\/\/www.uv.mx\/prensa\/files\/2024\/07\/050724-COUTTOLENC-Trabajos-Inifor-1.jpg 722w, https:\/\/www.uv.mx\/prensa\/files\/2024\/07\/050724-COUTTOLENC-Trabajos-Inifor-1-300x200.jpg 300w\" sizes=\"(max-width: 722px) 100vw, 722px\" \/><p id=\"caption-attachment-145388\" class=\"wp-caption-text\">Caleb Cruz Mota habl\u00f3 sobre \u201cInsectos bioindicadores de contaminaci\u00f3n en el ecosistema por el uso intensivo de agroqu\u00edmicos en el cultivo de papa\u201d<\/p><\/div>\n<p>&nbsp;<\/p>\n<p><b><i><span data-contrast=\"auto\">Jos\u00e9 Luis Couttolenc Soto<\/span><\/i><\/b><span data-ccp-props=\"{&quot;201341983&quot;:0,&quot;335559739&quot;:0,&quot;335559740&quot;:240}\">\u00a0<\/span><\/p>\n<p><b><i><span data-contrast=\"auto\">Fotos: Luis Fernando Fern\u00e1ndez<\/span><\/i><\/b><span data-ccp-props=\"{&quot;201341983&quot;:0,&quot;335559739&quot;:0,&quot;335559740&quot;:240}\">\u00a0<\/span><\/p>\n<p><b><i><span data-contrast=\"auto\">08\/07\/2024, Xalapa, Ver.- <\/span><\/i><\/b><span data-contrast=\"auto\">Alumnos de la Maestr\u00eda en Ciencias en Ecolog\u00eda Forestal de la Universidad Veracruzana (UV) presentaron avances de trabajos de investigaci\u00f3n, en el marco del seminario institucional efectuado en el auditorio del Instituto de Investigaciones Forestales (<\/span><i><span data-contrast=\"auto\">Inifor<\/span><\/i><span data-contrast=\"auto\">).<\/span><span data-ccp-props=\"{&quot;201341983&quot;:0,&quot;335559739&quot;:0,&quot;335559740&quot;:240}\">\u00a0<\/span><\/p>\n<p><span data-contrast=\"auto\">Caleb Cruz Mota desarrolla el tema \u201cInsectos bioindicadores de contaminaci\u00f3n en el ecosistema por el uso intensivo de agroqu\u00edmicos en el cultivo de papa\u201d; refiri\u00f3 que M\u00e9xico ocupa el lugar 31 a nivel mundial como productor del tub\u00e9rculo, Veracruz es tercero en el pa\u00eds y Perote es el segundo productor a nivel estatal.<\/span><span data-ccp-props=\"{&quot;201341983&quot;:0,&quot;335559739&quot;:0,&quot;335559740&quot;:240}\">\u00a0<\/span><\/p>\n<p><span data-contrast=\"auto\">Mencion\u00f3 que su investigaci\u00f3n tiene como objetivo evaluar la acumulaci\u00f3n de materiales pesados en el sistema suelo-planta-insecto asociados al cultivo de la papa, bajo un manejo convencional agroecol\u00f3gico y de bosque; adem\u00e1s, busca conocer su efecto en la diversidad de insectos en el ejido Los Pescados, perteneciente al municipio de Perote, lugar del estudio.<\/span><span data-ccp-props=\"{&quot;201341983&quot;:0,&quot;335559739&quot;:0,&quot;335559740&quot;:240}\">\u00a0<\/span><\/p>\n<p><span data-contrast=\"auto\">Dijo que al acumularse los agroqu\u00edmicos en suelos, acu\u00edferos y tejidos vegetales, favorecen la adhesi\u00f3n de materiales pesados en los insectos que interact\u00faan en la zona de cultivo.<\/span><span data-ccp-props=\"{&quot;201341983&quot;:0,&quot;335559739&quot;:0,&quot;335559740&quot;:240}\">\u00a0<\/span><\/p>\n<p>&nbsp;<\/p>\n<div id=\"attachment_145389\" style=\"width: 732px\" class=\"wp-caption aligncenter\"><img aria-describedby=\"caption-attachment-145389\" decoding=\"async\" loading=\"lazy\" class=\"size-full wp-image-145389\" src=\"https:\/\/www.uv.mx\/prensa\/files\/2024\/07\/050724-COUTTOLENC-Trabajos-Inifor-2.jpg\" alt=\"\" width=\"722\" height=\"432\" srcset=\"https:\/\/www.uv.mx\/prensa\/files\/2024\/07\/050724-COUTTOLENC-Trabajos-Inifor-2.jpg 722w, https:\/\/www.uv.mx\/prensa\/files\/2024\/07\/050724-COUTTOLENC-Trabajos-Inifor-2-300x180.jpg 300w\" sizes=\"(max-width: 722px) 100vw, 722px\" \/><p id=\"caption-attachment-145389\" class=\"wp-caption-text\">Jes\u00fas Mar\u00edn Hern\u00e1ndez estudia las \u201cConcentraciones nutrimentales en <em>Pinus hartwegii Lind<\/em> y suelo del Cofre de Perote\u201d<\/p><\/div>\n<p>&nbsp;<\/p>\n<p><span data-contrast=\"auto\">Jes\u00fas Mar\u00edn Hern\u00e1ndez, quien estudia las \u201cConcentraciones nutrimentales en <\/span><i><span data-contrast=\"auto\">Pinus hartwegii Lind <\/span><\/i><span data-contrast=\"auto\">y suelo del Cofre de Perote\u201d, explic\u00f3 que su investigaci\u00f3n tiene dos puntos de inter\u00e9s: conocer los requerimientos nutrimentales para la especie <\/span><i><span data-contrast=\"auto\">Pinus hartwegii Lind<\/span><\/i><span data-contrast=\"auto\">, que se encuentra a mayor altitud en el Cofre de Perote; y observar la concentraci\u00f3n nutrimental en tres pisos altitudinales tomando tres puntos de referencia: la parte inferior a los tres mil 500 metros sobre el nivel del mar (msnm), la parte media a los tres mil 800 msnm, y la parte superior a los cuatro mil 100 msnm.<\/span><span data-ccp-props=\"{&quot;201341983&quot;:0,&quot;335559739&quot;:0,&quot;335559740&quot;:240}\">\u00a0<\/span><\/p>\n<p><span data-contrast=\"auto\">Especific\u00f3 que el estudio incluye la recolecci\u00f3n de follaje de ves\u00edculas para analizarlas en el laboratorio y as\u00ed encontrar el contenido de nutrimentos como el nitr\u00f3geno, f\u00f3sforo y potasio, para, a su vez, determinar si existen concentraciones cr\u00edticas.<\/span><span data-ccp-props=\"{&quot;201341983&quot;:0,&quot;335559739&quot;:0,&quot;335559740&quot;:240}\">\u00a0<\/span><\/p>\n<p><span data-contrast=\"auto\">Por su parte, Rafael S\u00e1nchez Gregorio present\u00f3 \u201cCambios en el ensamblaje de hormigas de la microcuenca del r\u00edo Naolinco\u201d y explic\u00f3 que las hormigas (<\/span><i><span data-contrast=\"auto\">Hymenoptera: Formicidae)<\/span><\/i><span data-contrast=\"auto\"> son un grupo bastante abundante en ambientes tropicales; sus \u00edndices de diversidad (alfa y beta) en sus comunidades proporcionan herramientas complementarias para comprender los efectos de su fragmentaci\u00f3n.<\/span><span data-ccp-props=\"{&quot;201341983&quot;:0,&quot;335559739&quot;:0,&quot;335559740&quot;:240}\">\u00a0<\/span><\/p>\n<p><span data-contrast=\"auto\">Expres\u00f3 que las respuestas de tales comunidades pueden ser din\u00e1micas y complejas por diferentes factores: interacciones ecol\u00f3gicas, conectividad entre parches y efectos de borde, entre otros.<\/span><span data-ccp-props=\"{&quot;201341983&quot;:0,&quot;335559739&quot;:0,&quot;335559740&quot;:240}\">\u00a0<\/span><\/p>\n<p><span data-contrast=\"auto\">En tanto, el recambio de especies es la sustituci\u00f3n de unas por otras entre diferentes sitios, haciendo que dos comunidades sean diferentes, pero sin una p\u00e9rdida neta de su propia especie.<\/span><span data-ccp-props=\"{&quot;201341983&quot;:0,&quot;335559731&quot;:708,&quot;335559739&quot;:0,&quot;335559740&quot;:240}\">\u00a0<\/span><\/p>\n<p><span data-contrast=\"auto\">Refiri\u00f3 que el anidamiento ocurre cuando las comunidades menos diversas se establecen como subconjuntos de las m\u00e1s variadas e implica que est\u00e1n vinculadas.<\/span><span data-ccp-props=\"{&quot;201341983&quot;:0,&quot;335559739&quot;:0,&quot;335559740&quot;:240}\">\u00a0<\/span><\/p>\n<div id=\"attachment_145390\" style=\"width: 732px\" class=\"wp-caption aligncenter\"><img aria-describedby=\"caption-attachment-145390\" decoding=\"async\" loading=\"lazy\" class=\"size-full wp-image-145390\" src=\"https:\/\/www.uv.mx\/prensa\/files\/2024\/07\/050724-COUTTOLENC-Trabajos-Inifor-3.jpg\" alt=\"\" width=\"722\" height=\"500\" srcset=\"https:\/\/www.uv.mx\/prensa\/files\/2024\/07\/050724-COUTTOLENC-Trabajos-Inifor-3.jpg 722w, https:\/\/www.uv.mx\/prensa\/files\/2024\/07\/050724-COUTTOLENC-Trabajos-Inifor-3-300x208.jpg 300w\" sizes=\"(max-width: 722px) 100vw, 722px\" \/><p id=\"caption-attachment-145390\" class=\"wp-caption-text\">Los \u201cCambios en el ensamblaje de hormigas entre ambientes representativos de la microcuenca del r\u00edo Naolinco\u201d, investigaci\u00f3n que desarrolla Rafael S\u00e1nchez Gregorio<\/p><\/div>\n<p><span data-ccp-props=\"{&quot;201341983&quot;:0,&quot;335559739&quot;:0,&quot;335559740&quot;:240}\">\u00a0<\/span><\/p>\n","protected":false},"excerpt":{"rendered":"<p>M\u00e9xico ocupa el lugar 31 en la producci\u00f3n mundial de papa; Veracruz es el tercer mayor productor en el pa\u00eds y Perote el segundo en el estado <\/p>\n","protected":false},"author":1810,"featured_media":145391,"comment_status":"closed","ping_status":"closed","sticky":false,"template":"","format":"standard","meta":[],"categories":[15423,61,6299],"tags":[18094,5328,9217,2943,8930,15461,10111,4162,6592,18093,5472,4081,18096,11075,18095,83,18097,11902],"_links":{"self":[{"href":"https:\/\/www.uv.mx\/prensa\/wp-json\/wp\/v2\/posts\/145401"}],"collection":[{"href":"https:\/\/www.uv.mx\/prensa\/wp-json\/wp\/v2\/posts"}],"about":[{"href":"https:\/\/www.uv.mx\/prensa\/wp-json\/wp\/v2\/types\/post"}],"author":[{"embeddable":true,"href":"https:\/\/www.uv.mx\/prensa\/wp-json\/wp\/v2\/users\/1810"}],"replies":[{"embeddable":true,"href":"https:\/\/www.uv.mx\/prensa\/wp-json\/wp\/v2\/comments?post=145401"}],"version-history":[{"count":1,"href":"https:\/\/www.uv.mx\/prensa\/wp-json\/wp\/v2\/posts\/145401\/revisions"}],"predecessor-version":[{"id":145405,"href":"https:\/\/www.uv.mx\/prensa\/wp-json\/wp\/v2\/posts\/145401\/revisions\/145405"}],"wp:featuredmedia":[{"embeddable":true,"href":"https:\/\/www.uv.mx\/prensa\/wp-json\/wp\/v2\/media\/145391"}],"wp:attachment":[{"href":"https:\/\/www.uv.mx\/prensa\/wp-json\/wp\/v2\/media?parent=145401"}],"wp:term":[{"taxonomy":"category","embeddable":true,"href":"https:\/\/www.uv.mx\/prensa\/wp-json\/wp\/v2\/categories?post=145401"},{"taxonomy":"post_tag","embeddable":true,"href":"https:\/\/www.uv.mx\/prensa\/wp-json\/wp\/v2\/tags?post=145401"}],"curies":[{"name":"wp","href":"https:\/\/api.w.org\/{rel}","templated":true}]}}