{"id":145153,"date":"2024-06-27T18:55:50","date_gmt":"2024-06-27T23:55:50","guid":{"rendered":"https:\/\/www.uv.mx\/prensa\/?p=145153"},"modified":"2024-06-27T18:55:50","modified_gmt":"2024-06-27T23:55:50","slug":"uv-promueve-aprendizaje-de-habilidades-blandas-en-docentes-y-alumnos","status":"publish","type":"post","link":"https:\/\/www.uv.mx\/prensa\/banner\/uv-promueve-aprendizaje-de-habilidades-blandas-en-docentes-y-alumnos\/","title":{"rendered":"UV promueve aprendizaje de habilidades blandas en docentes y alumnos"},"content":{"rendered":"<ul>\n<li data-leveltext=\"\uf0b7\" data-font=\"Symbol\" data-listid=\"6\" data-list-defn-props=\"{&quot;335552541&quot;:1,&quot;335559685&quot;:720,&quot;335559991&quot;:360,&quot;469769226&quot;:&quot;Symbol&quot;,&quot;469769242&quot;:[8226],&quot;469777803&quot;:&quot;left&quot;,&quot;469777804&quot;:&quot;\uf0b7&quot;,&quot;469777815&quot;:&quot;hybridMultilevel&quot;}\" data-aria-posinset=\"1\" data-aria-level=\"1\"><i><span data-contrast=\"auto\">La instituci\u00f3n educativa realiz\u00f3 el taller \u201cBien consigo mismo, bien en la vida profesional\u201d, en el que participaron acad\u00e9micos y estudiantes de las cinco regiones universitarias<\/span><\/i><span data-ccp-props=\"{}\">\u00a0<\/span><\/li>\n<li data-leveltext=\"\uf0b7\" data-font=\"Symbol\" data-listid=\"6\" data-list-defn-props=\"{&quot;335552541&quot;:1,&quot;335559685&quot;:720,&quot;335559991&quot;:360,&quot;469769226&quot;:&quot;Symbol&quot;,&quot;469769242&quot;:[8226],&quot;469777803&quot;:&quot;left&quot;,&quot;469777804&quot;:&quot;\uf0b7&quot;,&quot;469777815&quot;:&quot;hybridMultilevel&quot;}\" data-aria-posinset=\"2\" data-aria-level=\"1\"><i><span data-contrast=\"auto\">La capacitaci\u00f3n tuvo como invitada especial a Faouzia Rejeb, catedr\u00e1tica de la Universidad Sorbonne Nouvelle, de Francia<\/span><\/i><span data-ccp-props=\"{}\">\u00a0<\/span><\/li>\n<\/ul>\n<p><span data-ccp-props=\"{}\">\u00a0<\/span><\/p>\n<div id=\"attachment_145127\" style=\"width: 732px\" class=\"wp-caption aligncenter\"><img loading=\"lazy\" decoding=\"async\" aria-describedby=\"caption-attachment-145127\" class=\"size-full wp-image-145127\" src=\"https:\/\/www.uv.mx\/prensa\/files\/2024\/06\/270624-CARLOS-Habilidades-blandas-1.jpg\" alt=\"El taller fue posible gracias al trabajo conjunto entre entidades y dependencias universitarias\" width=\"722\" height=\"401\" srcset=\"https:\/\/www.uv.mx\/prensa\/files\/2024\/06\/270624-CARLOS-Habilidades-blandas-1.jpg 722w, https:\/\/www.uv.mx\/prensa\/files\/2024\/06\/270624-CARLOS-Habilidades-blandas-1-300x167.jpg 300w\" sizes=\"auto, (max-width: 722px) 100vw, 722px\" \/><p id=\"caption-attachment-145127\" class=\"wp-caption-text\">El taller fue posible gracias al trabajo conjunto entre entidades y dependencias universitarias<\/p><\/div>\n<p>&nbsp;<\/p>\n<p><b><i><span data-contrast=\"auto\">Carlos Hugo Hermida Rosales<\/span><\/i><\/b><\/p>\n<p><b><i><span data-contrast=\"auto\">27\/06\/2024, Xalapa, Ver.-<\/span><\/i><\/b><span data-contrast=\"auto\"> La Universidad Veracruzana (UV), a trav\u00e9s de la Direcci\u00f3n General de Relaciones Internacionales (DGRI) y la Escuela para Estudiantes Extranjeros (EEE), realiz\u00f3 el taller de formaci\u00f3n en el desarrollo de habilidades blandas \u201cBien consigo mismo, bien en la vida profesional\u201d, en el que participaron docentes y alumnos de las \u00e1reas acad\u00e9micas de Humanidades, T\u00e9cnica y Ciencias de la Salud, provenientes de las cinco regiones universitarias.<\/span><span data-ccp-props=\"{}\">\u00a0<\/span><\/p>\n<p><span data-contrast=\"auto\">La capacitaci\u00f3n tuvo como invitada especial a Faouzia Rejeb, catedr\u00e1tica de la Universidad Sorbonne Nouvelle, de Francia, creadora del proyecto Mashup Culture, reconocido por la Organizaci\u00f3n de las Naciones Unidas para la Educaci\u00f3n, la Ciencia y la Cultura (UNESCO).<\/span><\/p>\n<div id=\"attachment_145128\" style=\"width: 732px\" class=\"wp-caption aligncenter\"><img loading=\"lazy\" decoding=\"async\" aria-describedby=\"caption-attachment-145128\" class=\"size-full wp-image-145128\" src=\"https:\/\/www.uv.mx\/prensa\/files\/2024\/06\/270624-CARLOS-Habilidades-blandas-2.jpg\" alt=\"En la capacitaci\u00f3n participaron docentes y estudiantes de las distintas \u00e1reas acad\u00e9micas \" width=\"722\" height=\"469\" srcset=\"https:\/\/www.uv.mx\/prensa\/files\/2024\/06\/270624-CARLOS-Habilidades-blandas-2.jpg 722w, https:\/\/www.uv.mx\/prensa\/files\/2024\/06\/270624-CARLOS-Habilidades-blandas-2-300x195.jpg 300w\" sizes=\"auto, (max-width: 722px) 100vw, 722px\" \/><p id=\"caption-attachment-145128\" class=\"wp-caption-text\">En la capacitaci\u00f3n participaron docentes y estudiantes de las distintas \u00e1reas acad\u00e9micas<\/p><\/div>\n<p>&nbsp;<\/p>\n<p><span data-contrast=\"auto\">Mar\u00eda Fernanda Heredia T\u00e9llez, docente de franc\u00e9s del Centro de Autoacceso de la Unidad de Servicios Bibliotecarios y de Informaci\u00f3n (USBI), afirm\u00f3 que el taller naci\u00f3 de la necesidad incluir habilidades blandas en el proceso educativo de los alumnos, pues son primordiales para ingresar al mercado laboral.<\/span><span data-ccp-props=\"{&quot;335559731&quot;:708}\">\u00a0<\/span><\/p>\n<p><span data-contrast=\"auto\">\u201cAunque estas competencias son innatas, pueden desarrollarse por medio de la pr\u00e1ctica y las relaciones interpersonales\u201d, asever\u00f3.\u00a0<\/span><\/p>\n<div id=\"attachment_145129\" style=\"width: 732px\" class=\"wp-caption aligncenter\"><img loading=\"lazy\" decoding=\"async\" aria-describedby=\"caption-attachment-145129\" class=\"size-full wp-image-145129\" src=\"https:\/\/www.uv.mx\/prensa\/files\/2024\/06\/270624-CARLOS-Habilidades-blandas-3.jpg\" alt=\"Mar\u00eda Fernanda Heredia T\u00e9llez, profesora de franc\u00e9s del Centro de Autoacceso \" width=\"722\" height=\"488\" srcset=\"https:\/\/www.uv.mx\/prensa\/files\/2024\/06\/270624-CARLOS-Habilidades-blandas-3.jpg 722w, https:\/\/www.uv.mx\/prensa\/files\/2024\/06\/270624-CARLOS-Habilidades-blandas-3-300x203.jpg 300w\" sizes=\"auto, (max-width: 722px) 100vw, 722px\" \/><p id=\"caption-attachment-145129\" class=\"wp-caption-text\">Mar\u00eda Fernanda Heredia T\u00e9llez, profesora de franc\u00e9s del Centro de Autoacceso<\/p><\/div>\n<p>&nbsp;<\/p>\n<p><span data-contrast=\"auto\">Celia Cristina Contreras Asturias, titular de la EEE, destac\u00f3 la importancia del trabajo colaborativo interdisciplinario y comparti\u00f3 que en la organizaci\u00f3n tambi\u00e9n apoyaron la jefatura de la Comisi\u00f3n de Acceso a la Movilidad en Am\u00e9rica Latina de la Agencia Universitaria de la Francofon\u00eda (AUF), y los espacios franc\u00f3fonos R\u00c9FRA-AUF-UV Poza Rica y CNF5.0 AUF-UV Xalapa.<\/span><span data-ccp-props=\"{&quot;335559731&quot;:708}\">\u00a0<\/span><\/p>\n<p><span data-contrast=\"auto\">La capacitaci\u00f3n se realiz\u00f3 en franc\u00e9s y todos los proyectos elaborados se presentaron en este idioma; se busca que los docentes asistentes reproduzcan lo aprendido en las entidades donde laboran.\u00a0<\/span><\/p>\n<div id=\"attachment_145130\" style=\"width: 732px\" class=\"wp-caption aligncenter\"><img loading=\"lazy\" decoding=\"async\" aria-describedby=\"caption-attachment-145130\" class=\"size-full wp-image-145130\" src=\"https:\/\/www.uv.mx\/prensa\/files\/2024\/06\/270624-CARLOS-Habilidades-blandas-4.jpg\" alt=\"Luc\u00eda Imelda Cruz C\u00e1rdenas, acad\u00e9mica de la regi\u00f3n Poza Rica-Tuxpan \" width=\"722\" height=\"418\" srcset=\"https:\/\/www.uv.mx\/prensa\/files\/2024\/06\/270624-CARLOS-Habilidades-blandas-4.jpg 722w, https:\/\/www.uv.mx\/prensa\/files\/2024\/06\/270624-CARLOS-Habilidades-blandas-4-300x174.jpg 300w\" sizes=\"auto, (max-width: 722px) 100vw, 722px\" \/><p id=\"caption-attachment-145130\" class=\"wp-caption-text\">Luc\u00eda Imelda Cruz C\u00e1rdenas, acad\u00e9mica de la regi\u00f3n Poza Rica-Tuxpan<\/p><\/div>\n<p>&nbsp;<\/p>\n<p><span data-contrast=\"auto\">Faouzia Rejeb enfatiz\u00f3 en la necesidad de que los j\u00f3venes expresen su singularidad, cohabiten entre culturas y respeten la diversidad.<\/span><span data-ccp-props=\"{&quot;335559731&quot;:708}\">\u00a0<\/span><\/p>\n<p><span data-contrast=\"auto\">\u201cEn Francia recibimos estudiantes de todas partes del mundo, y es fundamental que salgan de su burbuja, valoren y conozcan otras visiones para apreciar el entorno\u201d, declar\u00f3.\u00a0<\/span><\/p>\n<div id=\"attachment_145131\" style=\"width: 732px\" class=\"wp-caption aligncenter\"><img loading=\"lazy\" decoding=\"async\" aria-describedby=\"caption-attachment-145131\" class=\"size-full wp-image-145131\" src=\"https:\/\/www.uv.mx\/prensa\/files\/2024\/06\/270624-CARLOS-Habilidades-blandas-5.jpg\" alt=\"Faouzia Rejeb, facilitadora del taller de habilidades blandas\" width=\"722\" height=\"466\" srcset=\"https:\/\/www.uv.mx\/prensa\/files\/2024\/06\/270624-CARLOS-Habilidades-blandas-5.jpg 722w, https:\/\/www.uv.mx\/prensa\/files\/2024\/06\/270624-CARLOS-Habilidades-blandas-5-300x194.jpg 300w\" sizes=\"auto, (max-width: 722px) 100vw, 722px\" \/><p id=\"caption-attachment-145131\" class=\"wp-caption-text\">Faouzia Rejeb, facilitadora del taller de habilidades blandas<\/p><\/div>\n<p>&nbsp;<\/p>\n<p><span data-contrast=\"auto\">La tallerista confes\u00f3 que antes de venir a la UV sinti\u00f3 un poco de presi\u00f3n, porque nunca hab\u00eda desarrollado una capacitaci\u00f3n sobre habilidades blandas en un contexto distinto al franc\u00e9s.\u00a0<\/span><span data-ccp-props=\"{&quot;335559731&quot;:708}\">\u00a0<\/span><\/p>\n<p><span data-contrast=\"auto\">\u201cNo obstante, los resultados fueron satisfactorios pues existen muchos puntos en com\u00fan, los asistentes mostraron solidaridad y el tema tratado es universal\u201d, asegur\u00f3.\u00a0<\/span><\/p>\n<div id=\"attachment_145132\" style=\"width: 732px\" class=\"wp-caption aligncenter\"><img loading=\"lazy\" decoding=\"async\" aria-describedby=\"caption-attachment-145132\" class=\"size-full wp-image-145132\" src=\"https:\/\/www.uv.mx\/prensa\/files\/2024\/06\/270624-CARLOS-Habilidades-blandas-6.jpg\" alt=\"Agust\u00edn Gallardo del \u00c1ngel, docente de la Facultad de Instrumentaci\u00f3n Electr\u00f3nica \" width=\"722\" height=\"458\" srcset=\"https:\/\/www.uv.mx\/prensa\/files\/2024\/06\/270624-CARLOS-Habilidades-blandas-6.jpg 722w, https:\/\/www.uv.mx\/prensa\/files\/2024\/06\/270624-CARLOS-Habilidades-blandas-6-300x190.jpg 300w\" sizes=\"auto, (max-width: 722px) 100vw, 722px\" \/><p id=\"caption-attachment-145132\" class=\"wp-caption-text\">Agust\u00edn Gallardo del \u00c1ngel, docente de la Facultad de Instrumentaci\u00f3n Electr\u00f3nica<\/p><\/div>\n<p>&nbsp;<\/p>\n<p><span data-contrast=\"auto\">La catedr\u00e1tica asever\u00f3 que su estancia en Xalapa le dio la oportunidad de descubrir la riqueza de la cultura mexicana.\u00a0<\/span><span data-ccp-props=\"{&quot;335559731&quot;:708}\">\u00a0<\/span><\/p>\n<p><span data-contrast=\"auto\">Agust\u00edn Gallardo del \u00c1ngel, acad\u00e9mico de la Facultad de Instrumentaci\u00f3n Electr\u00f3nica, mencion\u00f3 que el curso le dio herramientas para introducir las habilidades blandas en la formaci\u00f3n de sus alumnos y dotarlos de empat\u00eda para resolver problem\u00e1ticas sociales.<\/span><\/p>\n<div id=\"attachment_145133\" style=\"width: 732px\" class=\"wp-caption aligncenter\"><img loading=\"lazy\" decoding=\"async\" aria-describedby=\"caption-attachment-145133\" class=\"size-full wp-image-145133\" src=\"https:\/\/www.uv.mx\/prensa\/files\/2024\/06\/270624-CARLOS-Habilidades-blandas-7.jpg\" alt=\"El taller form\u00f3 parte de los procesos de internacionalizaci\u00f3n solidaria de la UV\" width=\"722\" height=\"345\" srcset=\"https:\/\/www.uv.mx\/prensa\/files\/2024\/06\/270624-CARLOS-Habilidades-blandas-7.jpg 722w, https:\/\/www.uv.mx\/prensa\/files\/2024\/06\/270624-CARLOS-Habilidades-blandas-7-300x143.jpg 300w\" sizes=\"auto, (max-width: 722px) 100vw, 722px\" \/><p id=\"caption-attachment-145133\" class=\"wp-caption-text\">El taller form\u00f3 parte de los procesos de internacionalizaci\u00f3n solidaria de la UV<\/p><\/div>\n<p>&nbsp;<\/p>\n<p><span data-contrast=\"auto\">\u201cEn la mayor\u00eda de las carreras universitarias los maestros dejamos de lado las cuestiones humanas, que ser\u00e1n esenciales en el desenvolvimiento profesional de nuestros estudiantes\u201d, asegur\u00f3.\u00a0<\/span><span data-ccp-props=\"{&quot;335559731&quot;:708}\">\u00a0<\/span><\/p>\n<p><span data-contrast=\"auto\">Luc\u00eda Imelda Cruz C\u00e1rdenas, docente de Idiomas en la regi\u00f3n Poza Rica-Tuxpan, aplaudi\u00f3 esta iniciativa, pues aunque los maestros cuentan con formaci\u00f3n en did\u00e1ctica, pocas veces acceden a informaci\u00f3n como la manejada en el taller.\u00a0<\/span><span data-ccp-props=\"{&quot;335559731&quot;:708}\">\u00a0<\/span><\/p>\n<p><span data-contrast=\"auto\">\u201cLa capacitaci\u00f3n fluy\u00f3 de una excelente manera y la din\u00e1mica implementada permiti\u00f3 una gran retroalimentaci\u00f3n\u201d, afirm\u00f3.<\/span><span data-ccp-props=\"{&quot;335559731&quot;:708}\">\u00a0<\/span><\/p>\n","protected":false},"excerpt":{"rendered":"<p>A trav\u00e9s de la Direcci\u00f3n General de Relaciones Internacionales y la Escuela para Estudiantes Extranjeros <\/p>\n","protected":false},"author":1775,"featured_media":145134,"comment_status":"closed","ping_status":"closed","sticky":false,"template":"","format":"standard","meta":{"footnotes":""},"categories":[8455,15424,61],"tags":[3617,8182,4161,17967,11151,17966,17964,17963,193,1027,2020,2019,2126,3608,17965,17962,16026],"class_list":["post-145153","post","type-post","status-publish","format-standard","has-post-thumbnail","hentry","category-internacionalizacion","category-planta-academica","category-banner","tag-areas-academicas","tag-auf","tag-carlos-hugo-hermida-rosales","tag-carreras-universitarias","tag-centro-de-autoacceso","tag-comision-de-acceso-a-la-movilidad-en-america-latina-de-la-agencia-universitaria-de-la-francofonia","tag-de-francia","tag-desarrollo-de-habilidades-blandas","tag-dgri","tag-direccion-general-de-relaciones-internacionales","tag-eee","tag-escuela-para-estudiantes-extranjeros","tag-facultad-de-instrumentacion-electronica","tag-frances","tag-proyecto-mashup-culture","tag-taller-de-formacion","tag-universidad-sorbonne-nouvelle"],"_links":{"self":[{"href":"https:\/\/www.uv.mx\/prensa\/wp-json\/wp\/v2\/posts\/145153","targetHints":{"allow":["GET"]}}],"collection":[{"href":"https:\/\/www.uv.mx\/prensa\/wp-json\/wp\/v2\/posts"}],"about":[{"href":"https:\/\/www.uv.mx\/prensa\/wp-json\/wp\/v2\/types\/post"}],"author":[{"embeddable":true,"href":"https:\/\/www.uv.mx\/prensa\/wp-json\/wp\/v2\/users\/1775"}],"replies":[{"embeddable":true,"href":"https:\/\/www.uv.mx\/prensa\/wp-json\/wp\/v2\/comments?post=145153"}],"version-history":[{"count":1,"href":"https:\/\/www.uv.mx\/prensa\/wp-json\/wp\/v2\/posts\/145153\/revisions"}],"predecessor-version":[{"id":145155,"href":"https:\/\/www.uv.mx\/prensa\/wp-json\/wp\/v2\/posts\/145153\/revisions\/145155"}],"wp:featuredmedia":[{"embeddable":true,"href":"https:\/\/www.uv.mx\/prensa\/wp-json\/wp\/v2\/media\/145134"}],"wp:attachment":[{"href":"https:\/\/www.uv.mx\/prensa\/wp-json\/wp\/v2\/media?parent=145153"}],"wp:term":[{"taxonomy":"category","embeddable":true,"href":"https:\/\/www.uv.mx\/prensa\/wp-json\/wp\/v2\/categories?post=145153"},{"taxonomy":"post_tag","embeddable":true,"href":"https:\/\/www.uv.mx\/prensa\/wp-json\/wp\/v2\/tags?post=145153"}],"curies":[{"name":"wp","href":"https:\/\/api.w.org\/{rel}","templated":true}]}}