{"id":144876,"date":"2024-06-20T19:24:06","date_gmt":"2024-06-21T00:24:06","guid":{"rendered":"https:\/\/www.uv.mx\/prensa\/?p=144876"},"modified":"2024-06-20T19:24:06","modified_gmt":"2024-06-21T00:24:06","slug":"estudiantes-de-odontologia-minatitlan-dialogaron-con-el-rector","status":"publish","type":"post","link":"https:\/\/www.uv.mx\/prensa\/regiones\/estudiantes-de-odontologia-minatitlan-dialogaron-con-el-rector\/","title":{"rendered":"Estudiantes de Odontolog\u00eda-Minatitl\u00e1n dialogaron con el Rector"},"content":{"rendered":"<ul>\n<li data-leveltext=\"\uf0b7\" data-font=\"Symbol\" data-listid=\"6\" data-list-defn-props=\"{&quot;335552541&quot;:1,&quot;335559685&quot;:720,&quot;335559991&quot;:360,&quot;469769226&quot;:&quot;Symbol&quot;,&quot;469769242&quot;:[8226],&quot;469777803&quot;:&quot;left&quot;,&quot;469777804&quot;:&quot;\uf0b7&quot;,&quot;469777815&quot;:&quot;hybridMultilevel&quot;}\" data-aria-posinset=\"1\" data-aria-level=\"1\"><i><span data-contrast=\"auto\">Mart\u00edn Aguilar les explic\u00f3 que se trabaja en una gesti\u00f3n efectiva y eficiente de los recursos econ\u00f3micos destinados al mantenimiento y compra de equipos<\/span><\/i><span data-ccp-props=\"{}\">\u00a0<\/span><\/li>\n<\/ul>\n<ul>\n<li data-leveltext=\"\uf0b7\" data-font=\"Symbol\" data-listid=\"6\" data-list-defn-props=\"{&quot;335552541&quot;:1,&quot;335559685&quot;:720,&quot;335559991&quot;:360,&quot;469769226&quot;:&quot;Symbol&quot;,&quot;469769242&quot;:[8226],&quot;469777803&quot;:&quot;left&quot;,&quot;469777804&quot;:&quot;\uf0b7&quot;,&quot;469777815&quot;:&quot;hybridMultilevel&quot;}\" data-aria-posinset=\"2\" data-aria-level=\"1\"><i><span data-contrast=\"auto\">La comunidad reconoci\u00f3 la ayuda brindada, y solicit\u00f3 mayor atenci\u00f3n a la crisis h\u00eddrica y de suministro de energ\u00eda el\u00e9ctrica\u00a0<\/span><\/i><span data-ccp-props=\"{}\">\u00a0<\/span><\/li>\n<\/ul>\n<p><span data-ccp-props=\"{&quot;335559685&quot;:720}\">\u00a0<\/span><\/p>\n<div id=\"attachment_144868\" style=\"width: 732px\" class=\"wp-caption aligncenter\"><img aria-describedby=\"caption-attachment-144868\" decoding=\"async\" loading=\"lazy\" class=\"size-full wp-image-144868\" src=\"https:\/\/www.uv.mx\/prensa\/files\/2024\/06\/200624-CARLOS-Reunion-de-seguimiento-Facultad-de-Odontologia-1-100k.jpg\" alt=\"\" width=\"722\" height=\"481\" srcset=\"https:\/\/www.uv.mx\/prensa\/files\/2024\/06\/200624-CARLOS-Reunion-de-seguimiento-Facultad-de-Odontologia-1-100k.jpg 722w, https:\/\/www.uv.mx\/prensa\/files\/2024\/06\/200624-CARLOS-Reunion-de-seguimiento-Facultad-de-Odontologia-1-100k-300x200.jpg 300w\" sizes=\"(max-width: 722px) 100vw, 722px\" \/><p id=\"caption-attachment-144868\" class=\"wp-caption-text\">Autoridades de la UV dialogaron con las y los estudiantes de Odontolog\u00eda en Minatitl\u00e1n<\/p><\/div>\n<p><span data-ccp-props=\"{}\">\u00a0<\/span><\/p>\n<p><b><i><span data-contrast=\"auto\">Carlos Hugo Hermida Rosales<\/span><\/i><\/b><span data-ccp-props=\"{}\">\u00a0<\/span><\/p>\n<p><b><i><span data-contrast=\"auto\">Fotos: C\u00e9sar Pisil Ramos<\/span><\/i><\/b><span data-ccp-props=\"{}\">\u00a0<\/span><\/p>\n<p><span data-ccp-props=\"{}\">\u00a0<\/span><\/p>\n<p><b><i><span data-contrast=\"auto\">20\/06\/2024, Minatitl\u00e1n, Ver<\/span><\/i><\/b><span data-contrast=\"auto\">.<\/span><i><span data-contrast=\"auto\">&#8211;<\/span><\/i><span data-contrast=\"auto\"> En el primer d\u00eda de actividades de la gira de trabajo que realiza en la regi\u00f3n Coatzacoalcos-Minatitl\u00e1n de la Universidad Veracruzana (UV), Mart\u00edn Aguilar S\u00e1nchez, rector de la instituci\u00f3n, escuch\u00f3 y dialog\u00f3 con estudiantes de la Facultad de Odontolog\u00eda, quienes agradecieron el espacio para dar a conocer sus necesidades e inquietudes.<\/span><span data-ccp-props=\"{}\">\u00a0<\/span><\/p>\n<p><span data-contrast=\"auto\">El Rector de la UV coment\u00f3 que, aunque en el pasado la comunidad universitaria de esta regi\u00f3n se consideraba olvidada, ahora est\u00e1 incorporada a todos los procesos, lo cual ha permitido al alumnado, docentes e investigadores sobresalir en diversos \u00e1mbitos.\u00a0<\/span><span data-ccp-props=\"{&quot;335559731&quot;:708}\">\u00a0<\/span><\/p>\n<p><span data-contrast=\"auto\">Explic\u00f3 que la actual administraci\u00f3n trabaja en una gesti\u00f3n efectiva y eficiente de los recursos econ\u00f3micos destinados al mantenimiento y compra de equipos necesarios para la formaci\u00f3n acad\u00e9mica, as\u00ed como en la b\u00fasqueda de soluciones ante la falta de agua y energ\u00eda el\u00e9ctrica, con puntual atenci\u00f3n a la problem\u00e1tica ocasionada por el cambio clim\u00e1tico.\u00a0<\/span><span data-ccp-props=\"{&quot;335559731&quot;:708}\">\u00a0<\/span><\/p>\n<p><span data-contrast=\"auto\">\u201cEsta labor se lleva a cabo mediante licitaciones, para brindar transparencia y garantizar que el gasto sea bien utilizado\u201d, asegur\u00f3.\u00a0<\/span><span data-ccp-props=\"{&quot;335559731&quot;:708}\">\u00a0<\/span><\/p>\n<p><span data-contrast=\"auto\">\u00a0Mart\u00edn Aguilar destac\u00f3 los avances en las obras de la Cl\u00ednica de Admisi\u00f3n y el Laboratorio de Simulaci\u00f3n solicitadas por la comunidad estudiantil en reuniones pasadas, y coment\u00f3 que, aunque j\u00f3venes de generaciones anteriores declinaron la propuesta de creaci\u00f3n de un comedor universitario, se valorar\u00e1 nuevamente, pues ahora se cuenta con la necesidad de un espacio que provea a los alumnos de alimentos saludables.<\/span><span data-ccp-props=\"{}\">\u00a0<\/span><\/p>\n<p><span data-ccp-props=\"{}\">\u00a0<\/span><\/p>\n<div id=\"attachment_144875\" style=\"width: 732px\" class=\"wp-caption aligncenter\"><img aria-describedby=\"caption-attachment-144875\" decoding=\"async\" loading=\"lazy\" class=\"size-full wp-image-144875\" src=\"https:\/\/www.uv.mx\/prensa\/files\/2024\/06\/200624-CARLOS-Reunion-de-seguimiento-Facultad-de-Odontologia-5-min-e1718921620373.jpg\" alt=\"\" width=\"722\" height=\"480\" srcset=\"https:\/\/www.uv.mx\/prensa\/files\/2024\/06\/200624-CARLOS-Reunion-de-seguimiento-Facultad-de-Odontologia-5-min-e1718921620373.jpg 722w, https:\/\/www.uv.mx\/prensa\/files\/2024\/06\/200624-CARLOS-Reunion-de-seguimiento-Facultad-de-Odontologia-5-min-e1718921620373-300x199.jpg 300w\" sizes=\"(max-width: 722px) 100vw, 722px\" \/><p id=\"caption-attachment-144875\" class=\"wp-caption-text\">Mart\u00edn Aguilar destac\u00f3 los avances de obras en la regi\u00f3n<\/p><\/div>\n<p>&nbsp;<\/p>\n<p><b><span data-contrast=\"auto\">Comunicaci\u00f3n directa<\/span><\/b><span data-ccp-props=\"{}\">\u00a0<\/span><\/p>\n<p><span data-contrast=\"auto\">Luz Mariely Ruiz P\u00e9rez, consejera alumna de la entidad acad\u00e9mica, celebr\u00f3 que se realizara este encuentro el espacio, pues considera que es de suma importancia se establezcan los canales necesarios para una \u00f3ptima comunicaci\u00f3n y visibilizaci\u00f3n de sus inquietudes.\u00a0<\/span><span data-ccp-props=\"{}\">\u00a0<\/span><\/p>\n<p><span data-contrast=\"auto\">Comparti\u00f3 que, aunque los estudiantes tienen acceso a infraestructura y la Facultad de Odontolog\u00eda les apoya con insumos dentro de sus posibilidades, la ausencia de servicios de agua y luz fue detonante para buscar un acercamiento con las autoridades.<\/span><span data-ccp-props=\"{&quot;335559731&quot;:708}\">\u00a0<\/span><\/p>\n<p><span data-contrast=\"auto\">La joven destac\u00f3 el apoyo de las autoridades universitarias en la adecuaci\u00f3n del equipo, pero enfatiz\u00f3 en la necesidad de contar con mayor cantidad de material m\u00e9dico, pues los alumnos atienden diariamente a muchos pacientes en sus pr\u00e1cticas.<\/span><\/p>\n<p>&nbsp;<\/p>\n<div id=\"attachment_144871\" style=\"width: 732px\" class=\"wp-caption aligncenter\"><img aria-describedby=\"caption-attachment-144871\" decoding=\"async\" loading=\"lazy\" class=\"size-full wp-image-144871\" src=\"https:\/\/www.uv.mx\/prensa\/files\/2024\/06\/200624-CARLOS-Reunion-de-seguimiento-Facultad-de-Odontologia-4-100k.jpg\" alt=\"\" width=\"722\" height=\"481\" srcset=\"https:\/\/www.uv.mx\/prensa\/files\/2024\/06\/200624-CARLOS-Reunion-de-seguimiento-Facultad-de-Odontologia-4-100k.jpg 722w, https:\/\/www.uv.mx\/prensa\/files\/2024\/06\/200624-CARLOS-Reunion-de-seguimiento-Facultad-de-Odontologia-4-100k-300x200.jpg 300w\" sizes=\"(max-width: 722px) 100vw, 722px\" \/><p id=\"caption-attachment-144871\" class=\"wp-caption-text\">Luz Mariely Ruiz P\u00e9rez, consejera alumna de la Facultad de Odontolog\u00eda<\/p><\/div>\n<p><span data-ccp-props=\"{&quot;335559731&quot;:708}\">\u00a0<\/span><\/p>\n<p>&nbsp;<\/p>\n<p><span data-contrast=\"auto\">Itzel Copto Castro, estudiante de la Licenciatura en Cirujano Dentista, solicit\u00f3 brindar un mantenimiento eficaz a las autoclaves, pues son indispensables para esterilizar instrumentos quir\u00fargicos que se usan al intervenir a las personas.\u00a0<\/span><span data-ccp-props=\"{&quot;335559731&quot;:708}\">\u00a0<\/span><\/p>\n<p><span data-contrast=\"auto\">Igualmente pidi\u00f3 la creaci\u00f3n de lugares donde descansar entre clases y protegerse del calor extremo, porque los que existen son insuficientes.<\/span><span data-ccp-props=\"{&quot;335559731&quot;:708}\">\u00a0<\/span><\/p>\n<p><span data-contrast=\"auto\">A su vez, Eduardo Pablo G\u00f3mez, quien cursa el mismo programa educativo, enfatiz\u00f3 en la necesidad de ampliar la Unidad de Servicios Bibliotecarios y de Informaci\u00f3n del Campus Minatitl\u00e1n, ya que muchos alumnos acuden all\u00ed para realizar sus tareas, proyectos y trabajos recepcionales, y en ocasiones no encuentran cupo.<\/span><\/p>\n<p>&nbsp;<\/p>\n<div id=\"attachment_144870\" style=\"width: 732px\" class=\"wp-caption aligncenter\"><img aria-describedby=\"caption-attachment-144870\" decoding=\"async\" loading=\"lazy\" class=\"size-full wp-image-144870\" src=\"https:\/\/www.uv.mx\/prensa\/files\/2024\/06\/200624-CARLOS-Reunion-de-seguimiento-Facultad-de-Odontologia-3-100k.jpg\" alt=\"\" width=\"722\" height=\"481\" srcset=\"https:\/\/www.uv.mx\/prensa\/files\/2024\/06\/200624-CARLOS-Reunion-de-seguimiento-Facultad-de-Odontologia-3-100k.jpg 722w, https:\/\/www.uv.mx\/prensa\/files\/2024\/06\/200624-CARLOS-Reunion-de-seguimiento-Facultad-de-Odontologia-3-100k-300x200.jpg 300w\" sizes=\"(max-width: 722px) 100vw, 722px\" \/><p id=\"caption-attachment-144870\" class=\"wp-caption-text\">V\u00edctor Manuel Quirarte Echavarr\u00eda, director de la Facultad de Odontolog\u00eda<\/p><\/div>\n<p>&nbsp;<\/p>\n<p><span data-contrast=\"auto\">V\u00edctor Manuel Quirarte Echavarr\u00eda, director de la Facultad de Odontolog\u00eda, agradeci\u00f3 la visita del Rector y las autoridades universitarias, y el di\u00e1logo con estudiantes de la entidad.<\/span><span data-ccp-props=\"{&quot;335559731&quot;:708}\">\u00a0<\/span><\/p>\n<p><span data-contrast=\"auto\">\u201cSe que sus puestos conllevan una gran carga de trabajo, por lo cual espacios de este tipo son muy bienvenidos\u201d, asegur\u00f3.\u00a0<\/span><span data-ccp-props=\"{&quot;335559731&quot;:708}\">\u00a0<\/span><\/p>\n<p><span data-ccp-props=\"{}\">\u00a0<\/span><\/p>\n","protected":false},"excerpt":{"rendered":"<p>Las y los estudiantes agradecieron el espacio para dialogar y conocer directamente sus necesidades e inquietudes\u00a0<\/p>\n","protected":false},"author":2349,"featured_media":144872,"comment_status":"closed","ping_status":"closed","sticky":false,"template":"","format":"standard","meta":[],"categories":[52,15423,61,5174,32],"tags":[3266,17836,4161,6263,7724,4996,5246,17834,12768,196,17833,5763,17835,17832,13315,13732,1952,13058,7573],"_links":{"self":[{"href":"https:\/\/www.uv.mx\/prensa\/wp-json\/wp\/v2\/posts\/144876"}],"collection":[{"href":"https:\/\/www.uv.mx\/prensa\/wp-json\/wp\/v2\/posts"}],"about":[{"href":"https:\/\/www.uv.mx\/prensa\/wp-json\/wp\/v2\/types\/post"}],"author":[{"embeddable":true,"href":"https:\/\/www.uv.mx\/prensa\/wp-json\/wp\/v2\/users\/2349"}],"replies":[{"embeddable":true,"href":"https:\/\/www.uv.mx\/prensa\/wp-json\/wp\/v2\/comments?post=144876"}],"version-history":[{"count":1,"href":"https:\/\/www.uv.mx\/prensa\/wp-json\/wp\/v2\/posts\/144876\/revisions"}],"predecessor-version":[{"id":144878,"href":"https:\/\/www.uv.mx\/prensa\/wp-json\/wp\/v2\/posts\/144876\/revisions\/144878"}],"wp:featuredmedia":[{"embeddable":true,"href":"https:\/\/www.uv.mx\/prensa\/wp-json\/wp\/v2\/media\/144872"}],"wp:attachment":[{"href":"https:\/\/www.uv.mx\/prensa\/wp-json\/wp\/v2\/media?parent=144876"}],"wp:term":[{"taxonomy":"category","embeddable":true,"href":"https:\/\/www.uv.mx\/prensa\/wp-json\/wp\/v2\/categories?post=144876"},{"taxonomy":"post_tag","embeddable":true,"href":"https:\/\/www.uv.mx\/prensa\/wp-json\/wp\/v2\/tags?post=144876"}],"curies":[{"name":"wp","href":"https:\/\/api.w.org\/{rel}","templated":true}]}}