{"id":144698,"date":"2024-06-14T20:37:42","date_gmt":"2024-06-15T01:37:42","guid":{"rendered":"https:\/\/www.uv.mx\/prensa\/?p=144698"},"modified":"2024-06-14T20:37:42","modified_gmt":"2024-06-15T01:37:42","slug":"necesario-disenar-espacios-publicos-con-perspectiva-de-genero","status":"publish","type":"post","link":"https:\/\/www.uv.mx\/prensa\/banner\/necesario-disenar-espacios-publicos-con-perspectiva-de-genero\/","title":{"rendered":"Necesario dise\u00f1ar espacios p\u00fablicos con perspectiva de g\u00e9nero"},"content":{"rendered":"<ul>\n<li data-leveltext=\"\uf0b7\" data-font=\"Symbol\" data-listid=\"2\" data-list-defn-props=\"{&quot;335552541&quot;:1,&quot;335559685&quot;:720,&quot;335559991&quot;:360,&quot;469769226&quot;:&quot;Symbol&quot;,&quot;469769242&quot;:[8226],&quot;469777803&quot;:&quot;left&quot;,&quot;469777804&quot;:&quot;\uf0b7&quot;,&quot;469777815&quot;:&quot;hybridMultilevel&quot;}\" data-aria-posinset=\"1\" data-aria-level=\"1\"><i><span data-contrast=\"auto\">Harmida Rubio,<\/span><\/i> <i><span data-contrast=\"auto\">profesora de la Facultad de Arquitectura UV, coment\u00f3 que, al ser inaccesibles, s\u00f3lo recalca los privilegios de unos y las opresiones de otros<\/span><\/i><span data-ccp-props=\"{}\">\u00a0<\/span><\/li>\n<\/ul>\n<p><span data-ccp-props=\"{}\">\u00a0<\/span><\/p>\n<div id=\"attachment_144661\" style=\"width: 732px\" class=\"wp-caption aligncenter\"><img loading=\"lazy\" decoding=\"async\" aria-describedby=\"caption-attachment-144661\" class=\"size-full wp-image-144661\" src=\"https:\/\/www.uv.mx\/prensa\/files\/2024\/06\/140624-PAOLA-Espacios-publicos-1-ok.jpg\" alt=\"\" width=\"722\" height=\"454\" srcset=\"https:\/\/www.uv.mx\/prensa\/files\/2024\/06\/140624-PAOLA-Espacios-publicos-1-ok.jpg 722w, https:\/\/www.uv.mx\/prensa\/files\/2024\/06\/140624-PAOLA-Espacios-publicos-1-ok-300x189.jpg 300w, https:\/\/www.uv.mx\/prensa\/files\/2024\/06\/140624-PAOLA-Espacios-publicos-1-ok-200x125.jpg 200w\" sizes=\"auto, (max-width: 722px) 100vw, 722px\" \/><p id=\"caption-attachment-144661\" class=\"wp-caption-text\">Harmida Rubio Guti\u00e9rrez, profesora de la Facultad de Arquitectura<\/p><\/div>\n<p><span data-ccp-props=\"{}\">\u00a0<\/span><\/p>\n<p><b><i><span data-contrast=\"auto\">Paola Cort\u00e9s P\u00e9rez<\/span><\/i><\/b><span data-ccp-props=\"{}\">\u00a0<\/span><\/p>\n<p><b><i><span data-contrast=\"auto\">Fotos: Omar Portilla Palacios<\/span><\/i><\/b><span data-ccp-props=\"{}\">\u00a0<\/span><\/p>\n<p><span data-ccp-props=\"{}\">\u00a0<\/span><\/p>\n<p><b><i><span data-contrast=\"auto\">14\/06\/2024, Xalapa, Ver.-<\/span><\/i><\/b><span data-contrast=\"auto\"> Los espacios p\u00fablicos reflejan las desigualdades sociales y los ejercicios de poder, de ah\u00ed la necesidad de dise\u00f1arlos con perspectiva de g\u00e9nero e interseccional, se\u00f1al\u00f3 Harmida Rubio Guti\u00e9rrez, profesora de la Facultad de Arquitectura de la Universidad Veracruzana (UV).<\/span><span data-ccp-props=\"{}\">\u00a0<\/span><\/p>\n<p><span data-contrast=\"auto\">La acad\u00e9mica explic\u00f3 que el espacio p\u00fablico consiste en aquellos lugares en los que las personas conviven abierta y cotidianamente de manera comunitaria, por ejemplo las calles, parques o plazas.<\/span><span data-ccp-props=\"{&quot;335559731&quot;:708}\">\u00a0<\/span><\/p>\n<p><span data-contrast=\"auto\">De tal manera, coment\u00f3, se debe cuidar que sean igual de accesibles y seguros para mujeres y varones, as\u00ed como para la poblaci\u00f3n de la diversidad sexual, ya que \u201clas diferencias recalcan los privilegios de unos y las opresiones de los otros\u201d.<\/span><span data-ccp-props=\"{&quot;335559731&quot;:708}\">\u00a0<\/span><\/p>\n<p><span data-contrast=\"auto\">Entonces, reiter\u00f3, un espacio p\u00fablico con perspectiva de g\u00e9nero \u2013desde la arquitectura\u2013 es hacerlo accesible para todos los sectores sociales sin importar su g\u00e9nero, edad, condici\u00f3n econ\u00f3mica y cultural.<\/span><span data-ccp-props=\"{&quot;335559731&quot;:708}\">\u00a0<\/span><\/p>\n<p><span data-contrast=\"auto\">Lo cierto, dijo, es que se ha hecho un an\u00e1lisis de los existentes actualmente y han observado que, en general, est\u00e1n dise\u00f1ados para una \u00e9lite, para una hegemon\u00eda social y personas espec\u00edficas, dejando \u201cen una esquinita\u201d al resto de los sectores sociales.<\/span><span data-ccp-props=\"{&quot;335559731&quot;:708}\">\u00a0<\/span><\/p>\n<p><span data-contrast=\"auto\">\u201cEn esta sociedad patriarcal, a las mujeres se nos asignan ciertas tareas, casi siempre relacionadas con el cuidado de terceras personas, la crianza de las infancias y la limpieza; sin embargo, el espacio p\u00fablico no est\u00e1 dise\u00f1ado desde la perspectiva de g\u00e9nero, lo que dificulta que ellas puedan desempe\u00f1ar sus actividades.<\/span><\/p>\n<p>&nbsp;<\/p>\n<div id=\"attachment_144662\" style=\"width: 732px\" class=\"wp-caption aligncenter\"><img loading=\"lazy\" decoding=\"async\" aria-describedby=\"caption-attachment-144662\" class=\"size-full wp-image-144662\" src=\"https:\/\/www.uv.mx\/prensa\/files\/2024\/06\/140624-PAOLA-Espacios-publicos-2-ok.jpg\" alt=\"\" width=\"722\" height=\"474\" srcset=\"https:\/\/www.uv.mx\/prensa\/files\/2024\/06\/140624-PAOLA-Espacios-publicos-2-ok.jpg 722w, https:\/\/www.uv.mx\/prensa\/files\/2024\/06\/140624-PAOLA-Espacios-publicos-2-ok-300x197.jpg 300w\" sizes=\"auto, (max-width: 722px) 100vw, 722px\" \/><p id=\"caption-attachment-144662\" class=\"wp-caption-text\">La docente dijo que deben planificarse los espacios, considerando a todos los sectores sociales para hacerlos accesibles e igualitarios<\/p><\/div>\n<p><span data-ccp-props=\"{&quot;335559731&quot;:708}\">\u00a0<\/span><\/p>\n<p><span data-contrast=\"auto\">\u201dPor lo tanto, en la planificaci\u00f3n de estos no s\u00f3lo deben considerarse las diferencias entre hombres, mujeres, ind\u00edgenas, personas no binarias y de la comunidad LGBTTTIQ+, sino tambi\u00e9n las caracter\u00edsticas f\u00edsicas, sociales y culturales de las personas.\u201d<\/span><span data-ccp-props=\"{&quot;335559731&quot;:708}\">\u00a0<\/span><\/p>\n<p><span data-contrast=\"auto\">La tambi\u00e9n Coordinadora del cuerpo acad\u00e9mico (CA) Entornos Sustentables, de la Facultad de Arquitectura, destac\u00f3 que construir espacios igualitarios, c\u00f3modos y dignos para todas las personas, ayuda a tener una sociedad m\u00e1s igualitaria y equitativa, porque la experiencia del h\u00e1bitat se espejea con el avance social.<\/span><span data-ccp-props=\"{&quot;335559731&quot;:708}\">\u00a0<\/span><\/p>\n<p><span data-contrast=\"auto\">Por ello, del 19 al 27 de junio, Educaci\u00f3n Continua de la UV impartir\u00e1 el curso intitulado \u201cDise\u00f1o de espacios p\u00fablicos con perspectiva de g\u00e9nero\u201d, que se realizar\u00e1 en cinco sesiones y est\u00e1 dirigido a estudiantes, docentes y p\u00fablico en general, sin considerar el \u00e1rea disciplinar de formaci\u00f3n.<\/span><span data-ccp-props=\"{&quot;335559731&quot;:708}\">\u00a0<\/span><\/p>\n<p><span data-contrast=\"auto\">\u201cAnalizaremos y haremos un diagn\u00f3stico de las diferencias, a partir de esto cada uno de los participantes har\u00e1n su propuesta dependiendo del \u00e1rea acad\u00e9mica a la que pertenecen.\u201d<\/span><span data-ccp-props=\"{&quot;335559731&quot;:708}\">\u00a0<\/span><\/p>\n<p><span data-contrast=\"auto\">Para mayor informaci\u00f3n sobre las inscripciones pueden enviar un correo electr\u00f3nico a <\/span><a href=\"mailto:glamartinez@uv.mx\"><span data-contrast=\"none\">glamartinez@uv.mx<\/span><\/a><span data-contrast=\"auto\">; el cupo es limitado a 20 participantes.<\/span><span data-ccp-props=\"{&quot;335559731&quot;:708}\">\u00a0<\/span><\/p>\n","protected":false},"excerpt":{"rendered":"<p> Acad\u00e9mica de la UV dijo que deben ser c\u00f3modos y dignos para todas las personas, ya que la experiencia del h\u00e1bitat se espejea con el avance social\u00a0<\/p>\n","protected":false},"author":2349,"featured_media":144663,"comment_status":"closed","ping_status":"closed","sticky":false,"template":"","format":"standard","meta":{"footnotes":""},"categories":[8445,15424,61],"tags":[17747,10512,5951,11798,5822,12709,17748,419,6462,4164,2505,15419,17746],"class_list":["post-144698","post","type-post","status-publish","format-standard","has-post-thumbnail","hentry","category-inclusion","category-planta-academica","category-banner","tag-accesible","tag-desigualdad","tag-diseno","tag-diversidad-sexual","tag-educacion-continua","tag-espacio-publico","tag-espacios-igualitarios","tag-facultad-de-arquitectura","tag-omar-portilla-palacios","tag-paola-cortes-perez","tag-perspectiva-de-genero","tag-poder","tag-sectores-sociales"],"_links":{"self":[{"href":"https:\/\/www.uv.mx\/prensa\/wp-json\/wp\/v2\/posts\/144698","targetHints":{"allow":["GET"]}}],"collection":[{"href":"https:\/\/www.uv.mx\/prensa\/wp-json\/wp\/v2\/posts"}],"about":[{"href":"https:\/\/www.uv.mx\/prensa\/wp-json\/wp\/v2\/types\/post"}],"author":[{"embeddable":true,"href":"https:\/\/www.uv.mx\/prensa\/wp-json\/wp\/v2\/users\/2349"}],"replies":[{"embeddable":true,"href":"https:\/\/www.uv.mx\/prensa\/wp-json\/wp\/v2\/comments?post=144698"}],"version-history":[{"count":1,"href":"https:\/\/www.uv.mx\/prensa\/wp-json\/wp\/v2\/posts\/144698\/revisions"}],"predecessor-version":[{"id":144699,"href":"https:\/\/www.uv.mx\/prensa\/wp-json\/wp\/v2\/posts\/144698\/revisions\/144699"}],"wp:featuredmedia":[{"embeddable":true,"href":"https:\/\/www.uv.mx\/prensa\/wp-json\/wp\/v2\/media\/144663"}],"wp:attachment":[{"href":"https:\/\/www.uv.mx\/prensa\/wp-json\/wp\/v2\/media?parent=144698"}],"wp:term":[{"taxonomy":"category","embeddable":true,"href":"https:\/\/www.uv.mx\/prensa\/wp-json\/wp\/v2\/categories?post=144698"},{"taxonomy":"post_tag","embeddable":true,"href":"https:\/\/www.uv.mx\/prensa\/wp-json\/wp\/v2\/tags?post=144698"}],"curies":[{"name":"wp","href":"https:\/\/api.w.org\/{rel}","templated":true}]}}